{"id":13009,"date":"2012-06-22T05:39:32","date_gmt":"2012-06-22T04:39:32","guid":{"rendered":"http:\/\/www.jeanpierrevangorp.info\/site\/?p=13009"},"modified":"2012-06-07T16:41:30","modified_gmt":"2012-06-07T15:41:30","slug":"inauguration-de-lantenne-du-contrat-de-quartier-durable-coteaux-josaphat","status":"publish","type":"post","link":"https:\/\/www.jeanpierrevangorp.info\/site\/inauguration-de-lantenne-du-contrat-de-quartier-durable-coteaux-josaphat\/","title":{"rendered":"Inauguration de l&rsquo;antenne du contrat de quartier durable \u00ab\u00a0Coteaux-Josaphat\u00a0\u00bb"},"content":{"rendered":"<p style=\"text-align: center;\"><a href=\"https:\/\/www.jeanpierrevangorp.info\/site\/?attachment_id=13010\" rel=\"attachment wp-att-13010\"><img loading=\"lazy\" decoding=\"async\" class=\"aligncenter size-full wp-image-13010\" title=\"untitledk\" src=\"https:\/\/www.jeanpierrevangorp.info\/site\/wp-content\/uploads\/2012\/06\/untitledk.bmp\" alt=\"\" width=\"465\" height=\"348\" \/><\/a><\/p>\n<p>Gr\u00e2ce \u00e0 la <strong>R\u00e9gion de Bruxelles-Capitale<\/strong>, la <strong>Commune de Schaerbeek<\/strong> a d\u00e9j\u00e0 pu b\u00e9n\u00e9ficier de 9 contrats de quartier. L\u2019antenne du <strong>contrat du quartier durable \u00ab Coteaux Josaphat \u00bb<\/strong> est install\u00e9e<strong> rue Geefs, 27<\/strong>. C\u2019est un lieu d\u2019information ouvert \u00e0 tous les habitants du p\u00e9rim\u00e8tre d\u00e9fini par le contrat de quartier. L\u2019inauguration aura lieu le <strong>mardi 26 juin 2012<\/strong> \u00e0 partir de <strong>17 heures<\/strong>, l\u2019occasion de rencontrer <strong>l\u2019\u00e9quipe de RenovaS<\/strong> qui g\u00e8re le programme et de poser vos questions.<\/p>\n","protected":false},"excerpt":{"rendered":"<p>Gr\u00e2ce \u00e0 la R\u00e9gion de Bruxelles-Capitale, la Commune de Schaerbeek a d\u00e9j\u00e0 pu b\u00e9n\u00e9ficier de 9 contrats de quartier. L\u2019antenne du contrat du quartier durable \u00ab Coteaux Josaphat \u00bb est install\u00e9e rue Geefs, 27. C\u2019est un lieu d\u2019information ouvert \u00e0 tous les habitants du p\u00e9rim\u00e8tre d\u00e9fini par le contrat de quartier. L\u2019inauguration aura lieu le [&hellip;]<\/p>\n","protected":false},"author":1,"featured_media":0,"comment_status":"closed","ping_status":"closed","sticky":false,"template":"","format":"standard","meta":{"footnotes":""},"categories":[1],"tags":[],"class_list":["post-13009","post","type-post","status-publish","format-standard","hentry","category-conseilcommunal","has-post-title","has-post-date","has-post-category","has-post-tag","has-post-comment","has-post-author",""],"builder_content":"","_links":{"self":[{"href":"https:\/\/www.jeanpierrevangorp.info\/site\/wp-json\/wp\/v2\/posts\/13009"}],"collection":[{"href":"https:\/\/www.jeanpierrevangorp.info\/site\/wp-json\/wp\/v2\/posts"}],"about":[{"href":"https:\/\/www.jeanpierrevangorp.info\/site\/wp-json\/wp\/v2\/types\/post"}],"author":[{"embeddable":true,"href":"https:\/\/www.jeanpierrevangorp.info\/site\/wp-json\/wp\/v2\/users\/1"}],"replies":[{"embeddable":true,"href":"https:\/\/www.jeanpierrevangorp.info\/site\/wp-json\/wp\/v2\/comments?post=13009"}],"version-history":[{"count":4,"href":"https:\/\/www.jeanpierrevangorp.info\/site\/wp-json\/wp\/v2\/posts\/13009\/revisions"}],"predecessor-version":[{"id":13014,"href":"https:\/\/www.jeanpierrevangorp.info\/site\/wp-json\/wp\/v2\/posts\/13009\/revisions\/13014"}],"wp:attachment":[{"href":"https:\/\/www.jeanpierrevangorp.info\/site\/wp-json\/wp\/v2\/media?parent=13009"}],"wp:term":[{"taxonomy":"category","embeddable":true,"href":"https:\/\/www.jeanpierrevangorp.info\/site\/wp-json\/wp\/v2\/categories?post=13009"},{"taxonomy":"post_tag","embeddable":true,"href":"https:\/\/www.jeanpierrevangorp.info\/site\/wp-json\/wp\/v2\/tags?post=13009"}],"curies":[{"name":"wp","href":"https:\/\/api.w.org\/{rel}","templated":true}]}}