{"id":13393,"date":"2012-06-19T05:52:23","date_gmt":"2012-06-19T04:52:23","guid":{"rendered":"http:\/\/www.jeanpierrevangorp.info\/site\/?p=13393"},"modified":"2012-06-18T16:55:19","modified_gmt":"2012-06-18T15:55:19","slug":"linauguration-du-koban-rue-brichaut-annulee","status":"publish","type":"post","link":"https:\/\/www.jeanpierrevangorp.info\/site\/linauguration-du-koban-rue-brichaut-annulee\/","title":{"rendered":"L&rsquo;inauguration du koban rue Brichaut annul\u00e9e"},"content":{"rendered":"<p style=\"text-align: center;\"><a href=\"https:\/\/www.jeanpierrevangorp.info\/site\/?attachment_id=13394\" rel=\"attachment wp-att-13394\"><img loading=\"lazy\" decoding=\"async\" class=\"aligncenter size-full wp-image-13394\" title=\"Scan10936\" src=\"https:\/\/www.jeanpierrevangorp.info\/site\/wp-content\/uploads\/2012\/06\/Scan109361.jpg\" alt=\"\" width=\"462\" height=\"249\" \/><\/a><\/p>\n<p>Je vous annon\u00e7ais l&rsquo;inauguration du \u00ab\u00a0<em><strong>koban<\/strong><\/em>\u00a0\u00bb (commissariat de proximit\u00e9) de la <strong>zone de police Schaerbeek-St Josse-Evere<\/strong> <strong>rue Brichaut<\/strong> ce jeudi 21 juin \u00e0 11 heures. Finalement, l&rsquo;\u00e9v\u00e9nement a \u00e9t\u00e9 annul\u00e9 en raison de quelques soucis dans la finalisation du chantier.<\/p>\n","protected":false},"excerpt":{"rendered":"<p>Je vous annon\u00e7ais l&rsquo;inauguration du \u00ab\u00a0koban\u00a0\u00bb (commissariat de proximit\u00e9) de la zone de police Schaerbeek-St Josse-Evere rue Brichaut ce jeudi 21 juin \u00e0 11 heures. Finalement, l&rsquo;\u00e9v\u00e9nement a \u00e9t\u00e9 annul\u00e9 en raison de quelques soucis dans la finalisation du chantier.<\/p>\n","protected":false},"author":1,"featured_media":0,"comment_status":"closed","ping_status":"closed","sticky":false,"template":"","format":"standard","meta":{"footnotes":""},"categories":[9,8],"tags":[],"class_list":["post-13393","post","type-post","status-publish","format-standard","hentry","category-actualites-schaerbeekoises","category-conseil-de-police","has-post-title","has-post-date","has-post-category","has-post-tag","has-post-comment","has-post-author",""],"builder_content":"","_links":{"self":[{"href":"https:\/\/www.jeanpierrevangorp.info\/site\/wp-json\/wp\/v2\/posts\/13393"}],"collection":[{"href":"https:\/\/www.jeanpierrevangorp.info\/site\/wp-json\/wp\/v2\/posts"}],"about":[{"href":"https:\/\/www.jeanpierrevangorp.info\/site\/wp-json\/wp\/v2\/types\/post"}],"author":[{"embeddable":true,"href":"https:\/\/www.jeanpierrevangorp.info\/site\/wp-json\/wp\/v2\/users\/1"}],"replies":[{"embeddable":true,"href":"https:\/\/www.jeanpierrevangorp.info\/site\/wp-json\/wp\/v2\/comments?post=13393"}],"version-history":[{"count":4,"href":"https:\/\/www.jeanpierrevangorp.info\/site\/wp-json\/wp\/v2\/posts\/13393\/revisions"}],"predecessor-version":[{"id":13398,"href":"https:\/\/www.jeanpierrevangorp.info\/site\/wp-json\/wp\/v2\/posts\/13393\/revisions\/13398"}],"wp:attachment":[{"href":"https:\/\/www.jeanpierrevangorp.info\/site\/wp-json\/wp\/v2\/media?parent=13393"}],"wp:term":[{"taxonomy":"category","embeddable":true,"href":"https:\/\/www.jeanpierrevangorp.info\/site\/wp-json\/wp\/v2\/categories?post=13393"},{"taxonomy":"post_tag","embeddable":true,"href":"https:\/\/www.jeanpierrevangorp.info\/site\/wp-json\/wp\/v2\/tags?post=13393"}],"curies":[{"name":"wp","href":"https:\/\/api.w.org\/{rel}","templated":true}]}}