{"id":1620,"date":"2007-06-21T10:47:04","date_gmt":"2007-06-21T09:47:04","guid":{"rendered":"http:\/\/www.jeanpierrevangorp.info\/site\/?p=1620"},"modified":"2007-06-21T10:47:04","modified_gmt":"2007-06-21T09:47:04","slug":"deces-de-jacques-simonet-reaction","status":"publish","type":"post","link":"https:\/\/www.jeanpierrevangorp.info\/site\/deces-de-jacques-simonet-reaction\/","title":{"rendered":"D\u00e9c\u00e8s de Jacques Simonet : r\u00e9action"},"content":{"rendered":"<p>Etant \u00e0 l&rsquo;\u00e9tranger au moment du d\u00e9c\u00e8s de <strong>Jacques Simonet<\/strong>, je n&rsquo;ai malheureusement pas pu r\u00e9agir \u00e0 ce sujet sur mon site. Je le fais d\u00e8s lors aujourd&rsquo;hui.<\/p>\n<p>J&rsquo;ai \u00e9t\u00e9 comme de tr\u00e8s nombreux Bruxellois (classe politique et citoyens) tr\u00e8s choqu\u00e9 lorsque j&rsquo;ai appris le d\u00e9c\u00e8s inopin\u00e9 du <strong>bourgmestre d&rsquo;Anderlecht<\/strong> et figure embl\u00e9matique du paysage politique bruxellois.<\/p>\n<p>En effet, lors de la campagne pour ces derni\u00e8res \u00e9lections, je l&rsquo;avais notamment crois\u00e9 d\u00e9but juin \u00e0 la braderie de Helmet et sur\u00a0quelques march\u00e9s.\u00a0\u00a0<\/p>\n<p><!--more--><\/p>\n<p>M\u00eame si je fais aujourd&rsquo;hui partie du PS bruxellois, j&rsquo;ai toujours conserv\u00e9 beaucoup d&rsquo;estime pour Jacques Simonet et lorsque nous nous croisions ponctuellement, nous ne manquions d&rsquo;ailleurs jamais de nous saluer cordialement.\u00a0<\/p>\n<p>Je me souviens surtout de lui lorsqu&rsquo;il fut <strong>Ministre-Pr\u00e9sident<\/strong> de la r\u00e9gion bruxelloise et que suite \u00e0 la d\u00e9cision du MR, il dut au lendemain des \u00e9lections communales d&rsquo;octobre 2000 c\u00e9der son si\u00e8ge \u00e0 <strong>Fran\u00e7ois-Xavier de Donn\u00e9a<\/strong>, celui-ci \u00e9tant ensuite remplac\u00e9 par <strong>Daniel Ducarme<\/strong>. On se souviendra \u00e9galement que <strong>Jacques Simonet<\/strong> avait \u00e9t\u00e9 rappel\u00e9 une fois de plus \u00e0 la rescousse pour le remplacer suite \u00e0 sa d\u00e9mission. Il avait alors tenu la barre du gouvernement jusqu&rsquo;aux \u00e9lections r\u00e9gionales.<\/p>\n<p>Homme au franc-parler connu, \u00e0 l&rsquo;humour caustique, \u00e0 l&rsquo;impressionnant d\u00e9bit de paroles, Jacques Simonet avait encore r\u00e9alis\u00e9 un superbe score lors des \u00e9lections du 10 juin \u00e0 savoir pr\u00e8s de 20.000 voix en occupant la 12\u00e8me suppl\u00e9ance.<\/p>\n<p>En plus du drame familial que repr\u00e9sente ce d\u00e9c\u00e8s inopin\u00e9\u00a0\u00e0 l&rsquo;\u00e2ge d&rsquo;\u00e0 peine 43 ans d&rsquo;un mari et papa, Bruxelles\u00a0a perdu un de ses plus fid\u00e8les d\u00e9fenseurs et un homme politique d&rsquo;un charisme et d&rsquo;un talent\u00a0incontest\u00e9s.\u00a0\u00a0\u00a0<\/p>\n","protected":false},"excerpt":{"rendered":"<p>Etant \u00e0 l&rsquo;\u00e9tranger au moment du d\u00e9c\u00e8s de Jacques Simonet, je n&rsquo;ai malheureusement pas pu r\u00e9agir \u00e0 ce sujet sur mon site. Je le fais d\u00e8s lors aujourd&rsquo;hui. J&rsquo;ai \u00e9t\u00e9 comme de tr\u00e8s nombreux Bruxellois (classe politique et citoyens) tr\u00e8s choqu\u00e9 lorsque j&rsquo;ai appris le d\u00e9c\u00e8s inopin\u00e9 du bourgmestre d&rsquo;Anderlecht et figure embl\u00e9matique du paysage [&hellip;]<\/p>\n","protected":false},"author":1,"featured_media":0,"comment_status":"closed","ping_status":"closed","sticky":false,"template":"","format":"standard","meta":{"footnotes":""},"categories":[15],"tags":[],"class_list":["post-1620","post","type-post","status-publish","format-standard","hentry","category-actualites-generales","has-post-title","has-post-date","has-post-category","has-post-tag","has-post-comment","has-post-author",""],"builder_content":"","_links":{"self":[{"href":"https:\/\/www.jeanpierrevangorp.info\/site\/wp-json\/wp\/v2\/posts\/1620"}],"collection":[{"href":"https:\/\/www.jeanpierrevangorp.info\/site\/wp-json\/wp\/v2\/posts"}],"about":[{"href":"https:\/\/www.jeanpierrevangorp.info\/site\/wp-json\/wp\/v2\/types\/post"}],"author":[{"embeddable":true,"href":"https:\/\/www.jeanpierrevangorp.info\/site\/wp-json\/wp\/v2\/users\/1"}],"replies":[{"embeddable":true,"href":"https:\/\/www.jeanpierrevangorp.info\/site\/wp-json\/wp\/v2\/comments?post=1620"}],"version-history":[{"count":0,"href":"https:\/\/www.jeanpierrevangorp.info\/site\/wp-json\/wp\/v2\/posts\/1620\/revisions"}],"wp:attachment":[{"href":"https:\/\/www.jeanpierrevangorp.info\/site\/wp-json\/wp\/v2\/media?parent=1620"}],"wp:term":[{"taxonomy":"category","embeddable":true,"href":"https:\/\/www.jeanpierrevangorp.info\/site\/wp-json\/wp\/v2\/categories?post=1620"},{"taxonomy":"post_tag","embeddable":true,"href":"https:\/\/www.jeanpierrevangorp.info\/site\/wp-json\/wp\/v2\/tags?post=1620"}],"curies":[{"name":"wp","href":"https:\/\/api.w.org\/{rel}","templated":true}]}}