{"id":1642,"date":"2007-07-06T07:10:23","date_gmt":"2007-07-06T06:10:23","guid":{"rendered":"http:\/\/www.jeanpierrevangorp.info\/site\/?p=1642"},"modified":"2007-07-06T07:10:23","modified_gmt":"2007-07-06T06:10:23","slug":"quelles-ambitions-pour-une-politique-seniors-a-schaerbeek","status":"publish","type":"post","link":"https:\/\/www.jeanpierrevangorp.info\/site\/quelles-ambitions-pour-une-politique-seniors-a-schaerbeek\/","title":{"rendered":"Quelles ambitions pour une politique \u00ab\u00a0seniors\u00a0\u00bb \u00e0 Schaerbeek ?"},"content":{"rendered":"<p>Voil\u00e0 plus de 6 mois que la <strong>majorit\u00e9 MR-ECOLO<\/strong> est \u00e0 la t\u00eate de Schaerbeek. L&rsquo;occasion aussi de se pencher sur ce qui a \u00e9t\u00e9 fait ou non dans diff\u00e9rents domaines qui au cours de la campagne \u00e9lectorale avaient \u00e9t\u00e9 pr\u00e9sent\u00e9s comme de grandes priorit\u00e9s. Pour ce qui est de la <strong>politique des seniors<\/strong>, que je connais particuli\u00e8rement bien pour en avoir eu la comp\u00e9tence pendant 6 ans, le constat est assez affligeant.<\/p>\n<p>Pour rappel, c&rsquo;est <strong>Bernard Guillaume (MR-PRL)<\/strong> qui est <strong>\u00e9chevin du 3\u00e8me \u00e2ge<\/strong>. A c\u00f4t\u00e9 des activit\u00e9s propos\u00e9es par le service et l&rsquo;\u00e9chevinat, se trouve aussi <strong>l&rsquo;asbl Pater Baudry<\/strong> qui g\u00e8re <strong>deux centres de jour<\/strong>\u00a0avec activit\u00e9s. La pr\u00e9sidence est ici assum\u00e9e par <strong>Bernard Clerfayt<\/strong>. Enfin, pour \u00eatre tout \u00e0 fait complet, notons aussi la pr\u00e9sence d&rsquo;une asbl non communale \u00ab\u00a0<strong><em>Loisirs seniors<\/em><\/strong>\u00a0\u00bb fond\u00e9e par l&rsquo;ancien \u00e9chevin des seniors, <strong>Christian Germain<\/strong> et aujourd&rsquo;hui reprise par la <strong>conseill\u00e8re communale Fabienne De Dyn (MR-FDF).<\/strong><\/p>\n<p><!--more--><\/p>\n<p>Avec autant d&rsquo;intervenants\u00a0du m\u00eame parti sur le terrain, tout devrait aller comme sur des roulettes. Et pourtant, c&rsquo;est apparemment bien loin d&rsquo;\u00eatre le cas.<\/p>\n<p>De mani\u00e8re g\u00e9n\u00e9rale, on constate une moindre participation des seniors aux activit\u00e9s propos\u00e9es, celles-ci ayant d&rsquo;ailleurs \u00e9t\u00e9 revues et corrig\u00e9es, moins orient\u00e9es vers le festif et davantage tourn\u00e9es vers la formation ou le culturel. Schaerbeek compte plus de 20.000 seniors, toutefois, il est vrai que l&rsquo;on ne c\u00f4toie qu&rsquo;une poign\u00e9e d&rsquo;entre eux, environ 300-400 personnes tr\u00e8s dynamiques et\u00a0pr\u00e9sentes lors des activit\u00e9s propos\u00e9es. Ce noyau appr\u00e9cie fortement les voyages d&rsquo;une journ\u00e9e et les activit\u00e9s festives comme des repas dansants. Le foss\u00e9 s&rsquo;est donc un peu creus\u00e9 entre ces seniors et l&rsquo;\u00e9chevinat.<\/p>\n<p>Des festivit\u00e9s annuelles qui remportaient un tr\u00e8s large succ\u00e8s comme <strong>les \u00e9lections de Miss et Misters Seniors <\/strong>ont \u00e9t\u00e9 mises sur la touche cette ann\u00e9e et probablement \u00e0 l&rsquo;avenir aussi. Cette d\u00e9cision en a incommod\u00e9 plus d&rsquo;un m\u00eame s&rsquo;il semble logique que le nouvel \u00e9chevin souhaite apposer sa marque, r\u00e9solument plus tourn\u00e9e vers des activit\u00e9s culturelles, conf\u00e9rences,&#8230; \u00a0\u00a0<\/p>\n<p>Autre explication du \u00ab\u00a0malaise\u00a0\u00bb\u00a0ambiant, la gestion du service Seniors dont plusieurs chevilles ouvri\u00e8res sont\u00a0parties au cours des derniers mois. Des discussiosn informelles que j&rsquo;ai pu avoir avec des seniors notamment aux retour d&rsquo;activit\u00e9s, la nouvelle \u00e9quipe est moins appr\u00e9ci\u00e9e, on la consid\u00e8re moins amicale, moins attentive et\u00a0investie que par le pass\u00e9.<\/p>\n<p>C&rsquo;est dans ce contexte qu&rsquo;un vent favorable m&rsquo;apprend que <strong>l&rsquo;asbl Loisirs Seniors<\/strong> \u00e0 pr\u00e9sent g\u00e9r\u00e9e par la conseill\u00e8re communale Fabienne De Dyn peine \u00e0 mettre en place des activit\u00e9s et surtout \u00e0 attirer du monde. Loin de faire une petite introspection, voil\u00e0 que l&rsquo;on m&rsquo;accuserait \u00e0 demi-mot d&rsquo;\u00eatre le responsable du d\u00e9sint\u00e9r\u00eat des seniors pour les diff\u00e9rentes activit\u00e9s propos\u00e9es. Un comble !<\/p>\n<p>En effet, lorsque j&rsquo;\u00e9tais en charge de la politique des seniors et vu les moyens extr\u00eamement limit\u00e9s qui nous \u00e9taient allou\u00e9s au plus fort du plan de redressement des finances communales, j&rsquo;avais toujours favoris\u00e9 la multiplicit\u00e9 ds activit\u00e9s qu&rsquo;elles soient communales, de l&rsquo;asbl Pater Baudry ou de l&rsquo;asbl \u00ab\u00a0Loisirs Seniors\u00a0\u00bb, le tout en tr\u00e8s bonne intelligence avec les diff\u00e9rents intervenants dont l&rsquo;ex-\u00e9chevin Christian Germain et ses collaborateurs.<\/p>\n<p>Je m&rsquo;interroge d\u00e8s lors fortement sur la r\u00e9elle volont\u00e9 du Coll\u00e8ge de mener une politique des seniors ambitieuse, dynamique, diversifi\u00e9e\u00a0et proche des pr\u00e9occupations des a\u00een\u00e9s lorsque les diff\u00e9rents protagonistes de celle-ci se mettent des b\u00e2tons dans les roues.<\/p>\n<p>Mes craintes sont d&rsquo;autant plus av\u00e9r\u00e9es qu&rsquo;il a fallu attendre ce 4 juillet pour que le nouveau <strong>Conseil d&rsquo;administration de l&rsquo;asbl Pater Baudry<\/strong> soit enfin mis en place et que je re\u00e7oive d\u00e9charge. J&rsquo;\u00e9tais, comme je n&rsquo;ai pas manqu\u00e9 de le faire remarquer lors du dernier Conseil communal,\u00a0jusqu&rsquo;\u00e0 ce jour toujours le seul \u00e0 avoir la signature permettant d&rsquo;acquitter les factures\u00a0(par cons\u00e9quent permettre le bon fonctionnement de l&rsquo;asbl).<\/p>\n<p>Comme quoi, la politique des seniors ne semble vraiment pas \u00eatre une grande priorit\u00e9 pour cette l\u00e9gislature&#8230;\u00a0\u00a0<\/p>\n","protected":false},"excerpt":{"rendered":"<p>Voil\u00e0 plus de 6 mois que la majorit\u00e9 MR-ECOLO est \u00e0 la t\u00eate de Schaerbeek. L&rsquo;occasion aussi de se pencher sur ce qui a \u00e9t\u00e9 fait ou non dans diff\u00e9rents domaines qui au cours de la campagne \u00e9lectorale avaient \u00e9t\u00e9 pr\u00e9sent\u00e9s comme de grandes priorit\u00e9s. Pour ce qui est de la politique des seniors, que [&hellip;]<\/p>\n","protected":false},"author":1,"featured_media":0,"comment_status":"closed","ping_status":"closed","sticky":false,"template":"","format":"standard","meta":{"footnotes":""},"categories":[9],"tags":[],"class_list":["post-1642","post","type-post","status-publish","format-standard","hentry","category-actualites-schaerbeekoises","has-post-title","has-post-date","has-post-category","has-post-tag","has-post-comment","has-post-author",""],"builder_content":"","_links":{"self":[{"href":"https:\/\/www.jeanpierrevangorp.info\/site\/wp-json\/wp\/v2\/posts\/1642"}],"collection":[{"href":"https:\/\/www.jeanpierrevangorp.info\/site\/wp-json\/wp\/v2\/posts"}],"about":[{"href":"https:\/\/www.jeanpierrevangorp.info\/site\/wp-json\/wp\/v2\/types\/post"}],"author":[{"embeddable":true,"href":"https:\/\/www.jeanpierrevangorp.info\/site\/wp-json\/wp\/v2\/users\/1"}],"replies":[{"embeddable":true,"href":"https:\/\/www.jeanpierrevangorp.info\/site\/wp-json\/wp\/v2\/comments?post=1642"}],"version-history":[{"count":0,"href":"https:\/\/www.jeanpierrevangorp.info\/site\/wp-json\/wp\/v2\/posts\/1642\/revisions"}],"wp:attachment":[{"href":"https:\/\/www.jeanpierrevangorp.info\/site\/wp-json\/wp\/v2\/media?parent=1642"}],"wp:term":[{"taxonomy":"category","embeddable":true,"href":"https:\/\/www.jeanpierrevangorp.info\/site\/wp-json\/wp\/v2\/categories?post=1642"},{"taxonomy":"post_tag","embeddable":true,"href":"https:\/\/www.jeanpierrevangorp.info\/site\/wp-json\/wp\/v2\/tags?post=1642"}],"curies":[{"name":"wp","href":"https:\/\/api.w.org\/{rel}","templated":true}]}}