{"id":1692,"date":"2007-07-06T07:11:56","date_gmt":"2007-07-06T06:11:56","guid":{"rendered":"http:\/\/www.jeanpierrevangorp.info\/site\/?p=1692"},"modified":"2007-07-06T07:12:28","modified_gmt":"2007-07-06T06:12:28","slug":"la-statue-de-nasrettin-enfin-protegee","status":"publish","type":"post","link":"https:\/\/www.jeanpierrevangorp.info\/site\/la-statue-de-nasrettin-enfin-protegee\/","title":{"rendered":"La statue de Nasrettin enfin \u00ab\u00a0prot\u00e9g\u00e9e\u00a0\u00bb"},"content":{"rendered":"<p style=\"text-align: center\"><img decoding=\"async\" src=\"https:\/\/www.jeanpierrevangorp.info\/site\/wp-content\/uploads\/2007\/07\/nasrettin.jpg\" alt=\"nasrettin.jpg\" \/><\/p>\n<p>Alors que l&rsquo;on f\u00eatera \u00e0 la fin de l&rsquo;\u00e9t\u00e9 le premier anniversaire de l&rsquo;installation de la <strong>statue <\/strong>de<strong> Nasrettin Hoca<\/strong> sur la placette \u00e0 l&rsquo;intersection des rues Gallait, Vandermeersch et Rubens, on peut enfin se r\u00e9jouir que celle-ci soit un peu prot\u00e9g\u00e9e.<\/p>\n<p>En effet, \u00e0 peine quelques semaines apr\u00e8s son inauguration, la statue avait d\u00e9j\u00e0 fait l&rsquo;objet de d\u00e9gradations ayant pour cons\u00e9quence que le petit \u00e2ne de Nasrettin s&rsquo;\u00e9tait retrouv\u00e9 amput\u00e9 d&rsquo;une partie de sa queue&#8230;<\/p>\n","protected":false},"excerpt":{"rendered":"<p>Alors que l&rsquo;on f\u00eatera \u00e0 la fin de l&rsquo;\u00e9t\u00e9 le premier anniversaire de l&rsquo;installation de la statue de Nasrettin Hoca sur la placette \u00e0 l&rsquo;intersection des rues Gallait, Vandermeersch et Rubens, on peut enfin se r\u00e9jouir que celle-ci soit un peu prot\u00e9g\u00e9e. En effet, \u00e0 peine quelques semaines apr\u00e8s son inauguration, la statue avait d\u00e9j\u00e0 [&hellip;]<\/p>\n","protected":false},"author":1,"featured_media":0,"comment_status":"closed","ping_status":"closed","sticky":false,"template":"","format":"standard","meta":{"footnotes":""},"categories":[9],"tags":[],"class_list":["post-1692","post","type-post","status-publish","format-standard","hentry","category-actualites-schaerbeekoises","has-post-title","has-post-date","has-post-category","has-post-tag","has-post-comment","has-post-author",""],"builder_content":"","_links":{"self":[{"href":"https:\/\/www.jeanpierrevangorp.info\/site\/wp-json\/wp\/v2\/posts\/1692"}],"collection":[{"href":"https:\/\/www.jeanpierrevangorp.info\/site\/wp-json\/wp\/v2\/posts"}],"about":[{"href":"https:\/\/www.jeanpierrevangorp.info\/site\/wp-json\/wp\/v2\/types\/post"}],"author":[{"embeddable":true,"href":"https:\/\/www.jeanpierrevangorp.info\/site\/wp-json\/wp\/v2\/users\/1"}],"replies":[{"embeddable":true,"href":"https:\/\/www.jeanpierrevangorp.info\/site\/wp-json\/wp\/v2\/comments?post=1692"}],"version-history":[{"count":0,"href":"https:\/\/www.jeanpierrevangorp.info\/site\/wp-json\/wp\/v2\/posts\/1692\/revisions"}],"wp:attachment":[{"href":"https:\/\/www.jeanpierrevangorp.info\/site\/wp-json\/wp\/v2\/media?parent=1692"}],"wp:term":[{"taxonomy":"category","embeddable":true,"href":"https:\/\/www.jeanpierrevangorp.info\/site\/wp-json\/wp\/v2\/categories?post=1692"},{"taxonomy":"post_tag","embeddable":true,"href":"https:\/\/www.jeanpierrevangorp.info\/site\/wp-json\/wp\/v2\/tags?post=1692"}],"curies":[{"name":"wp","href":"https:\/\/api.w.org\/{rel}","templated":true}]}}