{"id":1759,"date":"2007-07-06T07:03:15","date_gmt":"2007-07-06T06:03:15","guid":{"rendered":"http:\/\/www.jeanpierrevangorp.info\/site\/?p=1759"},"modified":"2007-11-05T09:55:49","modified_gmt":"2007-11-05T08:55:49","slug":"schaerbeek-en-berne-avec-la-colombie","status":"publish","type":"post","link":"https:\/\/www.jeanpierrevangorp.info\/site\/schaerbeek-en-berne-avec-la-colombie\/","title":{"rendered":"Schaerbeek en berne avec la Colombie"},"content":{"rendered":"<p style=\"text-align: center\"><img decoding=\"async\" src=\"https:\/\/www.jeanpierrevangorp.info\/site\/wp-content\/uploads\/2007\/07\/berne.jpg\" alt=\"berne.jpg\" \/><\/p>\n<p>C&rsquo;est un geste qui m\u00e9rite d&rsquo;\u00eatre salu\u00e9. Le <strong>Coll\u00e8ge des Bourgmestre et Echevins<\/strong> a d\u00e9cid\u00e9 de s&rsquo;associer \u00e0\u00a0la journ\u00e9e de mobilisation et du souvenir \u00e0 l&rsquo;initiative de la <strong>F\u00e9d\u00e9ration<\/strong> <strong>Internationale des Comit\u00e9s Ingrid B\u00e9tancourt<\/strong> suite \u00e0 la mort de <strong>11 d\u00e9put\u00e9s colombiens<\/strong>, otages depuis 5 ans des FARC.<\/p>\n<p>J&rsquo;avais adress\u00e9 un <strong>mail<\/strong> \u00e0\u00a0Bernard Clerfayt en sollicitant que le <strong>drapeau belge<\/strong> soit mis <strong>en berne<\/strong> sur l&rsquo;H\u00f4tel communal de Schaerbeek en m\u00e9moire des 11 \u00ab\u00a0coll\u00e8gues\u00a0\u00bb colombiens d\u00e9c\u00e9d\u00e9s et du fait qu&rsquo;Ingrid B\u00e9tancourt est citoyenne d&rsquo;honneur de notre commune.<\/p>\n<p><!--more--><\/p>\n<p>J&rsquo;ai donc pu constat\u00e9 ce jeudi 5 juillet\u00a0avec une \u00e9norme satisfaction que le Coll\u00e8ge a abond\u00e9 de par sa d\u00e9cision dans le m\u00eame sens que ma proposition.\u00a0\u00a0<\/p>\n","protected":false},"excerpt":{"rendered":"<p>C&rsquo;est un geste qui m\u00e9rite d&rsquo;\u00eatre salu\u00e9. Le Coll\u00e8ge des Bourgmestre et Echevins a d\u00e9cid\u00e9 de s&rsquo;associer \u00e0\u00a0la journ\u00e9e de mobilisation et du souvenir \u00e0 l&rsquo;initiative de la F\u00e9d\u00e9ration Internationale des Comit\u00e9s Ingrid B\u00e9tancourt suite \u00e0 la mort de 11 d\u00e9put\u00e9s colombiens, otages depuis 5 ans des FARC. J&rsquo;avais adress\u00e9 un mail \u00e0\u00a0Bernard Clerfayt en [&hellip;]<\/p>\n","protected":false},"author":1,"featured_media":0,"comment_status":"closed","ping_status":"closed","sticky":false,"template":"","format":"standard","meta":{"footnotes":""},"categories":[32],"tags":[],"class_list":["post-1759","post","type-post","status-publish","format-standard","hentry","category-ingrid-betancourt","has-post-title","has-post-date","has-post-category","has-post-tag","has-post-comment","has-post-author",""],"builder_content":"","_links":{"self":[{"href":"https:\/\/www.jeanpierrevangorp.info\/site\/wp-json\/wp\/v2\/posts\/1759"}],"collection":[{"href":"https:\/\/www.jeanpierrevangorp.info\/site\/wp-json\/wp\/v2\/posts"}],"about":[{"href":"https:\/\/www.jeanpierrevangorp.info\/site\/wp-json\/wp\/v2\/types\/post"}],"author":[{"embeddable":true,"href":"https:\/\/www.jeanpierrevangorp.info\/site\/wp-json\/wp\/v2\/users\/1"}],"replies":[{"embeddable":true,"href":"https:\/\/www.jeanpierrevangorp.info\/site\/wp-json\/wp\/v2\/comments?post=1759"}],"version-history":[{"count":0,"href":"https:\/\/www.jeanpierrevangorp.info\/site\/wp-json\/wp\/v2\/posts\/1759\/revisions"}],"wp:attachment":[{"href":"https:\/\/www.jeanpierrevangorp.info\/site\/wp-json\/wp\/v2\/media?parent=1759"}],"wp:term":[{"taxonomy":"category","embeddable":true,"href":"https:\/\/www.jeanpierrevangorp.info\/site\/wp-json\/wp\/v2\/categories?post=1759"},{"taxonomy":"post_tag","embeddable":true,"href":"https:\/\/www.jeanpierrevangorp.info\/site\/wp-json\/wp\/v2\/tags?post=1759"}],"curies":[{"name":"wp","href":"https:\/\/api.w.org\/{rel}","templated":true}]}}