{"id":19484,"date":"2014-09-09T07:26:03","date_gmt":"2014-09-09T06:26:03","guid":{"rendered":"http:\/\/www.jeanpierrevangorp.info\/site\/?p=19484"},"modified":"2014-09-09T07:26:22","modified_gmt":"2014-09-09T06:26:22","slug":"qui-sera-le-nouvel-echevin-ou-la-nouvelle-echevine","status":"publish","type":"post","link":"https:\/\/www.jeanpierrevangorp.info\/site\/qui-sera-le-nouvel-echevin-ou-la-nouvelle-echevine\/","title":{"rendered":"Qui sera le nouvel \u00e9chevin&#8230;ou la nouvelle \u00e9chevine ?"},"content":{"rendered":"<p style=\"text-align: center;\"><a href=\"https:\/\/www.jeanpierrevangorp.info\/site\/wp-content\/uploads\/2014\/09\/nimal2.jpg\"><img loading=\"lazy\" decoding=\"async\" class=\"aligncenter size-full wp-image-19485\" alt=\"nimal2\" src=\"https:\/\/www.jeanpierrevangorp.info\/site\/wp-content\/uploads\/2014\/09\/nimal2.jpg\" width=\"396\" height=\"348\" \/><\/a><\/p>\n<p>Suite au d\u00e9part de <strong>C\u00e9cile Jodogne (FDF)<\/strong> au <strong>gouvernement r\u00e9gional bruxellois<\/strong> o\u00f9 elle a re\u00e7u le portefeuille du commerce ext\u00e9rieur et du SIAMU, ses attributions relatives \u00e0 l&rsquo;urbanisme, r\u00e9novation urbaine, patrimoine et tourisme doivent \u00eatre confi\u00e9es \u00e0 un nouvel \u00e9chevin. En pratique, ces comp\u00e9tences sont dans la \u00ab\u00a0package\u00a0\u00bb des FDF. <strong>Bernard Clerfayt<\/strong> peut donc tr\u00e8s bien redistribuer ces comp\u00e9tences \u00e0 sa guise, le successeur ne devant pas sp\u00e9cialement reprendre l&rsquo;int\u00e9gralit\u00e9 des comp\u00e9tences. Toutefois, il faudra quand m\u00eame que ce nouveau membre du Coll\u00e8ge ait un minimum de mati\u00e8res et ne se contente pas par exemple du tourisme et patrimoine. Des comp\u00e9tences actuellement exerc\u00e9es par d&rsquo;autres<strong> mandataires FDF<\/strong> pourraient aussi \u00eatre confi\u00e9es au nouveau venu. Tout cela est dans la logique du possible.<\/p>\n<p><!--more--><\/p>\n<p>Mais qui succ\u00e8dera \u00e0<strong> C\u00e9cile Jodogne<\/strong> ? Lors des \u00e9lections de 2012, le<strong> FDF Fr\u00e9d\u00e9ric Nimal av<\/strong>ait obtenu parmi les <strong>conseillers communaux de la Liste du Bourgmestre<\/strong> le meilleur score de plus de 1000 voix. Sur papier, la place devrait donc logiquement lui revenir. Il avait d\u00e9j\u00e0 si\u00e9g\u00e9 au Coll\u00e8ge lorsque <strong>Bernard Clerfayt<\/strong> avait r\u00e9pondu aux sir\u00e8nes du F\u00e9d\u00e9ral et \u00e9tait secr\u00e9taire d&rsquo;Etat. <strong>Fr\u00e9d\u00e9ric Nimal<\/strong> avait g\u00e9r\u00e9 avec comp\u00e9tence et ma\u00eetrise plusieurs dossiers dont les sanctions administratives. Ses explications en s\u00e9ances du Conseil \u00e9taient d&rsquo;ailleurs toujours tr\u00e8s pertinentes et didactiques.<\/p>\n<p style=\"text-align: center;\"><a href=\"https:\/\/www.jeanpierrevangorp.info\/site\/wp-content\/uploads\/2014\/09\/maeunnamedarton977.jpg\"><img loading=\"lazy\" decoding=\"async\" class=\"aligncenter size-full wp-image-19486\" alt=\"maeunnamedarton977\" src=\"https:\/\/www.jeanpierrevangorp.info\/site\/wp-content\/uploads\/2014\/09\/maeunnamedarton977.jpg\" width=\"287\" height=\"432\" \/><\/a><\/p>\n<p>Mais le <strong>Coll\u00e8ge \u00e9chevinal de Schaerbeek<\/strong> ne compte d\u00e9sormais plus qu&rsquo;une seule femme <strong>Adelheid Byttebier (Groen)<\/strong>. Peut-\u00eatre serait-il d\u00e8s lors opportun de le f\u00e9miniser un peu. Deux candidates se d\u00e9gagent alors : les conseill\u00e8res communales <strong>Filiz Gules et Lorraine de Fierlant.<\/strong><\/p>\n<p>Pour <strong>Filiz Gules<\/strong>, il s&rsquo;agit d&rsquo;un deuxi\u00e8me mandat comme conseill\u00e8re communale. Elle peut aussi se targuer d&rsquo;un bon score aux \u00e9lections (m\u00eame si inf\u00e9rieur \u00e0 celui de<strong> Fr\u00e9d\u00e9ric Nimal)<\/strong>. Elle si\u00e8ge dans diff\u00e9rents asbl et organes para-r\u00e9gionaux comme le CHU Brugmann.<strong> Filiz Gules<\/strong> concilie \u00e0 merveille sa vie de famille nombreuse et ses activit\u00e9s professionnelles et politiques, un \u00e9chevinat ne devrait certainement pas effrayer cette jeune femme tr\u00e8s organis\u00e9e.<\/p>\n<p style=\"text-align: center;\"><a href=\"https:\/\/www.jeanpierrevangorp.info\/site\/wp-content\/uploads\/2014\/09\/maeunnamed1352-lorraine-de-fierlant.jpg\"><img loading=\"lazy\" decoding=\"async\" class=\"aligncenter size-medium wp-image-19487\" alt=\"maeunnamed1352-lorraine-de-fierlant\" src=\"https:\/\/www.jeanpierrevangorp.info\/site\/wp-content\/uploads\/2014\/09\/maeunnamed1352-lorraine-de-fierlant-327x464.jpg\" width=\"327\" height=\"464\" srcset=\"https:\/\/www.jeanpierrevangorp.info\/site\/wp-content\/uploads\/2014\/09\/maeunnamed1352-lorraine-de-fierlant-327x464.jpg 327w, https:\/\/www.jeanpierrevangorp.info\/site\/wp-content\/uploads\/2014\/09\/maeunnamed1352-lorraine-de-fierlant.jpg 346w\" sizes=\"(max-width: 327px) 100vw, 327px\" \/><\/a><\/p>\n<p>Et enfin en outsider pourquoi par la <strong>conseill\u00e8re communale Lorraine de Fierlant<\/strong>. Si elle n&rsquo;est pas FDF, elle si\u00e8ge au sein de la <strong>Liste du Bourgmestre.<\/strong> Elle intervient de plus en plus r\u00e9guli\u00e8rement lors des s\u00e9ances du <strong>Conseil communal. Lorraine de Fierlant<\/strong> fait clairement partie de cette g\u00e9n\u00e9ration du renouveau au sein de son parti et de la future rel\u00e8ve aux \u00e9lections de 2019 pour la<strong> Liste du Bourgmestre de Schaerbeek<\/strong>. Lors des \u00e9lections f\u00e9d\u00e9rales, elle avait r\u00e9alis\u00e9 un tr\u00e8s beau score de pr\u00e8s de 4.400 voix \u00e0 la Chambre. de l\u00e0 \u00e0 lui ouvrir les portes du Coll\u00e8ge \u00e9chevinal de Schaerbeek ? Nous devrions \u00eatre fix\u00e9 lors du Conseil communal de septembre.<\/p>\n","protected":false},"excerpt":{"rendered":"<p>Suite au d\u00e9part de C\u00e9cile Jodogne (FDF) au gouvernement r\u00e9gional bruxellois o\u00f9 elle a re\u00e7u le portefeuille du commerce ext\u00e9rieur et du SIAMU, ses attributions relatives \u00e0 l&rsquo;urbanisme, r\u00e9novation urbaine, patrimoine et tourisme doivent \u00eatre confi\u00e9es \u00e0 un nouvel \u00e9chevin. En pratique, ces comp\u00e9tences sont dans la \u00ab\u00a0package\u00a0\u00bb des FDF. Bernard Clerfayt peut donc tr\u00e8s [&hellip;]<\/p>\n","protected":false},"author":1,"featured_media":0,"comment_status":"closed","ping_status":"closed","sticky":false,"template":"","format":"standard","meta":{"footnotes":""},"categories":[9,1],"tags":[],"class_list":["post-19484","post","type-post","status-publish","format-standard","hentry","category-actualites-schaerbeekoises","category-conseilcommunal","has-post-title","has-post-date","has-post-category","has-post-tag","has-post-comment","has-post-author",""],"builder_content":"","_links":{"self":[{"href":"https:\/\/www.jeanpierrevangorp.info\/site\/wp-json\/wp\/v2\/posts\/19484"}],"collection":[{"href":"https:\/\/www.jeanpierrevangorp.info\/site\/wp-json\/wp\/v2\/posts"}],"about":[{"href":"https:\/\/www.jeanpierrevangorp.info\/site\/wp-json\/wp\/v2\/types\/post"}],"author":[{"embeddable":true,"href":"https:\/\/www.jeanpierrevangorp.info\/site\/wp-json\/wp\/v2\/users\/1"}],"replies":[{"embeddable":true,"href":"https:\/\/www.jeanpierrevangorp.info\/site\/wp-json\/wp\/v2\/comments?post=19484"}],"version-history":[{"count":4,"href":"https:\/\/www.jeanpierrevangorp.info\/site\/wp-json\/wp\/v2\/posts\/19484\/revisions"}],"predecessor-version":[{"id":19491,"href":"https:\/\/www.jeanpierrevangorp.info\/site\/wp-json\/wp\/v2\/posts\/19484\/revisions\/19491"}],"wp:attachment":[{"href":"https:\/\/www.jeanpierrevangorp.info\/site\/wp-json\/wp\/v2\/media?parent=19484"}],"wp:term":[{"taxonomy":"category","embeddable":true,"href":"https:\/\/www.jeanpierrevangorp.info\/site\/wp-json\/wp\/v2\/categories?post=19484"},{"taxonomy":"post_tag","embeddable":true,"href":"https:\/\/www.jeanpierrevangorp.info\/site\/wp-json\/wp\/v2\/tags?post=19484"}],"curies":[{"name":"wp","href":"https:\/\/api.w.org\/{rel}","templated":true}]}}