{"id":19782,"date":"2014-10-28T05:12:52","date_gmt":"2014-10-28T04:12:52","guid":{"rendered":"http:\/\/www.jeanpierrevangorp.info\/site\/?p=19782"},"modified":"2014-10-27T15:23:38","modified_gmt":"2014-10-27T14:23:38","slug":"gouvernement-mr-nva-le-debut-de-la-fin-pour-les-institutions-culturelles-federales","status":"publish","type":"post","link":"https:\/\/www.jeanpierrevangorp.info\/site\/gouvernement-mr-nva-le-debut-de-la-fin-pour-les-institutions-culturelles-federales\/","title":{"rendered":"Gouvernement MR-NVA : le d\u00e9but  de la fin pour les institutions culturelles f\u00e9d\u00e9rales"},"content":{"rendered":"<p style=\"text-align: center;\"><a href=\"https:\/\/www.jeanpierrevangorp.info\/site\/wp-content\/uploads\/2014\/10\/culture-001.jpg\"><img loading=\"lazy\" decoding=\"async\" class=\"aligncenter size-medium wp-image-19783\" alt=\"culture 001\" src=\"https:\/\/www.jeanpierrevangorp.info\/site\/wp-content\/uploads\/2014\/10\/culture-001-464x251.jpg\" width=\"464\" height=\"251\" srcset=\"https:\/\/www.jeanpierrevangorp.info\/site\/wp-content\/uploads\/2014\/10\/culture-001-464x251.jpg 464w, https:\/\/www.jeanpierrevangorp.info\/site\/wp-content\/uploads\/2014\/10\/culture-001.jpg 512w\" sizes=\"(max-width: 464px) 100vw, 464px\" \/><\/a><\/p>\n<p>On en a finalement peu parl\u00e9 jusqu&rsquo;\u00e0 pr\u00e9sent mais parmi les <strong>mesures d&rsquo;aust\u00e9rit\u00e9 du gouvernement MR-NVA,<\/strong> la <strong>culture<\/strong> est tr\u00e8s durement touch\u00e9e. Le<strong> journal \u00ab\u00a0Le Soir\u00a0\u00bb<\/strong> s&rsquo;en faisait largement l&rsquo;\u00e9cho la semaine derni\u00e8re. Le B<strong>elspo, service de politique scientifique<\/strong> qui est le partenaire administratif des <strong>institutions scientifiques et culturelles f\u00e9d\u00e9rales<\/strong> est tout bonnement supprim\u00e9. Il apportait son aide juridique et un appui dans la gestion du personnel aux mus\u00e9es.<\/p>\n<p>Le nouveau gouvernement n&rsquo;y va pas de main morte : les institutions scientifiques et culturelles devront faire <strong>12% d&rsquo;\u00e9conomies sur les frais de personnel<\/strong>,<strong> 30% sur les investissements<\/strong> et <strong>20% sur les frais de fonctionnement<\/strong> mais devront reprendre \u00e0 leur charge les missions qui ne sont plus offertes par le <strong>Belspo<\/strong>. Tout cela d\u00e9cid\u00e9 bien entendu de mani\u00e8re unilat\u00e9rale.<\/p>\n<p>Il ne faut pas se le cacher, cela aura un impact terrible sur la vie de nos <strong>mus\u00e9es nationaux<\/strong>. Verra-t-on des mus\u00e9es d\u00e9sormais ouverts deux jours par semaine ? La question se pose ouvertement. Idem pour les expositions. Il ne faudra plus trop esp\u00e9rer en voir s&rsquo;organiser ou s&rsquo;arr\u00eater \u00e0 Bruxelles faute de moyens.<\/p>\n<p style=\"text-align: center;\"><a href=\"https:\/\/www.jeanpierrevangorp.info\/site\/wp-content\/uploads\/2014\/10\/kroll-001.jpg\"><img loading=\"lazy\" decoding=\"async\" class=\"aligncenter size-medium wp-image-19785\" alt=\"kroll 001\" src=\"https:\/\/www.jeanpierrevangorp.info\/site\/wp-content\/uploads\/2014\/10\/kroll-001-464x399.jpg\" width=\"464\" height=\"399\" srcset=\"https:\/\/www.jeanpierrevangorp.info\/site\/wp-content\/uploads\/2014\/10\/kroll-001-464x399.jpg 464w, https:\/\/www.jeanpierrevangorp.info\/site\/wp-content\/uploads\/2014\/10\/kroll-001.jpg 507w\" sizes=\"(max-width: 464px) 100vw, 464px\" \/><\/a>Le <strong>Ministre Didier Reynders (MR)<\/strong> qui est <strong>ministre de tutelle de la Monnaie, du Palais des Beaux Arts et de l&rsquo;orchestre national de Belgqiue,<\/strong> ne fait aucun commentaire suite \u00e0 l&rsquo;annonce de la fusion des orchestres de l&rsquo;op\u00e9ra et de l&rsquo;orchestre national.<\/p>\n<p>Comme l&rsquo;indiquait le <strong>journal \u00ab\u00a0le Soir\u00a0\u00bb<\/strong>. \u00ab\u00a0<em>On veut supprimer un secteur qui restait un ciment entre les diff\u00e9rentes communaut\u00e9s du pays<\/em>\u00ab\u00a0. Le dessin de Kroll l&rsquo;exprime bien&#8230;<\/p>\n","protected":false},"excerpt":{"rendered":"<p>On en a finalement peu parl\u00e9 jusqu&rsquo;\u00e0 pr\u00e9sent mais parmi les mesures d&rsquo;aust\u00e9rit\u00e9 du gouvernement MR-NVA, la culture est tr\u00e8s durement touch\u00e9e. Le journal \u00ab\u00a0Le Soir\u00a0\u00bb s&rsquo;en faisait largement l&rsquo;\u00e9cho la semaine derni\u00e8re. Le Belspo, service de politique scientifique qui est le partenaire administratif des institutions scientifiques et culturelles f\u00e9d\u00e9rales est tout bonnement supprim\u00e9. Il [&hellip;]<\/p>\n","protected":false},"author":1,"featured_media":0,"comment_status":"closed","ping_status":"closed","sticky":false,"template":"","format":"standard","meta":{"footnotes":""},"categories":[15,29],"tags":[],"class_list":["post-19782","post","type-post","status-publish","format-standard","hentry","category-actualites-generales","category-ps-parlement","has-post-title","has-post-date","has-post-category","has-post-tag","has-post-comment","has-post-author",""],"builder_content":"","_links":{"self":[{"href":"https:\/\/www.jeanpierrevangorp.info\/site\/wp-json\/wp\/v2\/posts\/19782"}],"collection":[{"href":"https:\/\/www.jeanpierrevangorp.info\/site\/wp-json\/wp\/v2\/posts"}],"about":[{"href":"https:\/\/www.jeanpierrevangorp.info\/site\/wp-json\/wp\/v2\/types\/post"}],"author":[{"embeddable":true,"href":"https:\/\/www.jeanpierrevangorp.info\/site\/wp-json\/wp\/v2\/users\/1"}],"replies":[{"embeddable":true,"href":"https:\/\/www.jeanpierrevangorp.info\/site\/wp-json\/wp\/v2\/comments?post=19782"}],"version-history":[{"count":3,"href":"https:\/\/www.jeanpierrevangorp.info\/site\/wp-json\/wp\/v2\/posts\/19782\/revisions"}],"predecessor-version":[{"id":19792,"href":"https:\/\/www.jeanpierrevangorp.info\/site\/wp-json\/wp\/v2\/posts\/19782\/revisions\/19792"}],"wp:attachment":[{"href":"https:\/\/www.jeanpierrevangorp.info\/site\/wp-json\/wp\/v2\/media?parent=19782"}],"wp:term":[{"taxonomy":"category","embeddable":true,"href":"https:\/\/www.jeanpierrevangorp.info\/site\/wp-json\/wp\/v2\/categories?post=19782"},{"taxonomy":"post_tag","embeddable":true,"href":"https:\/\/www.jeanpierrevangorp.info\/site\/wp-json\/wp\/v2\/tags?post=19782"}],"curies":[{"name":"wp","href":"https:\/\/api.w.org\/{rel}","templated":true}]}}