{"id":19835,"date":"2014-11-11T23:11:48","date_gmt":"2014-11-11T22:11:48","guid":{"rendered":"http:\/\/www.jeanpierrevangorp.info\/site\/?p=19835"},"modified":"2014-11-12T08:55:51","modified_gmt":"2014-11-12T07:55:51","slug":"congres-de-la-federation-bruxelloise-du-ps","status":"publish","type":"post","link":"https:\/\/www.jeanpierrevangorp.info\/site\/congres-de-la-federation-bruxelloise-du-ps\/","title":{"rendered":"Congr\u00e8s de la F\u00e9d\u00e9ration bruxelloise du PS"},"content":{"rendered":"<p style=\"text-align: center;\"><a href=\"https:\/\/www.jeanpierrevangorp.info\/site\/wp-content\/uploads\/2014\/11\/10730785_10205346939332418_2666932564642211149_n.jpg\"><img loading=\"lazy\" decoding=\"async\" class=\"aligncenter size-medium wp-image-19836\" alt=\"10730785_10205346939332418_2666932564642211149_n\" src=\"https:\/\/www.jeanpierrevangorp.info\/site\/wp-content\/uploads\/2014\/11\/10730785_10205346939332418_2666932564642211149_n-464x309.jpg\" width=\"464\" height=\"309\" srcset=\"https:\/\/www.jeanpierrevangorp.info\/site\/wp-content\/uploads\/2014\/11\/10730785_10205346939332418_2666932564642211149_n-464x309.jpg 464w, https:\/\/www.jeanpierrevangorp.info\/site\/wp-content\/uploads\/2014\/11\/10730785_10205346939332418_2666932564642211149_n.jpg 518w\" sizes=\"(max-width: 464px) 100vw, 464px\" \/><\/a><\/p>\n<p>Lundi soir avait lieu le <strong>Congr\u00e8s de la F\u00e9d\u00e9ration bruxelloise du PS<\/strong> en pr\u00e9sence d<strong>&lsquo;Elio Di Rupo et de Laurette Onkelinx<\/strong> respectivement <strong>pr\u00e9sident du PS et pr\u00e9sidente de la f\u00e9d\u00e9ration bruxelloise<\/strong> et qui se pr\u00e9sentent aux urnes des militants pour un nouveau mandat. (<em>Merci \u00e0 James Gosset pour les photos)<\/em><\/p>\n<p><!--more--><\/p>\n<p style=\"text-align: center;\"><a href=\"https:\/\/www.jeanpierrevangorp.info\/site\/wp-content\/uploads\/2014\/11\/1939510_10205346941052461_7967341729022082115_n.jpg\"><img loading=\"lazy\" decoding=\"async\" class=\"aligncenter size-medium wp-image-19837\" alt=\"1939510_10205346941052461_7967341729022082115_n\" src=\"https:\/\/www.jeanpierrevangorp.info\/site\/wp-content\/uploads\/2014\/11\/1939510_10205346941052461_7967341729022082115_n-309x464.jpg\" width=\"309\" height=\"464\" srcset=\"https:\/\/www.jeanpierrevangorp.info\/site\/wp-content\/uploads\/2014\/11\/1939510_10205346941052461_7967341729022082115_n-309x464.jpg 309w, https:\/\/www.jeanpierrevangorp.info\/site\/wp-content\/uploads\/2014\/11\/1939510_10205346941052461_7967341729022082115_n.jpg 339w\" sizes=\"(max-width: 309px) 100vw, 309px\" \/><\/a><\/p>\n<p style=\"text-align: center;\"><a href=\"https:\/\/www.jeanpierrevangorp.info\/site\/wp-content\/uploads\/2014\/11\/10624820_10205346933652276_759053018360634297_n.jpg\"><img loading=\"lazy\" decoding=\"async\" class=\"aligncenter size-medium wp-image-19838\" alt=\"10624820_10205346933652276_759053018360634297_n\" src=\"https:\/\/www.jeanpierrevangorp.info\/site\/wp-content\/uploads\/2014\/11\/10624820_10205346933652276_759053018360634297_n-464x308.jpg\" width=\"464\" height=\"308\" srcset=\"https:\/\/www.jeanpierrevangorp.info\/site\/wp-content\/uploads\/2014\/11\/10624820_10205346933652276_759053018360634297_n-464x308.jpg 464w, https:\/\/www.jeanpierrevangorp.info\/site\/wp-content\/uploads\/2014\/11\/10624820_10205346933652276_759053018360634297_n.jpg 490w\" sizes=\"(max-width: 464px) 100vw, 464px\" \/><\/a><\/p>\n","protected":false},"excerpt":{"rendered":"<p>Lundi soir avait lieu le Congr\u00e8s de la F\u00e9d\u00e9ration bruxelloise du PS en pr\u00e9sence d&lsquo;Elio Di Rupo et de Laurette Onkelinx respectivement pr\u00e9sident du PS et pr\u00e9sidente de la f\u00e9d\u00e9ration bruxelloise et qui se pr\u00e9sentent aux urnes des militants pour un nouveau mandat. (Merci \u00e0 James Gosset pour les photos)<\/p>\n","protected":false},"author":1,"featured_media":0,"comment_status":"closed","ping_status":"closed","sticky":false,"template":"","format":"standard","meta":{"footnotes":""},"categories":[31],"tags":[],"class_list":["post-19835","post","type-post","status-publish","format-standard","hentry","category-ps-bruxelles","has-post-title","has-post-date","has-post-category","has-post-tag","has-post-comment","has-post-author",""],"builder_content":"","_links":{"self":[{"href":"https:\/\/www.jeanpierrevangorp.info\/site\/wp-json\/wp\/v2\/posts\/19835"}],"collection":[{"href":"https:\/\/www.jeanpierrevangorp.info\/site\/wp-json\/wp\/v2\/posts"}],"about":[{"href":"https:\/\/www.jeanpierrevangorp.info\/site\/wp-json\/wp\/v2\/types\/post"}],"author":[{"embeddable":true,"href":"https:\/\/www.jeanpierrevangorp.info\/site\/wp-json\/wp\/v2\/users\/1"}],"replies":[{"embeddable":true,"href":"https:\/\/www.jeanpierrevangorp.info\/site\/wp-json\/wp\/v2\/comments?post=19835"}],"version-history":[{"count":2,"href":"https:\/\/www.jeanpierrevangorp.info\/site\/wp-json\/wp\/v2\/posts\/19835\/revisions"}],"predecessor-version":[{"id":19840,"href":"https:\/\/www.jeanpierrevangorp.info\/site\/wp-json\/wp\/v2\/posts\/19835\/revisions\/19840"}],"wp:attachment":[{"href":"https:\/\/www.jeanpierrevangorp.info\/site\/wp-json\/wp\/v2\/media?parent=19835"}],"wp:term":[{"taxonomy":"category","embeddable":true,"href":"https:\/\/www.jeanpierrevangorp.info\/site\/wp-json\/wp\/v2\/categories?post=19835"},{"taxonomy":"post_tag","embeddable":true,"href":"https:\/\/www.jeanpierrevangorp.info\/site\/wp-json\/wp\/v2\/tags?post=19835"}],"curies":[{"name":"wp","href":"https:\/\/api.w.org\/{rel}","templated":true}]}}