{"id":20304,"date":"2015-03-25T14:26:43","date_gmt":"2015-03-25T13:26:43","guid":{"rendered":"http:\/\/www.jeanpierrevangorp.info\/site\/?p=20304"},"modified":"2015-03-25T14:26:43","modified_gmt":"2015-03-25T13:26:43","slug":"restauration-de-la-statue-de-nasrettin-ou-en-est-on","status":"publish","type":"post","link":"https:\/\/www.jeanpierrevangorp.info\/site\/restauration-de-la-statue-de-nasrettin-ou-en-est-on\/","title":{"rendered":"Restauration de la statue de Nasrettin : o\u00f9 en est-on ?"},"content":{"rendered":"<p style=\"text-align: center;\"><a href=\"https:\/\/www.jeanpierrevangorp.info\/site\/wp-content\/uploads\/2015\/03\/nasrettin.jpg\"><img loading=\"lazy\" decoding=\"async\" class=\"aligncenter size-full wp-image-20305\" alt=\"nasrettin\" src=\"https:\/\/www.jeanpierrevangorp.info\/site\/wp-content\/uploads\/2015\/03\/nasrettin.jpg\" width=\"348\" height=\"464\" \/><\/a><\/p>\n<p>La<strong> conseill\u00e8re communale Bernadette Vriamont (Spa- PS)<\/strong> interrogera le Conseil communal sur la restauration de la <strong>statue de Nasrettin<\/strong> situ\u00e9e<strong> rue Gallait<\/strong>, qui fut offerte \u00e0 la Commune en 2006 et qui a depuis subi de nombreuses d\u00e9gradations dues au temps et aux conditions m\u00e9t\u00e9orologiques ainsi qu&rsquo;au vandalisme.<\/p>\n<p>Dans le cadre d&rsquo;un appel \u00e0 la g\u00e9n\u00e9rosit\u00e9 des Schaerebeekois, <strong>l&rsquo;\u00e9chevine C\u00e9cile Jodogne (FDF)<\/strong> alors en charge du patrimoine, esp\u00e9rait avec en plus l&rsquo;appui de la Fondation Roi Baudouin, pouvoir proc\u00e9der\u00a0aux restaurations de plusieurs statues schaerbeekoises. La <strong>conseill\u00e8re communale\u00a0Bernadette Vriamont<\/strong> souhaite savoir ce qu&rsquo;il est advenu de cet appel et de la lev\u00e9e de fonds et de leur utilisation dans la restauration des statues. (Photo d&rsquo;archives)<\/p>\n","protected":false},"excerpt":{"rendered":"<p>La conseill\u00e8re communale Bernadette Vriamont (Spa- PS) interrogera le Conseil communal sur la restauration de la statue de Nasrettin situ\u00e9e rue Gallait, qui fut offerte \u00e0 la Commune en 2006 et qui a depuis subi de nombreuses d\u00e9gradations dues au temps et aux conditions m\u00e9t\u00e9orologiques ainsi qu&rsquo;au vandalisme. Dans le cadre d&rsquo;un appel \u00e0 la [&hellip;]<\/p>\n","protected":false},"author":1,"featured_media":0,"comment_status":"closed","ping_status":"closed","sticky":false,"template":"","format":"standard","meta":{"footnotes":""},"categories":[9,1],"tags":[],"class_list":["post-20304","post","type-post","status-publish","format-standard","hentry","category-actualites-schaerbeekoises","category-conseilcommunal","has-post-title","has-post-date","has-post-category","has-post-tag","has-post-comment","has-post-author",""],"builder_content":"","_links":{"self":[{"href":"https:\/\/www.jeanpierrevangorp.info\/site\/wp-json\/wp\/v2\/posts\/20304"}],"collection":[{"href":"https:\/\/www.jeanpierrevangorp.info\/site\/wp-json\/wp\/v2\/posts"}],"about":[{"href":"https:\/\/www.jeanpierrevangorp.info\/site\/wp-json\/wp\/v2\/types\/post"}],"author":[{"embeddable":true,"href":"https:\/\/www.jeanpierrevangorp.info\/site\/wp-json\/wp\/v2\/users\/1"}],"replies":[{"embeddable":true,"href":"https:\/\/www.jeanpierrevangorp.info\/site\/wp-json\/wp\/v2\/comments?post=20304"}],"version-history":[{"count":3,"href":"https:\/\/www.jeanpierrevangorp.info\/site\/wp-json\/wp\/v2\/posts\/20304\/revisions"}],"predecessor-version":[{"id":20311,"href":"https:\/\/www.jeanpierrevangorp.info\/site\/wp-json\/wp\/v2\/posts\/20304\/revisions\/20311"}],"wp:attachment":[{"href":"https:\/\/www.jeanpierrevangorp.info\/site\/wp-json\/wp\/v2\/media?parent=20304"}],"wp:term":[{"taxonomy":"category","embeddable":true,"href":"https:\/\/www.jeanpierrevangorp.info\/site\/wp-json\/wp\/v2\/categories?post=20304"},{"taxonomy":"post_tag","embeddable":true,"href":"https:\/\/www.jeanpierrevangorp.info\/site\/wp-json\/wp\/v2\/tags?post=20304"}],"curies":[{"name":"wp","href":"https:\/\/api.w.org\/{rel}","templated":true}]}}