{"id":20465,"date":"2015-04-28T09:08:59","date_gmt":"2015-04-28T08:08:59","guid":{"rendered":"http:\/\/www.jeanpierrevangorp.info\/site\/?p=20465"},"modified":"2015-04-28T09:08:59","modified_gmt":"2015-04-28T08:08:59","slug":"conseil-communal-29-04-2015","status":"publish","type":"post","link":"https:\/\/www.jeanpierrevangorp.info\/site\/conseil-communal-29-04-2015\/","title":{"rendered":"Conseil communal : 29.04.2015"},"content":{"rendered":"<p style=\"text-align: center;\"><a href=\"https:\/\/www.jeanpierrevangorp.info\/site\/wp-content\/uploads\/2015\/04\/Photo-108-464x3481111.jpg\"><img loading=\"lazy\" decoding=\"async\" class=\"aligncenter size-full wp-image-20466\" alt=\"Photo-108-464x348111\" src=\"https:\/\/www.jeanpierrevangorp.info\/site\/wp-content\/uploads\/2015\/04\/Photo-108-464x3481111.jpg\" width=\"464\" height=\"348\" \/><\/a><\/p>\n<p>Le<strong> Conseil communal de Schaerbeek<\/strong> se r\u00e9unira ce<strong> mercredi 29 avril<\/strong> \u00e0 partir de 18h30. Un ordre du jour assez classique mais qui risque d\u2019\u00eatre un peu chahut\u00e9 au d\u00e9but par les citoyens qui avaient introduit une <strong>demande d\u2019interpellation anti TTIP<\/strong> et qui ont essuy\u00e9 un refus de la part du <strong>Coll\u00e8ge \u00e9chevinal<\/strong> pour en d\u00e9battre au motif que cela ne rel\u00e8ve pas de l\u2019int\u00e9r\u00eat communal. Pour rappel, le <strong>PS<\/strong> avait aussi \u00e9t\u00e9 \u00e9conduit pour pareille demande d\u2019intervention. La <strong>section Ecolo de Schaerbeek<\/strong> n\u2019en d\u00e9mord pas et appelle le<strong> Coll\u00e8ge<\/strong> \u00e0 revoir sa position. Sachant qu<strong>\u2019Ecolo<\/strong> fait partie de ce <strong>Coll\u00e8ge<\/strong>, cela montre \u00e0 nouveau les crispations de plus en plus fr\u00e9quentes qui \u00e9maillent les relations entre le <strong>partenaires FDF et son alli\u00e9 Ecolo<\/strong>.<\/p>\n","protected":false},"excerpt":{"rendered":"<p>Le Conseil communal de Schaerbeek se r\u00e9unira ce mercredi 29 avril \u00e0 partir de 18h30. Un ordre du jour assez classique mais qui risque d\u2019\u00eatre un peu chahut\u00e9 au d\u00e9but par les citoyens qui avaient introduit une demande d\u2019interpellation anti TTIP et qui ont essuy\u00e9 un refus de la part du Coll\u00e8ge \u00e9chevinal pour en [&hellip;]<\/p>\n","protected":false},"author":1,"featured_media":0,"comment_status":"closed","ping_status":"closed","sticky":false,"template":"","format":"standard","meta":{"footnotes":""},"categories":[9,1],"tags":[],"class_list":["post-20465","post","type-post","status-publish","format-standard","hentry","category-actualites-schaerbeekoises","category-conseilcommunal","has-post-title","has-post-date","has-post-category","has-post-tag","has-post-comment","has-post-author",""],"builder_content":"","_links":{"self":[{"href":"https:\/\/www.jeanpierrevangorp.info\/site\/wp-json\/wp\/v2\/posts\/20465"}],"collection":[{"href":"https:\/\/www.jeanpierrevangorp.info\/site\/wp-json\/wp\/v2\/posts"}],"about":[{"href":"https:\/\/www.jeanpierrevangorp.info\/site\/wp-json\/wp\/v2\/types\/post"}],"author":[{"embeddable":true,"href":"https:\/\/www.jeanpierrevangorp.info\/site\/wp-json\/wp\/v2\/users\/1"}],"replies":[{"embeddable":true,"href":"https:\/\/www.jeanpierrevangorp.info\/site\/wp-json\/wp\/v2\/comments?post=20465"}],"version-history":[{"count":1,"href":"https:\/\/www.jeanpierrevangorp.info\/site\/wp-json\/wp\/v2\/posts\/20465\/revisions"}],"predecessor-version":[{"id":20467,"href":"https:\/\/www.jeanpierrevangorp.info\/site\/wp-json\/wp\/v2\/posts\/20465\/revisions\/20467"}],"wp:attachment":[{"href":"https:\/\/www.jeanpierrevangorp.info\/site\/wp-json\/wp\/v2\/media?parent=20465"}],"wp:term":[{"taxonomy":"category","embeddable":true,"href":"https:\/\/www.jeanpierrevangorp.info\/site\/wp-json\/wp\/v2\/categories?post=20465"},{"taxonomy":"post_tag","embeddable":true,"href":"https:\/\/www.jeanpierrevangorp.info\/site\/wp-json\/wp\/v2\/tags?post=20465"}],"curies":[{"name":"wp","href":"https:\/\/api.w.org\/{rel}","templated":true}]}}