{"id":20468,"date":"2015-04-30T06:54:02","date_gmt":"2015-04-30T05:54:02","guid":{"rendered":"http:\/\/www.jeanpierrevangorp.info\/site\/?p=20468"},"modified":"2015-04-30T07:56:36","modified_gmt":"2015-04-30T06:56:36","slug":"fdf-et-ecolo-schaerbeekois-le-desamour","status":"publish","type":"post","link":"https:\/\/www.jeanpierrevangorp.info\/site\/fdf-et-ecolo-schaerbeekois-le-desamour\/","title":{"rendered":"FDF et Ecolo schaerbeekois : le d\u00e9samour"},"content":{"rendered":"<p style=\"text-align: center;\"><a href=\"https:\/\/www.jeanpierrevangorp.info\/site\/wp-content\/uploads\/2015\/04\/shutterstock_44515672.jpg\"><img loading=\"lazy\" decoding=\"async\" class=\"aligncenter size-medium wp-image-20469\" alt=\"shutterstock_44515672\" src=\"https:\/\/www.jeanpierrevangorp.info\/site\/wp-content\/uploads\/2015\/04\/shutterstock_44515672-464x425.jpg\" width=\"464\" height=\"425\" srcset=\"https:\/\/www.jeanpierrevangorp.info\/site\/wp-content\/uploads\/2015\/04\/shutterstock_44515672-464x425.jpg 464w, https:\/\/www.jeanpierrevangorp.info\/site\/wp-content\/uploads\/2015\/04\/shutterstock_44515672.jpg 500w\" sizes=\"(max-width: 464px) 100vw, 464px\" \/><\/a><\/p>\n<p>Il semble loin le temps o\u00f9<strong> Bernard Clerfayt (FDF) et Isabelle Durant (Ecolo) sabraient<\/strong> le champagne ensemble au moment de conclure une <strong>alliance \u00e9lectorale \u00e0 Schaerbeek.<\/strong> Ces derniers mois, on sent en effet des diverges de vue de plus en plus fortes entre le <strong>bourgmestre et son alli\u00e9 Ecolo<\/strong>. <strong>L&rsquo;\u00e9chevin Vincent Vanhalewyh (Ecolo)<\/strong> se faisait \u00e9gratign\u00e9 lors de la pr\u00e9sentation du plan climat par le <strong>groupe de la Liste du Bourgmestre<\/strong>, pas tr\u00e8s sympathique lorsqu&rsquo;on est logiquement amen\u00e9s \u00e0 \u00eatre sur le m\u00eame navire.<\/p>\n<p><!--more--><\/p>\n<p>A\u00a0pr\u00e9sent, c&rsquo;est <strong>Isabelle Durant<\/strong> et la<strong> section Ecolo<\/strong> qui vont \u00e0\u00a0l&rsquo;attaque frontale suite au refus du <strong>Coll\u00e8ge<\/strong> de d\u00e9battre d&rsquo;une\u00a0demande d&rsquo;interpellation citoyenne sur le TTIP. Le <strong>Coll\u00e8ge<\/strong> a rejet\u00e9 cette demande au motif qu&rsquo;elle n&rsquo;est pas d&rsquo;int\u00e9r\u00eat communal. Ce que conteste <strong>Ecolo. <\/strong>Les tensions ont \u00e9t\u00e9 tellement vives que finalement <strong>Bernard Clerfayt<\/strong> a l\u00e2ch\u00e9 et accept\u00e9 cette interpellation. Une marche arri\u00e8re qui fait crier victoire chez <strong>Ecolo<\/strong> mais qui fragilise la position du <strong>bourgmestre<\/strong>. Si l&rsquo;on veut \u00eatre coh\u00e9rent, lorsque l&rsquo;on dit \u00ab\u00a0non\u00a0\u00bb avec toutes les r\u00e9percussions que cela engendre, on s&rsquo;y tient.\u00a0\u00a0<strong>\u00a0<\/strong><\/p>\n<p>Ensuite, revoil\u00e0 <strong>Isabelle Durant<\/strong> qui lance cette fois-ci une salve \u00e0 l&rsquo;encontre <strong>d&rsquo;Etienne Noel (Liste\u00a0du Bourgmestre)<\/strong> en charge de <strong>l&rsquo;\u00e9chevinat des classes moyennes<\/strong>. Un long plaidoyer pour l&rsquo;aide aux commer\u00e7ants, aux commerces de proximit\u00e9, des inqui\u00e9tudes quant aux r\u00e9percussions de travaux dans le quartier Diamant pour les commer\u00e7ants, des questions sur le r\u00e9am\u00e9nagement \u00e9ventuel en pi\u00e9tonnier du quartier Colignon,&#8230; Bref, on ne savait pas <strong>Ecolo<\/strong> \u00e0 se point pr\u00e9occup\u00e9 par la <strong>vie commer\u00e7ante de Schaerbeek<\/strong>. Et soudainement alors que l&rsquo;on fait partie du m\u00eame Coll\u00e8ge qui donne (je l&rsquo;esp\u00e8re) des impulsions dans certains\u00a0dossiers d&rsquo;une m\u00eame et seule voix, voil\u00e0 l<strong>&lsquo;\u00e9chevin<\/strong> mis sur la sellette par l&rsquo;un des partenaires&#8230;<\/p>\n","protected":false},"excerpt":{"rendered":"<p>Il semble loin le temps o\u00f9 Bernard Clerfayt (FDF) et Isabelle Durant (Ecolo) sabraient le champagne ensemble au moment de conclure une alliance \u00e9lectorale \u00e0 Schaerbeek. Ces derniers mois, on sent en effet des diverges de vue de plus en plus fortes entre le bourgmestre et son alli\u00e9 Ecolo. L&rsquo;\u00e9chevin Vincent Vanhalewyh (Ecolo) se faisait [&hellip;]<\/p>\n","protected":false},"author":1,"featured_media":0,"comment_status":"closed","ping_status":"closed","sticky":false,"template":"","format":"standard","meta":{"footnotes":""},"categories":[9,1],"tags":[],"class_list":["post-20468","post","type-post","status-publish","format-standard","hentry","category-actualites-schaerbeekoises","category-conseilcommunal","has-post-title","has-post-date","has-post-category","has-post-tag","has-post-comment","has-post-author",""],"builder_content":"","_links":{"self":[{"href":"https:\/\/www.jeanpierrevangorp.info\/site\/wp-json\/wp\/v2\/posts\/20468"}],"collection":[{"href":"https:\/\/www.jeanpierrevangorp.info\/site\/wp-json\/wp\/v2\/posts"}],"about":[{"href":"https:\/\/www.jeanpierrevangorp.info\/site\/wp-json\/wp\/v2\/types\/post"}],"author":[{"embeddable":true,"href":"https:\/\/www.jeanpierrevangorp.info\/site\/wp-json\/wp\/v2\/users\/1"}],"replies":[{"embeddable":true,"href":"https:\/\/www.jeanpierrevangorp.info\/site\/wp-json\/wp\/v2\/comments?post=20468"}],"version-history":[{"count":3,"href":"https:\/\/www.jeanpierrevangorp.info\/site\/wp-json\/wp\/v2\/posts\/20468\/revisions"}],"predecessor-version":[{"id":20491,"href":"https:\/\/www.jeanpierrevangorp.info\/site\/wp-json\/wp\/v2\/posts\/20468\/revisions\/20491"}],"wp:attachment":[{"href":"https:\/\/www.jeanpierrevangorp.info\/site\/wp-json\/wp\/v2\/media?parent=20468"}],"wp:term":[{"taxonomy":"category","embeddable":true,"href":"https:\/\/www.jeanpierrevangorp.info\/site\/wp-json\/wp\/v2\/categories?post=20468"},{"taxonomy":"post_tag","embeddable":true,"href":"https:\/\/www.jeanpierrevangorp.info\/site\/wp-json\/wp\/v2\/tags?post=20468"}],"curies":[{"name":"wp","href":"https:\/\/api.w.org\/{rel}","templated":true}]}}