{"id":20755,"date":"2015-06-24T11:58:02","date_gmt":"2015-06-24T10:58:02","guid":{"rendered":"http:\/\/www.jeanpierrevangorp.info\/site\/?p=20755"},"modified":"2015-06-24T11:58:02","modified_gmt":"2015-06-24T10:58:02","slug":"plus-de-conseillers-communaux-cdh","status":"publish","type":"post","link":"https:\/\/www.jeanpierrevangorp.info\/site\/plus-de-conseillers-communaux-cdh\/","title":{"rendered":"Plus de conseillers communaux Cdh"},"content":{"rendered":"<p style=\"text-align: center;\"><a href=\"https:\/\/www.jeanpierrevangorp.info\/site\/wp-content\/uploads\/2015\/06\/image_preview.jpg\"><img loading=\"lazy\" decoding=\"async\" class=\"aligncenter size-full wp-image-20756\" alt=\"image_preview\" src=\"https:\/\/www.jeanpierrevangorp.info\/site\/wp-content\/uploads\/2015\/06\/image_preview.jpg\" width=\"340\" height=\"400\" \/><\/a><\/p>\n<p>Comme il l\u2019avait annonc\u00e9 dans la presse, le<strong> conseiller communal Cdh Seydi Sag<\/strong> n\u2019a pas si\u00e9g\u00e9 sur les bancs du <strong>Conseil communal<\/strong>. Suite \u00e0 l\u2019exclusion de sa colisti\u00e8re <strong>Mahinur Ozdemir<\/strong>, <strong>Seydi Sag<\/strong> devenait de facto le<strong> nouveau chef de groupe du Cdh<\/strong> puisque les deux autres \u00e9lus si\u00e8gent en tant qu\u2019<strong>\u00e9chevins<\/strong> sur les bancs du <strong>Coll\u00e8ge<\/strong> mais celui qui est aussi <strong>pr\u00e9sident du Foyer schaerbeekois<\/strong> entendait avoir des \u00e9claircissements de<strong> Beno\u00eet Lutgen<\/strong> sur cette exclusion et dans l\u2019attente refuse de prendre la place <strong>d\u2019Ozdemir.<\/strong> De vives tensions \u00e9maillent donc la<strong> section Cdh de Schaerbeek<\/strong> suite \u00e0 cette d\u00e9cision du<strong> pr\u00e9sident Lutgen<\/strong>. Il faut dire que <strong>Mahinur Ozdemir<\/strong> avait fait le meilleur score de la liste lors des <strong>\u00e9lections communales de 2012,<\/strong> et plus de voix que la<strong> t\u00eate de liste Denis Grimberghs.<\/strong><\/p>\n","protected":false},"excerpt":{"rendered":"<p>Comme il l\u2019avait annonc\u00e9 dans la presse, le conseiller communal Cdh Seydi Sag n\u2019a pas si\u00e9g\u00e9 sur les bancs du Conseil communal. Suite \u00e0 l\u2019exclusion de sa colisti\u00e8re Mahinur Ozdemir, Seydi Sag devenait de facto le nouveau chef de groupe du Cdh puisque les deux autres \u00e9lus si\u00e8gent en tant qu\u2019\u00e9chevins sur les bancs du [&hellip;]<\/p>\n","protected":false},"author":1,"featured_media":0,"comment_status":"closed","ping_status":"closed","sticky":false,"template":"","format":"standard","meta":{"footnotes":""},"categories":[9,1],"tags":[],"class_list":["post-20755","post","type-post","status-publish","format-standard","hentry","category-actualites-schaerbeekoises","category-conseilcommunal","has-post-title","has-post-date","has-post-category","has-post-tag","has-post-comment","has-post-author",""],"builder_content":"","_links":{"self":[{"href":"https:\/\/www.jeanpierrevangorp.info\/site\/wp-json\/wp\/v2\/posts\/20755"}],"collection":[{"href":"https:\/\/www.jeanpierrevangorp.info\/site\/wp-json\/wp\/v2\/posts"}],"about":[{"href":"https:\/\/www.jeanpierrevangorp.info\/site\/wp-json\/wp\/v2\/types\/post"}],"author":[{"embeddable":true,"href":"https:\/\/www.jeanpierrevangorp.info\/site\/wp-json\/wp\/v2\/users\/1"}],"replies":[{"embeddable":true,"href":"https:\/\/www.jeanpierrevangorp.info\/site\/wp-json\/wp\/v2\/comments?post=20755"}],"version-history":[{"count":1,"href":"https:\/\/www.jeanpierrevangorp.info\/site\/wp-json\/wp\/v2\/posts\/20755\/revisions"}],"predecessor-version":[{"id":20757,"href":"https:\/\/www.jeanpierrevangorp.info\/site\/wp-json\/wp\/v2\/posts\/20755\/revisions\/20757"}],"wp:attachment":[{"href":"https:\/\/www.jeanpierrevangorp.info\/site\/wp-json\/wp\/v2\/media?parent=20755"}],"wp:term":[{"taxonomy":"category","embeddable":true,"href":"https:\/\/www.jeanpierrevangorp.info\/site\/wp-json\/wp\/v2\/categories?post=20755"},{"taxonomy":"post_tag","embeddable":true,"href":"https:\/\/www.jeanpierrevangorp.info\/site\/wp-json\/wp\/v2\/tags?post=20755"}],"curies":[{"name":"wp","href":"https:\/\/api.w.org\/{rel}","templated":true}]}}