{"id":20758,"date":"2015-06-24T12:00:22","date_gmt":"2015-06-24T11:00:22","guid":{"rendered":"http:\/\/www.jeanpierrevangorp.info\/site\/?p=20758"},"modified":"2015-06-24T12:00:22","modified_gmt":"2015-06-24T11:00:22","slug":"la-valse-des-presidents-de-seance","status":"publish","type":"post","link":"https:\/\/www.jeanpierrevangorp.info\/site\/la-valse-des-presidents-de-seance\/","title":{"rendered":"La valse des pr\u00e9sidents de s\u00e9ance"},"content":{"rendered":"<p style=\"text-align: center;\"><a href=\"https:\/\/www.jeanpierrevangorp.info\/site\/wp-content\/uploads\/2015\/06\/Photo-108-464x3481111.jpg\"><img loading=\"lazy\" decoding=\"async\" class=\"aligncenter size-full wp-image-20687\" alt=\"Photo-108-464x3481111\" src=\"https:\/\/www.jeanpierrevangorp.info\/site\/wp-content\/uploads\/2015\/06\/Photo-108-464x3481111.jpg\" width=\"464\" height=\"348\" \/><\/a><\/p>\n<p>Ce fut un long, un tr\u00e8s long<strong> Conseil communal<\/strong> ce mardi. Il s\u2019est d\u2019ailleurs termin\u00e9 vers minuit en ayant d\u00e9but\u00e9 \u00e0 18h30. La s\u00e9ance avait \u00e9t\u00e9 d\u00e9plac\u00e9e au mardi au lieu du mercredi afin que <strong>Bernard Clerfayt<\/strong> puisse la pr\u00e9sider. Malgr\u00e9 ce que l\u2019on dit publiquement, il y a bien eu des tensions avec <strong>Ecolo et la Liste du Bourgmestre<\/strong> ces derni\u00e8res semaines, raison pour laquelle <strong>Bernard Clerfayt<\/strong> n\u2019avait pas envie de c\u00e9der le commandement \u00e0 <strong>Vincent Vanhalewyn (Ecolo), premier \u00e9chevin<\/strong>. Et pourtant tout au long de la soir\u00e9e, le <strong>bourgmestre<\/strong> s\u2019est accord\u00e9 des pauses, laissant tour \u00e0 tour <strong>Vincent Vanhalewyn et Bernard Guillaume<\/strong> pr\u00e9sider la s\u00e9ance, histoire de tordre le cou aux rumeurs ?<\/p>\n","protected":false},"excerpt":{"rendered":"<p>Ce fut un long, un tr\u00e8s long Conseil communal ce mardi. Il s\u2019est d\u2019ailleurs termin\u00e9 vers minuit en ayant d\u00e9but\u00e9 \u00e0 18h30. La s\u00e9ance avait \u00e9t\u00e9 d\u00e9plac\u00e9e au mardi au lieu du mercredi afin que Bernard Clerfayt puisse la pr\u00e9sider. Malgr\u00e9 ce que l\u2019on dit publiquement, il y a bien eu des tensions avec Ecolo [&hellip;]<\/p>\n","protected":false},"author":1,"featured_media":0,"comment_status":"closed","ping_status":"closed","sticky":false,"template":"","format":"standard","meta":{"footnotes":""},"categories":[9,1],"tags":[],"class_list":["post-20758","post","type-post","status-publish","format-standard","hentry","category-actualites-schaerbeekoises","category-conseilcommunal","has-post-title","has-post-date","has-post-category","has-post-tag","has-post-comment","has-post-author",""],"builder_content":"","_links":{"self":[{"href":"https:\/\/www.jeanpierrevangorp.info\/site\/wp-json\/wp\/v2\/posts\/20758"}],"collection":[{"href":"https:\/\/www.jeanpierrevangorp.info\/site\/wp-json\/wp\/v2\/posts"}],"about":[{"href":"https:\/\/www.jeanpierrevangorp.info\/site\/wp-json\/wp\/v2\/types\/post"}],"author":[{"embeddable":true,"href":"https:\/\/www.jeanpierrevangorp.info\/site\/wp-json\/wp\/v2\/users\/1"}],"replies":[{"embeddable":true,"href":"https:\/\/www.jeanpierrevangorp.info\/site\/wp-json\/wp\/v2\/comments?post=20758"}],"version-history":[{"count":1,"href":"https:\/\/www.jeanpierrevangorp.info\/site\/wp-json\/wp\/v2\/posts\/20758\/revisions"}],"predecessor-version":[{"id":20759,"href":"https:\/\/www.jeanpierrevangorp.info\/site\/wp-json\/wp\/v2\/posts\/20758\/revisions\/20759"}],"wp:attachment":[{"href":"https:\/\/www.jeanpierrevangorp.info\/site\/wp-json\/wp\/v2\/media?parent=20758"}],"wp:term":[{"taxonomy":"category","embeddable":true,"href":"https:\/\/www.jeanpierrevangorp.info\/site\/wp-json\/wp\/v2\/categories?post=20758"},{"taxonomy":"post_tag","embeddable":true,"href":"https:\/\/www.jeanpierrevangorp.info\/site\/wp-json\/wp\/v2\/tags?post=20758"}],"curies":[{"name":"wp","href":"https:\/\/api.w.org\/{rel}","templated":true}]}}