{"id":20827,"date":"2015-07-01T05:46:31","date_gmt":"2015-07-01T04:46:31","guid":{"rendered":"http:\/\/www.jeanpierrevangorp.info\/site\/?p=20827"},"modified":"2015-07-01T05:48:07","modified_gmt":"2015-07-01T04:48:07","slug":"que-se-passe-t-il-avec-la-traditionnelle-promenades-des-vehicules-ancetres-a-schaerbeek","status":"publish","type":"post","link":"https:\/\/www.jeanpierrevangorp.info\/site\/que-se-passe-t-il-avec-la-traditionnelle-promenades-des-vehicules-ancetres-a-schaerbeek\/","title":{"rendered":"Que se passe-t-il avec la traditionnelle promenades des v\u00e9hicules anc\u00eatres \u00e0 Schaerbeek ?"},"content":{"rendered":"<p style=\"text-align: center;\"><a href=\"https:\/\/www.jeanpierrevangorp.info\/site\/wp-content\/uploads\/2015\/07\/vcc-025-464x347.jpg\"><img loading=\"lazy\" decoding=\"async\" class=\"wp-image-20828 aligncenter\" alt=\"vcc-025-464x347\" src=\"https:\/\/www.jeanpierrevangorp.info\/site\/wp-content\/uploads\/2015\/07\/vcc-025-464x347.jpg\" width=\"464\" height=\"347\" \/><\/a><\/p>\n<p>C&rsquo;est avec \u00e9tonnement que je lisais hier dans la <strong>Capitale<\/strong> un entrefilet o\u00f9 le service des <strong>seniors de Schaerbeek<\/strong> lan\u00e7ait un appel pour des v\u00e9hicules anc\u00eatres en vue d&rsquo;en disposer pour la traditionnelle journ\u00e9e de promenade de ceux-ci dans les rues de<strong> Schaerbeek<\/strong> et avec \u00e0 leur bord des seniors. Que s&rsquo;est-il pass\u00e9 ? Pour rappel, cet \u00e9v\u00e9nement annuel que j&rsquo;avais initi\u00e9 dans les ann\u00e9es 90 et qui s&rsquo;est toujours poursuivi depuis, comptait la pr\u00e9sence d&rsquo;une vingtaine de v\u00e9hicules au moins chaque ann\u00e9e pour un tour partant de la <strong>place Colignon<\/strong> pour se rendre \u00e0<strong> Terdelt<\/strong> puis au <strong>parc Josaphat<\/strong> \u00e0 la fin du mois d&rsquo;ao\u00fbt.<\/p>\n<p><!--more--><\/p>\n<p>Certes, ces derni\u00e8res \u00e9ditions, on notait un peu moins de v\u00e9hicules mais ceci s&rsquo;explique en fonction des ann\u00e9es par l&rsquo;organisation au m\u00eame moment d&rsquo;autres rallyes en Belgique. Bref, tout cela pour expliquer qu&rsquo;il y a eu tout au long de ces ann\u00e9es une \u00e9troite et amicale collaboration avec le<strong> V\u00e9t\u00e9ran Car Club et la Commune de Schaerbeek.<\/strong><\/p>\n<p>Visiblement, il y a d\u00fb y avoir un changement de donne puisque l&rsquo;on en est \u00e0 lancer des appels de la sorte. Bien dommage qu&rsquo;un \u00e9v\u00e9nement aussi \u00ab\u00a0typique\u00a0\u00bb soit d\u00e9sormais incertain.<\/p>\n","protected":false},"excerpt":{"rendered":"<p>C&rsquo;est avec \u00e9tonnement que je lisais hier dans la Capitale un entrefilet o\u00f9 le service des seniors de Schaerbeek lan\u00e7ait un appel pour des v\u00e9hicules anc\u00eatres en vue d&rsquo;en disposer pour la traditionnelle journ\u00e9e de promenade de ceux-ci dans les rues de Schaerbeek et avec \u00e0 leur bord des seniors. Que s&rsquo;est-il pass\u00e9 ? Pour [&hellip;]<\/p>\n","protected":false},"author":1,"featured_media":0,"comment_status":"closed","ping_status":"closed","sticky":false,"template":"","format":"standard","meta":{"footnotes":""},"categories":[9,10],"tags":[],"class_list":["post-20827","post","type-post","status-publish","format-standard","hentry","category-actualites-schaerbeekoises","category-revue-de-presse","has-post-title","has-post-date","has-post-category","has-post-tag","has-post-comment","has-post-author",""],"builder_content":"","_links":{"self":[{"href":"https:\/\/www.jeanpierrevangorp.info\/site\/wp-json\/wp\/v2\/posts\/20827"}],"collection":[{"href":"https:\/\/www.jeanpierrevangorp.info\/site\/wp-json\/wp\/v2\/posts"}],"about":[{"href":"https:\/\/www.jeanpierrevangorp.info\/site\/wp-json\/wp\/v2\/types\/post"}],"author":[{"embeddable":true,"href":"https:\/\/www.jeanpierrevangorp.info\/site\/wp-json\/wp\/v2\/users\/1"}],"replies":[{"embeddable":true,"href":"https:\/\/www.jeanpierrevangorp.info\/site\/wp-json\/wp\/v2\/comments?post=20827"}],"version-history":[{"count":2,"href":"https:\/\/www.jeanpierrevangorp.info\/site\/wp-json\/wp\/v2\/posts\/20827\/revisions"}],"predecessor-version":[{"id":20830,"href":"https:\/\/www.jeanpierrevangorp.info\/site\/wp-json\/wp\/v2\/posts\/20827\/revisions\/20830"}],"wp:attachment":[{"href":"https:\/\/www.jeanpierrevangorp.info\/site\/wp-json\/wp\/v2\/media?parent=20827"}],"wp:term":[{"taxonomy":"category","embeddable":true,"href":"https:\/\/www.jeanpierrevangorp.info\/site\/wp-json\/wp\/v2\/categories?post=20827"},{"taxonomy":"post_tag","embeddable":true,"href":"https:\/\/www.jeanpierrevangorp.info\/site\/wp-json\/wp\/v2\/tags?post=20827"}],"curies":[{"name":"wp","href":"https:\/\/api.w.org\/{rel}","templated":true}]}}