{"id":21241,"date":"2015-09-21T10:21:43","date_gmt":"2015-09-21T09:21:43","guid":{"rendered":"http:\/\/www.jeanpierrevangorp.info\/site\/?p=21241"},"modified":"2015-09-21T10:21:43","modified_gmt":"2015-09-21T09:21:43","slug":"lasbl-lire-ecrire-relocalisee-a-schaerbeek","status":"publish","type":"post","link":"https:\/\/www.jeanpierrevangorp.info\/site\/lasbl-lire-ecrire-relocalisee-a-schaerbeek\/","title":{"rendered":"L&rsquo;asbl \u00ab\u00a0Lire &#038; Ecrire\u00a0\u00bb relocalis\u00e9e \u00e0 Schaerbeek"},"content":{"rendered":"<p style=\"text-align: center;\"><a href=\"https:\/\/www.jeanpierrevangorp.info\/site\/wp-content\/uploads\/2015\/09\/12069128652754603.jpg\"><img loading=\"lazy\" decoding=\"async\" class=\"aligncenter size-medium wp-image-21242\" alt=\"12069128652754603\" src=\"https:\/\/www.jeanpierrevangorp.info\/site\/wp-content\/uploads\/2015\/09\/12069128652754603-464x464.jpg\" width=\"464\" height=\"464\" srcset=\"https:\/\/www.jeanpierrevangorp.info\/site\/wp-content\/uploads\/2015\/09\/12069128652754603-464x464.jpg 464w, https:\/\/www.jeanpierrevangorp.info\/site\/wp-content\/uploads\/2015\/09\/12069128652754603-150x150.jpg 150w, https:\/\/www.jeanpierrevangorp.info\/site\/wp-content\/uploads\/2015\/09\/12069128652754603.jpg 500w\" sizes=\"(max-width: 464px) 100vw, 464px\" \/><\/a><\/p>\n<p>L\u2019ordre du jour du <strong>Conseil comm<\/strong>unal de mercredi est assez dense, logique puisqu\u2019il s\u2019agit du premier conseil depuis le mois de juin. Parmi les nombreux points abord\u00e9s, je vois que <strong>l\u2019asbl Lire &amp; Ecrire<\/strong> qui fait un merveilleux travail d\u2019alphab\u00e9tisation des adultes et qui occupait des locaux communaux chauss\u00e9e de Haecht, s\u2019installe durablement dans de nouveaux locaux de la Commune situ\u00e9s<strong> place Stephenson.<\/strong><\/p>\n<p><!--more--><\/p>\n<p>L\u2019enseignement communal \u00e9tant \u00e0 l\u2019\u00e9troit, avait repris les locaux occup\u00e9s par <strong>Lire &amp; Ecrire<\/strong> chauss\u00e9e de Haecht mais la commune s\u2019\u00e9tait engag\u00e9e \u00e0 relocaliser l\u2019asbl, ce qui est \u00e0 pr\u00e9sent chose faite.<\/p>\n","protected":false},"excerpt":{"rendered":"<p>L\u2019ordre du jour du Conseil communal de mercredi est assez dense, logique puisqu\u2019il s\u2019agit du premier conseil depuis le mois de juin. Parmi les nombreux points abord\u00e9s, je vois que l\u2019asbl Lire &amp; Ecrire qui fait un merveilleux travail d\u2019alphab\u00e9tisation des adultes et qui occupait des locaux communaux chauss\u00e9e de Haecht, s\u2019installe durablement dans de [&hellip;]<\/p>\n","protected":false},"author":1,"featured_media":0,"comment_status":"closed","ping_status":"closed","sticky":false,"template":"","format":"standard","meta":{"footnotes":""},"categories":[9,1],"tags":[],"class_list":["post-21241","post","type-post","status-publish","format-standard","hentry","category-actualites-schaerbeekoises","category-conseilcommunal","has-post-title","has-post-date","has-post-category","has-post-tag","has-post-comment","has-post-author",""],"builder_content":"","_links":{"self":[{"href":"https:\/\/www.jeanpierrevangorp.info\/site\/wp-json\/wp\/v2\/posts\/21241"}],"collection":[{"href":"https:\/\/www.jeanpierrevangorp.info\/site\/wp-json\/wp\/v2\/posts"}],"about":[{"href":"https:\/\/www.jeanpierrevangorp.info\/site\/wp-json\/wp\/v2\/types\/post"}],"author":[{"embeddable":true,"href":"https:\/\/www.jeanpierrevangorp.info\/site\/wp-json\/wp\/v2\/users\/1"}],"replies":[{"embeddable":true,"href":"https:\/\/www.jeanpierrevangorp.info\/site\/wp-json\/wp\/v2\/comments?post=21241"}],"version-history":[{"count":1,"href":"https:\/\/www.jeanpierrevangorp.info\/site\/wp-json\/wp\/v2\/posts\/21241\/revisions"}],"predecessor-version":[{"id":21243,"href":"https:\/\/www.jeanpierrevangorp.info\/site\/wp-json\/wp\/v2\/posts\/21241\/revisions\/21243"}],"wp:attachment":[{"href":"https:\/\/www.jeanpierrevangorp.info\/site\/wp-json\/wp\/v2\/media?parent=21241"}],"wp:term":[{"taxonomy":"category","embeddable":true,"href":"https:\/\/www.jeanpierrevangorp.info\/site\/wp-json\/wp\/v2\/categories?post=21241"},{"taxonomy":"post_tag","embeddable":true,"href":"https:\/\/www.jeanpierrevangorp.info\/site\/wp-json\/wp\/v2\/tags?post=21241"}],"curies":[{"name":"wp","href":"https:\/\/api.w.org\/{rel}","templated":true}]}}