{"id":21424,"date":"2015-10-29T04:56:51","date_gmt":"2015-10-29T03:56:51","guid":{"rendered":"http:\/\/www.jeanpierrevangorp.info\/site\/?p=21424"},"modified":"2015-10-28T14:00:12","modified_gmt":"2015-10-28T13:00:12","slug":"les-effets-negatifs-du-transfert-des-logements-communaux","status":"publish","type":"post","link":"https:\/\/www.jeanpierrevangorp.info\/site\/les-effets-negatifs-du-transfert-des-logements-communaux\/","title":{"rendered":"Les effets n\u00e9gatifs du transfert des logements communaux"},"content":{"rendered":"<p style=\"text-align: center;\"><a href=\"https:\/\/www.jeanpierrevangorp.info\/site\/wp-content\/uploads\/2015\/10\/a-louer-image.jpg\"><img loading=\"lazy\" decoding=\"async\" class=\"aligncenter size-full wp-image-21425\" alt=\"a-louer-image\" src=\"https:\/\/www.jeanpierrevangorp.info\/site\/wp-content\/uploads\/2015\/10\/a-louer-image.jpg\" width=\"450\" height=\"317\" \/><\/a><\/p>\n<p>A l\u2019ordre du jour du Conseil communal d\u2019hier figurait le <strong>transfert de 4 immeubles communaux au Foyer schaerbeekois<\/strong>. Pour rappel, la<strong> Commune<\/strong> a transf\u00e9r\u00e9 la gestion de quasi tout son <strong>patrimoine de logements au Foyer schaerbeekois et \u00e0 ASIS<\/strong>. Ces immeubles-ci r\u00e9cents, sont issus des contrats de quartier et situ\u00e9s<strong> rue Gendebien, rue Navez, rue Gallait et rue d\u2019Anethan.<\/strong><\/p>\n<p><!--more--><\/p>\n<p>Un <strong>principe transfert que le groupe PS n\u2019a pas soutenu<\/strong> en 2014 et pour cause. Aucune garantie pour les locataires de pouvoir continuer \u00e0 r\u00e9sider dans leur logement anciennement communal. A pr\u00e9sent, les cas se multiplient. Lorsque vos revenus d\u00e9passent les crit\u00e8res fix\u00e9s par le <strong>Foyer schaerbeekois<\/strong>, vous recevez votre renon locatif.<\/p>\n<p>Une situation que le <strong>PS<\/strong> avait imagin\u00e9e avec crainte et qui met aussi \u00e0 mal la mixit\u00e9 sociale au sein de complexes de logements. Car certains revenus d\u00e9passent certes ceux du Foyer mais restent n\u00e9anmoins de bas revenus, avec tout ce que cela comporte ensuite comme difficult\u00e9s \u00e0 trouver un appartement dans le secteur priv\u00e9.<\/p>\n","protected":false},"excerpt":{"rendered":"<p>A l\u2019ordre du jour du Conseil communal d\u2019hier figurait le transfert de 4 immeubles communaux au Foyer schaerbeekois. Pour rappel, la Commune a transf\u00e9r\u00e9 la gestion de quasi tout son patrimoine de logements au Foyer schaerbeekois et \u00e0 ASIS. Ces immeubles-ci r\u00e9cents, sont issus des contrats de quartier et situ\u00e9s rue Gendebien, rue Navez, rue [&hellip;]<\/p>\n","protected":false},"author":1,"featured_media":0,"comment_status":"closed","ping_status":"closed","sticky":false,"template":"","format":"standard","meta":{"footnotes":""},"categories":[9,1],"tags":[],"class_list":["post-21424","post","type-post","status-publish","format-standard","hentry","category-actualites-schaerbeekoises","category-conseilcommunal","has-post-title","has-post-date","has-post-category","has-post-tag","has-post-comment","has-post-author",""],"builder_content":"","_links":{"self":[{"href":"https:\/\/www.jeanpierrevangorp.info\/site\/wp-json\/wp\/v2\/posts\/21424"}],"collection":[{"href":"https:\/\/www.jeanpierrevangorp.info\/site\/wp-json\/wp\/v2\/posts"}],"about":[{"href":"https:\/\/www.jeanpierrevangorp.info\/site\/wp-json\/wp\/v2\/types\/post"}],"author":[{"embeddable":true,"href":"https:\/\/www.jeanpierrevangorp.info\/site\/wp-json\/wp\/v2\/users\/1"}],"replies":[{"embeddable":true,"href":"https:\/\/www.jeanpierrevangorp.info\/site\/wp-json\/wp\/v2\/comments?post=21424"}],"version-history":[{"count":1,"href":"https:\/\/www.jeanpierrevangorp.info\/site\/wp-json\/wp\/v2\/posts\/21424\/revisions"}],"predecessor-version":[{"id":21426,"href":"https:\/\/www.jeanpierrevangorp.info\/site\/wp-json\/wp\/v2\/posts\/21424\/revisions\/21426"}],"wp:attachment":[{"href":"https:\/\/www.jeanpierrevangorp.info\/site\/wp-json\/wp\/v2\/media?parent=21424"}],"wp:term":[{"taxonomy":"category","embeddable":true,"href":"https:\/\/www.jeanpierrevangorp.info\/site\/wp-json\/wp\/v2\/categories?post=21424"},{"taxonomy":"post_tag","embeddable":true,"href":"https:\/\/www.jeanpierrevangorp.info\/site\/wp-json\/wp\/v2\/tags?post=21424"}],"curies":[{"name":"wp","href":"https:\/\/api.w.org\/{rel}","templated":true}]}}