{"id":21787,"date":"2016-02-15T14:14:27","date_gmt":"2016-02-15T13:14:27","guid":{"rendered":"http:\/\/www.jeanpierrevangorp.info\/site\/?p=21787"},"modified":"2016-02-15T14:14:27","modified_gmt":"2016-02-15T13:14:27","slug":"diner-litteraire-a-la-maison-de-la-francite","status":"publish","type":"post","link":"https:\/\/www.jeanpierrevangorp.info\/site\/diner-litteraire-a-la-maison-de-la-francite\/","title":{"rendered":"D\u00eener litt\u00e9raire \u00e0 la Maison de la Francit\u00e9"},"content":{"rendered":"<p style=\"text-align: center;\"><a href=\"https:\/\/www.jeanpierrevangorp.info\/site\/wp-content\/uploads\/2016\/02\/MaisonDeLaFrancite.jpg\"><img loading=\"lazy\" decoding=\"async\" class=\"aligncenter size-full wp-image-21806\" alt=\"MaisonDeLaFrancite\" src=\"https:\/\/www.jeanpierrevangorp.info\/site\/wp-content\/uploads\/2016\/02\/MaisonDeLaFrancite.jpg\" width=\"440\" height=\"456\" \/><\/a><\/p>\n<p>La <strong>Maison de la Francit\u00e9 (rue Joseph II, 18 \u00e0 1000 Bruxelles)<\/strong> vous convie \u00e0 un <strong>d\u00eener litt\u00e9raire<\/strong> ayant pour th\u00e8me \u00ab Le<strong><em> corps au coeur des images<\/em> <\/strong>\u00bb. Il s\u2019agit d\u2019un concept culturel convivial et novateur : une conf\u00e9rence de 45 minutes est suivie d\u2019un d\u00e9bat se d\u00e9roulant autour d\u2019un petit repas concoct\u00e9 par un chef bruxellois.<\/p>\n<p><!--more--><\/p>\n<p>Les d\u00eeners litt\u00e9raires bruxellois offrent ainsi une opportunit\u00e9 sympathique de dialoguer, un verre \u00e0 la main, avec un auteur passionnant. <strong>Mercredi 17 f\u00e9vrier 2016 \u00e0 20 heures<\/strong>, c\u2019est <strong>Laurent de Sutter<\/strong> qui en est l\u2019invit\u00e9 avec animation par<strong> Rony Demaeseneer.<\/strong><\/p>\n<p><em>PAF : 8 euros (repas et boissons inclus) \u2013 Attention : places limit\u00e9es donc r\u00e9servations obligatoires &#8211; Contact &#8211; 02 219 49 33 &#8211; MDLF@maisondelafrancite.be<\/em><\/p>\n","protected":false},"excerpt":{"rendered":"<p>La Maison de la Francit\u00e9 (rue Joseph II, 18 \u00e0 1000 Bruxelles) vous convie \u00e0 un d\u00eener litt\u00e9raire ayant pour th\u00e8me \u00ab Le corps au coeur des images \u00bb. Il s\u2019agit d\u2019un concept culturel convivial et novateur : une conf\u00e9rence de 45 minutes est suivie d\u2019un d\u00e9bat se d\u00e9roulant autour d\u2019un petit repas concoct\u00e9 par [&hellip;]<\/p>\n","protected":false},"author":1,"featured_media":0,"comment_status":"closed","ping_status":"closed","sticky":false,"template":"","format":"standard","meta":{"footnotes":""},"categories":[15],"tags":[],"class_list":["post-21787","post","type-post","status-publish","format-standard","hentry","category-actualites-generales","has-post-title","has-post-date","has-post-category","has-post-tag","has-post-comment","has-post-author",""],"builder_content":"","_links":{"self":[{"href":"https:\/\/www.jeanpierrevangorp.info\/site\/wp-json\/wp\/v2\/posts\/21787"}],"collection":[{"href":"https:\/\/www.jeanpierrevangorp.info\/site\/wp-json\/wp\/v2\/posts"}],"about":[{"href":"https:\/\/www.jeanpierrevangorp.info\/site\/wp-json\/wp\/v2\/types\/post"}],"author":[{"embeddable":true,"href":"https:\/\/www.jeanpierrevangorp.info\/site\/wp-json\/wp\/v2\/users\/1"}],"replies":[{"embeddable":true,"href":"https:\/\/www.jeanpierrevangorp.info\/site\/wp-json\/wp\/v2\/comments?post=21787"}],"version-history":[{"count":2,"href":"https:\/\/www.jeanpierrevangorp.info\/site\/wp-json\/wp\/v2\/posts\/21787\/revisions"}],"predecessor-version":[{"id":21807,"href":"https:\/\/www.jeanpierrevangorp.info\/site\/wp-json\/wp\/v2\/posts\/21787\/revisions\/21807"}],"wp:attachment":[{"href":"https:\/\/www.jeanpierrevangorp.info\/site\/wp-json\/wp\/v2\/media?parent=21787"}],"wp:term":[{"taxonomy":"category","embeddable":true,"href":"https:\/\/www.jeanpierrevangorp.info\/site\/wp-json\/wp\/v2\/categories?post=21787"},{"taxonomy":"post_tag","embeddable":true,"href":"https:\/\/www.jeanpierrevangorp.info\/site\/wp-json\/wp\/v2\/tags?post=21787"}],"curies":[{"name":"wp","href":"https:\/\/api.w.org\/{rel}","templated":true}]}}