{"id":21818,"date":"2016-02-17T10:35:57","date_gmt":"2016-02-17T09:35:57","guid":{"rendered":"http:\/\/www.jeanpierrevangorp.info\/site\/?p=21818"},"modified":"2016-02-17T10:35:57","modified_gmt":"2016-02-17T09:35:57","slug":"colloque-sur-lemploi-lavenir-du-marche-du-travail-et-limpact-de-la-numerisation","status":"publish","type":"post","link":"https:\/\/www.jeanpierrevangorp.info\/site\/colloque-sur-lemploi-lavenir-du-marche-du-travail-et-limpact-de-la-numerisation\/","title":{"rendered":"Colloque sur l&#8217;emploi, l&rsquo;avenir du march\u00e9 du travail et l&rsquo;impact de la num\u00e9risation"},"content":{"rendered":"<p style=\"text-align: center;\"><a href=\"https:\/\/www.jeanpierrevangorp.info\/site\/wp-content\/uploads\/2016\/02\/unnamed1.jpg\"><img loading=\"lazy\" decoding=\"async\" class=\"aligncenter size-full wp-image-21819\" alt=\"unnamed\" src=\"https:\/\/www.jeanpierrevangorp.info\/site\/wp-content\/uploads\/2016\/02\/unnamed1.jpg\" width=\"310\" height=\"193\" \/><\/a><\/p>\n<p>Ce <strong>samedi 20 f\u00e9vrier d\u00e8s 9h00<\/strong>, avec <strong>Fadila Laanan et Gregor Chapelle<\/strong>, <strong>colloque exceptionnel au si\u00e8ge du PS Bruxellois <em>(36 rue du Vieux March\u00e9 aux grains \u00e0 1000 Bruxelles<\/em><\/strong>) sur<strong> l&#8217;emploi, l&rsquo;avenir du march\u00e9 du travail, l&rsquo;impact de la num\u00e9risation<\/strong>, etc.<\/p>\n<p><!--more--><\/p>\n<p>Voici le programme d\u00e9taill\u00e9 :<\/p>\n<p><strong><em>THEME 1 : L\u2019Automatisation comme facteur d\u2019augmentation des In\u00e9galit\u00e9s ?<\/em><\/strong><\/p>\n<p>\u2022 B. COLMANT \u2013 Membre de l&rsquo;Acad\u00e9mie Royale de Belgique, Docteur en Economie Appliqu\u00e9e (ULB) et Professeur d&rsquo;universit\u00e9. Il est actuellement Head of Macro Research \u00e0 la Banque DEGROOF PETERCAM<\/p>\n<p><em><strong>THEME 2 : Pour une r\u00e9duction collective de notre temps de travail ?<\/strong><\/em><\/p>\n<p>\u2022 E. MARTINEZ \u2013 Docteur en sciences politiques et sociales, Professeur \u00e0 la Facult\u00e9 de Philosophie et de Sciences sociales de l\u2019ULB<\/p>\n<p>\u2022 A. MARECHAL \u2013 Directrice du GEF &#8211; GEF &#8211; Green European Foundation<\/p>\n<p>\u2022 Ph. VAN MUYLDER \u2013 Secr\u00e9taire g\u00e9n\u00e9ral de la FGTB Bruxelles<\/p>\n<p><em><strong>THEME 3 : Bruxelles : l\u2019emploi et demain ? Pour un retour au keyn\u00e9sianisme.<\/strong><\/em><\/p>\n<p>\u2022 P. JORION &#8211; Docteur en Sciences Sociales de l\u2019Universit\u00e9 Libre de Bruxelles. Auteur, notamment, de l\u2019ouvrage \u00ab Penser tout haut l\u2019\u00e9conomie de Keynes \u00bb<\/p>\n<p>\u2022 E. de CALLATAY \u2013 Dipl\u00f4m\u00e9 en \u00e9conomie aux facult\u00e9s de Namur ainsi qu\u2019\u00e0 la London School of Economics, Ex-chief Economist \u00e0 la Banque DEGROOF, Charg\u00e9 de cours aux Universit\u00e9 de Namur et Louvain<\/p>\n<p><em><strong>\u00a0Pour s\u2019inscrire : un email \u00e0 psbruxelles@skynet.be ou par t\u00e9l\u00e9phone au 02\/511.10.37<\/strong><\/em><\/p>\n","protected":false},"excerpt":{"rendered":"<p>Ce samedi 20 f\u00e9vrier d\u00e8s 9h00, avec Fadila Laanan et Gregor Chapelle, colloque exceptionnel au si\u00e8ge du PS Bruxellois (36 rue du Vieux March\u00e9 aux grains \u00e0 1000 Bruxelles) sur l&#8217;emploi, l&rsquo;avenir du march\u00e9 du travail, l&rsquo;impact de la num\u00e9risation, etc.<\/p>\n","protected":false},"author":1,"featured_media":0,"comment_status":"closed","ping_status":"closed","sticky":false,"template":"","format":"standard","meta":{"footnotes":""},"categories":[14],"tags":[],"class_list":["post-21818","post","type-post","status-publish","format-standard","hentry","category-activites-ps","has-post-title","has-post-date","has-post-category","has-post-tag","has-post-comment","has-post-author",""],"builder_content":"","_links":{"self":[{"href":"https:\/\/www.jeanpierrevangorp.info\/site\/wp-json\/wp\/v2\/posts\/21818"}],"collection":[{"href":"https:\/\/www.jeanpierrevangorp.info\/site\/wp-json\/wp\/v2\/posts"}],"about":[{"href":"https:\/\/www.jeanpierrevangorp.info\/site\/wp-json\/wp\/v2\/types\/post"}],"author":[{"embeddable":true,"href":"https:\/\/www.jeanpierrevangorp.info\/site\/wp-json\/wp\/v2\/users\/1"}],"replies":[{"embeddable":true,"href":"https:\/\/www.jeanpierrevangorp.info\/site\/wp-json\/wp\/v2\/comments?post=21818"}],"version-history":[{"count":1,"href":"https:\/\/www.jeanpierrevangorp.info\/site\/wp-json\/wp\/v2\/posts\/21818\/revisions"}],"predecessor-version":[{"id":21820,"href":"https:\/\/www.jeanpierrevangorp.info\/site\/wp-json\/wp\/v2\/posts\/21818\/revisions\/21820"}],"wp:attachment":[{"href":"https:\/\/www.jeanpierrevangorp.info\/site\/wp-json\/wp\/v2\/media?parent=21818"}],"wp:term":[{"taxonomy":"category","embeddable":true,"href":"https:\/\/www.jeanpierrevangorp.info\/site\/wp-json\/wp\/v2\/categories?post=21818"},{"taxonomy":"post_tag","embeddable":true,"href":"https:\/\/www.jeanpierrevangorp.info\/site\/wp-json\/wp\/v2\/tags?post=21818"}],"curies":[{"name":"wp","href":"https:\/\/api.w.org\/{rel}","templated":true}]}}