{"id":23188,"date":"2018-05-24T05:28:06","date_gmt":"2018-05-24T04:28:06","guid":{"rendered":"http:\/\/www.jeanpierrevangorp.info\/site\/?p=23188"},"modified":"2018-04-15T06:30:17","modified_gmt":"2018-04-15T05:30:17","slug":"partie-1-insouciance-episode-7","status":"publish","type":"post","link":"https:\/\/www.jeanpierrevangorp.info\/site\/partie-1-insouciance-episode-7\/","title":{"rendered":"Episode 7 : C&rsquo;\u00e9tait au temps o\u00f9 Schaerbeek s&rsquo;enlisait&#8230;"},"content":{"rendered":"<p><img loading=\"lazy\" decoding=\"async\" class=\"aligncenter size-medium wp-image-23408\" src=\"https:\/\/www.jeanpierrevangorp.info\/site\/wp-content\/uploads\/2018\/07\/aaa-jpvg-caricature-7-464x311.jpg\" alt=\"aaa jpvg caricature 7\" width=\"464\" height=\"311\" srcset=\"https:\/\/www.jeanpierrevangorp.info\/site\/wp-content\/uploads\/2018\/07\/aaa-jpvg-caricature-7-464x311.jpg 464w, https:\/\/www.jeanpierrevangorp.info\/site\/wp-content\/uploads\/2018\/07\/aaa-jpvg-caricature-7.jpg 568w\" sizes=\"(max-width: 464px) 100vw, 464px\" \/><\/p>\n<p><strong><em>Premi\u00e8re partie : Insouciance &#8211; Episode 7<\/em><\/strong><\/p>\n<p>Focus sur la petite <strong>commune de Saint-Josse<\/strong> o\u00f9 j\u2019ai donc fait mes armes en politique, entre 1982 et 1987. La commune, voisine de <strong>Schaerbeek,<\/strong> comptait une majorit\u00e9 de population d\u2019origine non belge et les naturalisations \u00e9taient limit\u00e9es (la loi sur les naturalisations fut vot\u00e9e plus tard). Si bien que la minorit\u00e9 belgo-belge \u00e9tait politiquement dominante, alors qu\u2019elle repr\u00e9sentait \u00e0 peine un tiers de la population totale de la commune.<\/p>\n<p>A l\u2019\u00e9poque, <strong>Guy Cudell, bourgmestre socialiste<\/strong> en titre, faisait la pluie et le beau temps sur ses terres depuis des lustres. Un v\u00e9ritable potentat, un baron qui faisait le vide autour de lui. Tout-puissant, il eut une long\u00e9vit\u00e9 exceptionnelle puisqu\u2019il fut bourgmestre de 1953 \u00e0 1999 (soit 46 ans\u00a0!) au moment de son d\u00e9c\u00e8s. Un film documentaire r\u00e9alis\u00e9 en 1996 par <strong>Marie H\u00e9l\u00e8ne Massin,<\/strong> \u00ab\u00a0<strong><em>Le bourgmestre a dit\u00a0<\/em><\/strong>\u00bb, cadre tr\u00e8s bien ce personnage haut en couleur, jamais avare de coups de gueule au Conseil communal, remettant \u00e0 leur place conseillers et ceux qui ne partageaient pas ses id\u00e9es.\u00a0 Ses \u00e9chevins faisaient de la figuration, car c\u2019\u00e9tait lui seul qui gouvernait. Par contre, il faisait preuve d\u2019une extr\u00eame disponibilit\u00e9 (paternaliste) pour la population. En fait, sa commune \u00e9tait toute sa vie. Il connaissait mieux sa commune que son propre salon, ainsi que le pr\u00e9nom de la moiti\u00e9 de ses administr\u00e9s.<\/p>\n<p><!--more--><\/p>\n<p>Pendant la campagne \u00e9lectorale de 1982 qui fut lanc\u00e9e d\u00e8s le mois d\u2019ao\u00fbt, se multipli\u00e8rent rapidement des panneaux d\u2019affichage de 20m\u00b2. Sans aucune inscription et sur un fond bleu nuit, s\u2019y affichait, rayonnante, la photo de <strong>Guy Cudell<\/strong>, <strong>Bourgmestre de Saint- Josse-ten-Noode<\/strong>. L\u2019homme n\u2019avait nul besoin d\u2019en dire plus. Tout le monde dans la commune connaissait son mayeur.<\/p>\n<p>L\u2019UDRT allait cependant jouer les perturbateurs. Le parti pr\u00e9sentait une liste avec \u00e0 sa t\u00eate <strong>Michel G\u00e9oris<\/strong> plus une petite dizaine de candidats sans aucune exp\u00e9rience politique\u2026 dont moi.<\/p>\n<p><strong>G\u00e9oris<\/strong> avait d\u00e9j\u00e0 un long pass\u00e9 politique. Dans les ann\u00e9es 1960, il avait particip\u00e9 au mouvement \u00ab\u00a0La gauche\u00a0\u00bb. C\u2019est l\u00e0 qu\u2019il fit la rencontre de <strong>Guy Cudell<\/strong>. Autant dire que le courant ne passa pas entre les deux hommes, ceci expliquant pourquoi Cudell fit de cette petite liste UDRT sa cible privil\u00e9gi\u00e9e de campagne en 1982.<\/p>\n<p>La r\u00e9ponse de l\u2019UDRT fut du m\u00eame acabit. Une riposte digne d\u2019un grand vaudeville\u00a0: tracts provocateurs, billets de banque photocopi\u00e9s et coll\u00e9s savamment sur les affiches g\u00e9antes de <strong>Guy Cudell<\/strong> \u00e0 hauteur de ses poches\u2026<\/p>\n<p>Ces affiches traficot\u00e9es mirent <strong>Guy Cudell<\/strong> hors de lui. Il n\u2019avait pas l\u2019habitude de se faire houspiller de telle fa\u00e7on. Quoi\u00a0! Une contestation, une r\u00e9bellion sur ses propres terres\u00a0? Insupportable\u00a0! Les insultes volaient bas lors des meetings pr\u00e9-\u00e9lectoraux.<\/p>\n<p><img loading=\"lazy\" decoding=\"async\" class=\"aligncenter size-medium wp-image-23318\" src=\"https:\/\/www.jeanpierrevangorp.info\/site\/wp-content\/uploads\/2018\/07\/AAA-JPVG-Photo-\u00e9pisode-7-Bis-464x338.jpg\" alt=\"AAA JPVG Photo \u00e9pisode 7 Bis\" width=\"464\" height=\"338\" srcset=\"https:\/\/www.jeanpierrevangorp.info\/site\/wp-content\/uploads\/2018\/07\/AAA-JPVG-Photo-\u00e9pisode-7-Bis-464x338.jpg 464w, https:\/\/www.jeanpierrevangorp.info\/site\/wp-content\/uploads\/2018\/07\/AAA-JPVG-Photo-\u00e9pisode-7-Bis.jpg 478w\" sizes=\"(max-width: 464px) 100vw, 464px\" \/><\/p>\n<p>La liste de <strong>l\u2019UDRT<\/strong> qui n\u2019avait que 6 mois d\u2019existence, remporta malgr\u00e9 tout un joli succ\u00e8s avec 14% des suffrages. Un succ\u00e8s inesp\u00e9r\u00e9 dans cette petite commune de 20 000 habitants. Au lendemain du scrutin, l<strong>\u2019UDRT<\/strong> disposait d\u00e8s lors de t<strong>rois conseillers communaux<\/strong> (dont un certain <strong>Jean-Pierre Van Gorp<\/strong>) et d\u2019un <strong>conseiller de CPAS.<\/strong><\/p>\n<p>Ce fut incontestablement une \u00e9cole fabuleuse pour un jeune conseiller. J\u2019observais la \u00ab\u00a0b\u00eate politique\u00a0\u00bb qu\u2019\u00e9tait <strong>Guy Cudell<\/strong>. Sa politique \u00e9tait aux antipodes de celle pratiqu\u00e9e \u00e0 <strong>Schaerbeek<\/strong> par <strong>Roger Nols<\/strong> mais il y avait n\u00e9anmoins des similitudes dans l\u2019art de gouverner et de museler l\u2019opposition. Aucun membre de la majorit\u00e9 ne prenait la parole lors des s\u00e9ances du <strong>Conseil communal.<\/strong> C\u2019est lui qui menait le bal. Avec un art consomm\u00e9, <strong>Guy Cudell<\/strong> savait faire sortir l\u2019opposition de ses gongs pour l\u2019assommer ensuite.<\/p>\n<p>Il savait aussi endormir son auditoire et casser les vell\u00e9it\u00e9s de l\u2019opposition. Le temps de parole n\u2019\u00e9tant alors pas limit\u00e9, le B<strong>ourgmestre Cudell<\/strong> pouvait tenir le crachoir pendant des heures, comme il le fit un soir en nous faisant la gen\u00e8se de tous les architectes du 20<sup>\u00e8me<\/sup> si\u00e8cle. Autant vous dire qu\u2019ensuite les questions des conseillers se firent plut\u00f4t rares\u2026<\/p>\n<p>Son principal d\u00e9faut\u00a0? Il ne supportait pas la contestation. Ce qui l\u2019amena un jour \u00e0 prendre une \u00e9tonnante mesure vis-\u00e0-vis d\u2019habitants de l\u2019avenue Georges P\u00eatre qui avaient os\u00e9 lui tenir t\u00eate\u00a0: pas de cr\u00e8che de No\u00ebl dans le quartier en repr\u00e9sailles\u00a0!<\/p>\n<p>En quelques mois,<strong> l\u2019UDRT<\/strong> \u00e9tait devenue le fer de lance de la contestation au conseil communal. Nous n\u2019\u00e9tions pas toujours politiquement corrects, il faut bien l\u2019avouer, et souvent populistes, conc\u00e9dons-le. Cela exasp\u00e9rait la presse en g\u00e9n\u00e9ral et <strong>Fran\u00e7ois Robert, le journaliste du journal Le Soir<\/strong> en particulier.<\/p>\n<p>Et <strong>Schaerbeek<\/strong> dans tout cela\u00a0? Tandis que<strong> l\u2019UDRT<\/strong> jouait les trouble-f\u00eate dans la petite commune de Saint-Josse aux \u00e9lections de novembre 1982, la liste N.O.L.S. (FDF) en coalition avec le<strong> parti lib\u00e9ral et le PSC (futur CDH)<\/strong>, d\u00e9crochait une tr\u00e8s large majorit\u00e9.<\/p>\n<p>Le v\u00e9ritable coup de tonnerre se produisit le 28 septembre 1984. <strong>Nols<\/strong> afficha son vrai visage lorsqu\u2019il invita <strong>Jean-Marie Le Pen<\/strong> \u00e0 Schaerbeek. La conf\u00e9rence se tint au <strong>Neptunium<\/strong>, \u00e0 la piscine communale. Le<strong> FDF bruxellois<\/strong> prit imm\u00e9diatement et d\u00e9finitivement ses distances avec lui. Mais localement, il en alla tout autrement\u00a0: l\u2019ensemble des <strong>\u00e9lus FDF<\/strong> de la liste devint \u00ab<strong>\u00a0nolsiste<\/strong>\u00a0\u00bb.<\/p>\n<p>Il faut dire que <strong>Nols<\/strong> avait fait fort, en invitant Le<strong> Pen<\/strong>. La conf\u00e9rence d\u00e9clencha des \u00e9meutes dans le quartier et toutes les vitres vol\u00e8rent en \u00e9clats. Des ann\u00e9es plus tard, <strong>Christian Germain<\/strong>, alors responsable de la piscine \u00e0 l\u2019\u00e9poque, m\u2019avoua avoir souscrit une assurance bris de glace un mois plut\u00f4t en pr\u00e9vision\u2026<\/p>\n<p>A 17h30, les \u00e9chauffour\u00e9es se durcirent. Le<strong> commissaire en chef Fran\u00e7ois Smet<\/strong> informa <strong>Roger Nols<\/strong> qu\u2019il allait faire appel au bataillon de gendarmerie qui stationnait le long du <strong>parc Josaphat.<\/strong> <strong>Nols<\/strong> lui demanda d\u2019attendre mais le <strong>commissaire,<\/strong> voyant la situation se d\u00e9grader rapidement, craignit pour ses hommes et refusa de patienter. Les gendarmes intervinrent. Le lendemain, le <strong>commissaire en chef<\/strong> donnait sa d\u00e9mission au B<strong>ourgmestre Nols.<\/strong><\/p>\n<p><img loading=\"lazy\" decoding=\"async\" class=\"aligncenter size-full wp-image-23266\" src=\"https:\/\/www.jeanpierrevangorp.info\/site\/wp-content\/uploads\/2018\/07\/AAA-JPVG-photo-\u00e9pisode-7.jpg\" alt=\"AAA JPVG photo \u00e9pisode 7\" width=\"447\" height=\"373\" \/><\/p>\n<p>Le <strong>bourgmestre de Schaerbeek<\/strong> ne s\u2019arr\u00eata pas en si bon chemin. Les provocations se poursuivirent. Ainsi, <strong>Roger Nols<\/strong> arriva le matin du 31 d\u00e9cembre 1986 \u00e0 la <strong>maison communale<\/strong> \u00e0 dos de chameau\u2026 Une image qui fit la une des journaux t\u00e9l\u00e9vis\u00e9s. En quelques ann\u00e9es, la <strong>commune de Schaerbeek<\/strong> s\u2019est forg\u00e9 une bien triste r\u00e9putation. <strong>Nols<\/strong> avait galvaud\u00e9 \u00ab\u00a0ma commune\u00a0\u00bb de bien vilaine mani\u00e8re, j&rsquo;en pris conscience quelques ann\u00e9es plus tard.<\/p>\n<p>A <strong>Saint-Josse,<\/strong> je m\u2019ennuie de plus en plus (politiquement parlant) et la commune de mon enfance me manque. Au cours de l\u2019ann\u00e9e 1987, je d\u00e9cide de d\u00e9missionner du <strong>Conseil communal de Saint Josse<\/strong> pour revenir habiter \u00e0 <strong>Schaerbeek<\/strong>, au-dessus de mon imprimerie. J\u2019y accueille en outre ma tante et marraine bien aim\u00e9e, devenue trop \u00e2g\u00e9e pour vivre seule.<\/p>\n<p>D\u00e9bord\u00e9 de travail, je garde un \u0153il sur la d\u00e9rive politique schaerbeekoise. C\u2019est alors que ma vie bascule \u00e0 nouveau.<\/p>\n<p>A demain.<\/p>\n<p><!--themify_builder_static--><!--\/themify_builder_static--><\/p>\n","protected":false},"excerpt":{"rendered":"<p>Premi\u00e8re partie : Insouciance &#8211; Episode 7 Focus sur la petite commune de Saint-Josse o\u00f9 j\u2019ai donc fait mes armes en politique, entre 1982 et 1987. La commune, voisine de Schaerbeek, comptait une majorit\u00e9 de population d\u2019origine non belge et les naturalisations \u00e9taient limit\u00e9es (la loi sur les naturalisations fut vot\u00e9e plus tard). Si bien [&hellip;]<\/p>\n","protected":false},"author":1,"featured_media":0,"comment_status":"closed","ping_status":"closed","sticky":false,"template":"","format":"standard","meta":{"footnotes":""},"categories":[9,46],"tags":[],"class_list":["post-23188","post","type-post","status-publish","format-standard","hentry","category-actualites-schaerbeekoises","category-memoires","has-post-title","has-post-date","has-post-category","has-post-tag","has-post-comment","has-post-author",""],"builder_content":"","_links":{"self":[{"href":"https:\/\/www.jeanpierrevangorp.info\/site\/wp-json\/wp\/v2\/posts\/23188"}],"collection":[{"href":"https:\/\/www.jeanpierrevangorp.info\/site\/wp-json\/wp\/v2\/posts"}],"about":[{"href":"https:\/\/www.jeanpierrevangorp.info\/site\/wp-json\/wp\/v2\/types\/post"}],"author":[{"embeddable":true,"href":"https:\/\/www.jeanpierrevangorp.info\/site\/wp-json\/wp\/v2\/users\/1"}],"replies":[{"embeddable":true,"href":"https:\/\/www.jeanpierrevangorp.info\/site\/wp-json\/wp\/v2\/comments?post=23188"}],"version-history":[{"count":15,"href":"https:\/\/www.jeanpierrevangorp.info\/site\/wp-json\/wp\/v2\/posts\/23188\/revisions"}],"predecessor-version":[{"id":26030,"href":"https:\/\/www.jeanpierrevangorp.info\/site\/wp-json\/wp\/v2\/posts\/23188\/revisions\/26030"}],"wp:attachment":[{"href":"https:\/\/www.jeanpierrevangorp.info\/site\/wp-json\/wp\/v2\/media?parent=23188"}],"wp:term":[{"taxonomy":"category","embeddable":true,"href":"https:\/\/www.jeanpierrevangorp.info\/site\/wp-json\/wp\/v2\/categories?post=23188"},{"taxonomy":"post_tag","embeddable":true,"href":"https:\/\/www.jeanpierrevangorp.info\/site\/wp-json\/wp\/v2\/tags?post=23188"}],"curies":[{"name":"wp","href":"https:\/\/api.w.org\/{rel}","templated":true}]}}