{"id":23192,"date":"2018-05-26T05:06:55","date_gmt":"2018-05-26T04:06:55","guid":{"rendered":"http:\/\/www.jeanpierrevangorp.info\/site\/?p=23192"},"modified":"2018-02-10T16:20:14","modified_gmt":"2018-02-10T15:20:14","slug":"episode-8-cetait-au-temps-ou-schaerbeek-stagnait","status":"publish","type":"post","link":"https:\/\/www.jeanpierrevangorp.info\/site\/episode-8-cetait-au-temps-ou-schaerbeek-stagnait\/","title":{"rendered":"Episode 8 : C&rsquo;\u00e9tait au temps o\u00f9 Schaerbeek stagnait&#8230;"},"content":{"rendered":"<p><img loading=\"lazy\" decoding=\"async\" class=\"aligncenter size-medium wp-image-23523\" src=\"https:\/\/www.jeanpierrevangorp.info\/site\/wp-content\/uploads\/2017\/08\/aaa-jpvg-caricature-8-bis-464x311.jpg\" alt=\"aaa jpvg caricature 8 bis\" width=\"464\" height=\"311\" srcset=\"https:\/\/www.jeanpierrevangorp.info\/site\/wp-content\/uploads\/2017\/08\/aaa-jpvg-caricature-8-bis-464x311.jpg 464w, https:\/\/www.jeanpierrevangorp.info\/site\/wp-content\/uploads\/2017\/08\/aaa-jpvg-caricature-8-bis.jpg 752w\" sizes=\"(max-width: 464px) 100vw, 464px\" \/><\/p>\n<p><em><strong>Premi\u00e8re partie : Insouciance &#8211; Episode 8<\/strong><\/em><\/p>\n<p>Depuis 10 ans, j\u2019avais accumul\u00e9 les \u00e9preuves. Comme la mort de ma m\u00e8re puis celle de mon p\u00e8re. Comme les soucis li\u00e9s \u00e0 la gestion de mon imprimerie et la cogestion de trois \u00e9tablissements horeca. A tout cela s\u2019ajoutaient mes sorties nocturnes et un manque de sommeil presque constant.<\/p>\n<p>J\u2019ai fini par le payer cash. Un beau matin, je fus incapable de m\u2019extirper du lit. J\u2019\u00e9tais litt\u00e9ralement \u00e9puis\u00e9. Mon \u00e9tat ne cessa d\u2019empirer. Je fus victime d\u2019un hoquet presque permanent. Plus grave encore, j\u2019avais l\u2019impression que mes mains devenues moites \u00e9taient entr\u00e9es en transpiration\u2026Un ecz\u00e9ma tenace acheva de me d\u00e9moraliser. J\u2019appr\u00e9hendais de voir qui que ce soit, je me sentais oppress\u00e9. J\u2019\u00e9prouvais un sentiment de non-vie. J\u2019\u00e9tais en train de toucher le fond. La d\u00e9pression qui me guettait sournoisement avait fini par me rattraper en ce mois de septembre 1987.<\/p>\n<p><!--more--><\/p>\n<p>&nbsp;<\/p>\n<p><img loading=\"lazy\" decoding=\"async\" class=\"aligncenter size-medium wp-image-24024\" src=\"https:\/\/www.jeanpierrevangorp.info\/site\/wp-content\/uploads\/2018\/04\/AAA-JPVG-Photo-\u00e9pisode-8-334x464.jpg\" alt=\"AAA JPVG Photo \u00e9pisode 8\" width=\"334\" height=\"464\" srcset=\"https:\/\/www.jeanpierrevangorp.info\/site\/wp-content\/uploads\/2018\/04\/AAA-JPVG-Photo-\u00e9pisode-8-334x464.jpg 334w, https:\/\/www.jeanpierrevangorp.info\/site\/wp-content\/uploads\/2018\/04\/AAA-JPVG-Photo-\u00e9pisode-8-737x1024.jpg 737w, https:\/\/www.jeanpierrevangorp.info\/site\/wp-content\/uploads\/2018\/04\/AAA-JPVG-Photo-\u00e9pisode-8.jpg 744w\" sizes=\"(max-width: 334px) 100vw, 334px\" \/><\/p>\n<p><img loading=\"lazy\" decoding=\"async\" class=\"aligncenter size-medium wp-image-24025\" src=\"https:\/\/www.jeanpierrevangorp.info\/site\/wp-content\/uploads\/2018\/04\/AAA-JPVG-Photo-\u00e9pisode-8-bis-330x464.jpg\" alt=\"AAA JPVG Photo \u00e9pisode 8 bis\" width=\"330\" height=\"464\" srcset=\"https:\/\/www.jeanpierrevangorp.info\/site\/wp-content\/uploads\/2018\/04\/AAA-JPVG-Photo-\u00e9pisode-8-bis-330x464.jpg 330w, https:\/\/www.jeanpierrevangorp.info\/site\/wp-content\/uploads\/2018\/04\/AAA-JPVG-Photo-\u00e9pisode-8-bis-729x1024.jpg 729w, https:\/\/www.jeanpierrevangorp.info\/site\/wp-content\/uploads\/2018\/04\/AAA-JPVG-Photo-\u00e9pisode-8-bis.jpg 738w\" sizes=\"(max-width: 330px) 100vw, 330px\" \/><\/p>\n<p>Heureusement, je n\u2019\u00e9tais pas seul. Mes associ\u00e9s \u00e9taient aussi mes amis. Pendant trois mois, ils prirent enti\u00e8rement la gestion de mes affaires. Petit \u00e0 petit, je remontais la pente, m\u00eame si au final, il m\u2019a fallu pr\u00e8s de 3 ann\u00e9es pour sortir d\u00e9finitivement du tunnel.<\/p>\n<p>J\u2019en arrive au mois de d\u00e9cembre 1987. Devant chez moi, se d\u00e9roule une altercation. La querelle (pour une place de stationnement) d\u00e9g\u00e9n\u00e8re, opposant une personne du quartier d\u2019origine espagnole et une trentaine d\u2019individus. La voiture du pauvre monsieur est la cible de la vindicte populaire. De nombreux voisins et passants accourent et assistent \u00e0 la sc\u00e8ne sans broncher. Mon sang ne fait qu\u2019un tour et j\u2019interviens avec une certaine dose d\u2019inconscience, je dois bien l\u2019admettre. Etonnamment, tout ce petit monde finit par se calmer. Quand la patrouille de police arrive, personne hormis moi ne souhaite t\u00e9moigner, ce qui me choque profond\u00e9ment.<\/p>\n<p>Cet incident \u00e9tait r\u00e9v\u00e9lateur d\u2019un climat de plus en plus malsain dans le quartier. Cela faisait un petit temps d\u00e9j\u00e0 que les riverains et les commer\u00e7ants de <strong>l\u2019avenue Princesse Elisabeth<\/strong> se plaignaient d\u2019un sentiment d\u2019ins\u00e9curit\u00e9 grandissant. Mais le courage n\u2019\u00e9tait pas au rendez-vous lorsqu\u2019il fallait r\u00e9agir\u2026<\/p>\n<p><img loading=\"lazy\" decoding=\"async\" class=\"aligncenter size-medium wp-image-24023\" src=\"https:\/\/www.jeanpierrevangorp.info\/site\/wp-content\/uploads\/2018\/04\/AAA-JPVG-Photo-\u00e9pisode-8-2-324x464.jpg\" alt=\"AAA JPVG Photo \u00e9pisode 8-2\" width=\"324\" height=\"464\" srcset=\"https:\/\/www.jeanpierrevangorp.info\/site\/wp-content\/uploads\/2018\/04\/AAA-JPVG-Photo-\u00e9pisode-8-2-324x464.jpg 324w, https:\/\/www.jeanpierrevangorp.info\/site\/wp-content\/uploads\/2018\/04\/AAA-JPVG-Photo-\u00e9pisode-8-2.jpg 647w\" sizes=\"(max-width: 324px) 100vw, 324px\" \/><\/p>\n<p>Vers le milieu des ann\u00e9es 1980, certains quartiers de <strong>Schaerbeek<\/strong> ont \u00e9t\u00e9 plus ou moins abandonn\u00e9s par les pouvoirs publics locaux. Un changement lent et pernicieux. Les voyants \u00e9taient au rouge : peu ou moins de pr\u00e9sence polici\u00e8re, effectifs en chute libre dans les services de la police et de la propret\u00e9 publique, manque de travaux en voirie\u2026 Tous ces \u00e9l\u00e9ments faisaient-ils partie d\u2018une politique d\u00e9lib\u00e9r\u00e9e ?<\/p>\n<p><img loading=\"lazy\" decoding=\"async\" class=\"aligncenter size-medium wp-image-24026\" src=\"https:\/\/www.jeanpierrevangorp.info\/site\/wp-content\/uploads\/2018\/04\/AAA-JPVG-Photo-\u00e9pisode-8-1-392x464.jpg\" alt=\"AAA JPVG Photo \u00e9pisode 8-1\" width=\"392\" height=\"464\" srcset=\"https:\/\/www.jeanpierrevangorp.info\/site\/wp-content\/uploads\/2018\/04\/AAA-JPVG-Photo-\u00e9pisode-8-1-392x464.jpg 392w, https:\/\/www.jeanpierrevangorp.info\/site\/wp-content\/uploads\/2018\/04\/AAA-JPVG-Photo-\u00e9pisode-8-1.jpg 573w\" sizes=\"(max-width: 392px) 100vw, 392px\" \/><\/p>\n<p>Remontant la pente de la d\u00e9pression, je suis plus que jamais d\u00e9termin\u00e9 \u00e0 endosser le r\u00f4le de redresseur des torts. Cet incident constitue pour moi un petit \u00e9lectrochoc. Je d\u00e9cide donc de me rendre \u00e0 la permanence du <strong>bourgmestre Roger Nols<\/strong> pour lui faire part de mon m\u00e9contentement et de l\u2019inqui\u00e9tante d\u00e9gradation de la qualit\u00e9 de la vie de mon quartier.<\/p>\n<p>Lorsque j\u2019arrive \u00e0 la <strong>maison communale<\/strong>, je suis le 7\u00e8me d\u2019une file d\u2019attente de pr\u00e8s de 50 personnes !\u00a0 Je p\u00e9n\u00e8tre enfin dans le <strong>bureau du bourgmestre<\/strong>. Mes yeux balaient rapidement la grande pi\u00e8ce o\u00f9 plusieurs \u0153uvres d\u2019art sont accroch\u00e9es aux murs. Au centre, un grand bureau avec le<strong> bourgmestre Roger Nols<\/strong> assis, qui me lance : \u00ab<em> Que puis-je pour toi ?<\/em> \u00bb<\/p>\n<p>Il me conna\u00eet. Onze ans plus t\u00f4t, mon p\u00e8re avait fait campagne \u00e0 la t\u00eate d\u2019une liste intitul\u00e9e \u00ab Unit\u00e9 des Belges \u00bb. De plus, il sait que j\u2019\u00e9dite un journal local, \u00ab Le Grand Schaerbeek \u00bb. Je lui r\u00e9ponds sur le m\u00eame ton : \u00ab <em>Pour moi, rien monsieur le bourgmestre.\u00a0 Mais pour mon quartier plusieurs choses \u00bb.<\/em><\/p>\n<p>Je lui explique l\u2019incident. Il me rassure concernant les dommages sur le v\u00e9hicule du voisin. Par contre, pour les dysfonctionnements \u00e9voqu\u00e9s, il me dit que tout cela n\u2019est pas aussi simple. Il conclut en me l\u00e2chant : \u00ab <em>Cela tombe bien que tu sois venu me voir, car je cherche des jeunes dynamique pour participer aux \u00e9lections (de 1988) \u00bb.<\/em><\/p>\n<p>Je suis \u00e9tonn\u00e9, un peu perplexe. Je ne m\u2019attendais pas \u00e0 une offre d\u2019emploi ! Je lui r\u00e9ponds un peu pris de court que cela demande r\u00e9flexion. Mais en mon for int\u00e9rieur, les sentiments s\u2019entrechoquent et une intuition va me faire prendre une d\u00e9cision importante.<\/p>\n<p>A demain.<\/p>\n<p><!--themify_builder_static--><!--\/themify_builder_static--><\/p>\n","protected":false},"excerpt":{"rendered":"<p>Premi\u00e8re partie : Insouciance &#8211; Episode 8 Depuis 10 ans, j\u2019avais accumul\u00e9 les \u00e9preuves. Comme la mort de ma m\u00e8re puis celle de mon p\u00e8re. Comme les soucis li\u00e9s \u00e0 la gestion de mon imprimerie et la cogestion de trois \u00e9tablissements horeca. A tout cela s\u2019ajoutaient mes sorties nocturnes et un manque de sommeil presque [&hellip;]<\/p>\n","protected":false},"author":1,"featured_media":0,"comment_status":"closed","ping_status":"closed","sticky":false,"template":"","format":"standard","meta":{"footnotes":""},"categories":[9,46],"tags":[],"class_list":["post-23192","post","type-post","status-publish","format-standard","hentry","category-actualites-schaerbeekoises","category-memoires","has-post-title","has-post-date","has-post-category","has-post-tag","has-post-comment","has-post-author",""],"builder_content":"","_links":{"self":[{"href":"https:\/\/www.jeanpierrevangorp.info\/site\/wp-json\/wp\/v2\/posts\/23192"}],"collection":[{"href":"https:\/\/www.jeanpierrevangorp.info\/site\/wp-json\/wp\/v2\/posts"}],"about":[{"href":"https:\/\/www.jeanpierrevangorp.info\/site\/wp-json\/wp\/v2\/types\/post"}],"author":[{"embeddable":true,"href":"https:\/\/www.jeanpierrevangorp.info\/site\/wp-json\/wp\/v2\/users\/1"}],"replies":[{"embeddable":true,"href":"https:\/\/www.jeanpierrevangorp.info\/site\/wp-json\/wp\/v2\/comments?post=23192"}],"version-history":[{"count":10,"href":"https:\/\/www.jeanpierrevangorp.info\/site\/wp-json\/wp\/v2\/posts\/23192\/revisions"}],"predecessor-version":[{"id":25359,"href":"https:\/\/www.jeanpierrevangorp.info\/site\/wp-json\/wp\/v2\/posts\/23192\/revisions\/25359"}],"wp:attachment":[{"href":"https:\/\/www.jeanpierrevangorp.info\/site\/wp-json\/wp\/v2\/media?parent=23192"}],"wp:term":[{"taxonomy":"category","embeddable":true,"href":"https:\/\/www.jeanpierrevangorp.info\/site\/wp-json\/wp\/v2\/categories?post=23192"},{"taxonomy":"post_tag","embeddable":true,"href":"https:\/\/www.jeanpierrevangorp.info\/site\/wp-json\/wp\/v2\/tags?post=23192"}],"curies":[{"name":"wp","href":"https:\/\/api.w.org\/{rel}","templated":true}]}}