{"id":23196,"date":"2018-05-27T05:32:22","date_gmt":"2018-05-27T04:32:22","guid":{"rendered":"http:\/\/www.jeanpierrevangorp.info\/site\/?p=23196"},"modified":"2018-02-10T16:22:42","modified_gmt":"2018-02-10T15:22:42","slug":"episode-9-cetait-au-temps-ou-schaerbeek-simmobilisait","status":"publish","type":"post","link":"https:\/\/www.jeanpierrevangorp.info\/site\/episode-9-cetait-au-temps-ou-schaerbeek-simmobilisait\/","title":{"rendered":"Episode 9 : C&rsquo;\u00e9tait au temps o\u00f9 Schaerbeek s&rsquo;immobilisait&#8230;"},"content":{"rendered":"<p><img loading=\"lazy\" decoding=\"async\" class=\"aligncenter size-medium wp-image-23412\" src=\"https:\/\/www.jeanpierrevangorp.info\/site\/wp-content\/uploads\/2017\/07\/aaa-jpvg-caricature-9-464x307.jpg\" alt=\"aaa jpvg caricature 9\" width=\"464\" height=\"307\" srcset=\"https:\/\/www.jeanpierrevangorp.info\/site\/wp-content\/uploads\/2017\/07\/aaa-jpvg-caricature-9-464x307.jpg 464w, https:\/\/www.jeanpierrevangorp.info\/site\/wp-content\/uploads\/2017\/07\/aaa-jpvg-caricature-9.jpg 572w\" sizes=\"(max-width: 464px) 100vw, 464px\" \/><\/p>\n<p><strong><em>Premi\u00e8re partie : Insouciance &#8211; Episode 9<\/em> <\/strong><\/p>\n<p>Apr\u00e8s une longue absence, <strong>Michel G\u00e9oris<\/strong> me recontacte pour m\u2019informer que<strong> Roger Nols<\/strong> lui a parl\u00e9 de notre rencontre relative aux probl\u00e8mes dans mon quartier. <strong>Roger Nols<\/strong> serait, me confie-t-il, tr\u00e8s enthousiaste \u00e0 l\u2019id\u00e9e que je rejoigne sa liste pour les prochaines \u00e9lections communales. Je sortais de ma d\u00e9pression et je retrouvais confiance en moi. Je p\u00e8se le pour et le contre quant \u00e0 une \u00e9ventuelle participation. J\u2019h\u00e9site pourtant encore.<\/p>\n<p>Comme souvent, c\u2019est mon intuition qui finit par me convaincre. Je conditionne mon accord \u00e0 deux points essentiels : je souhaite \u00eatre candidat ind\u00e9pendant sur la liste et si mon score me permet d\u2019\u00eatre \u00e9lu et de si\u00e9ger ensuite au Coll\u00e8ge, j\u2019ambitionne le portefeuille de la jeunesse.<\/p>\n<p><!--more--><\/p>\n<p>C\u2019est avec un certain \u00e9tonnement que je re\u00e7ois une r\u00e9ponse positive. Il me faut d\u00e8s lors me mettre en mode \u00ab campagne \u00e9lectorale \u00bb pour me faire \u00e9lire avec suffisamment de voix compte tenu de la place : je suis tr\u00e8s loin dans la liste (27eme). Quelque part au milieu de la liste, un peu perdu.<\/p>\n<p>Une premi\u00e8re r\u00e9union publique de pr\u00e9sentation des candidats est organis\u00e9e en mai 1988 dans la salle du d\u00e9sormais c\u00e9l\u00e8bre <strong>Neptunium<\/strong>. Je dois avouer que celle-ci me met mal \u00e0 l\u2019aise. J\u2019avais toujours en m\u00e9moire la venue de Le Pen et de l\u2019\u00e9meute qui avait suivi. J\u2019avais nettement l\u2019impression qu\u2019il \u00e9manait de ces lieux des ondes n\u00e9gatives.<\/p>\n<p>Il ne me reste que quatre mois de campagne \u00e9lectorale dont deux mois (juillet et ao\u00fbt) en p\u00e9riode de vacances. Comment se faire remarquer au milieu de cette liste avec un tout petit budget ?<\/p>\n<p><img loading=\"lazy\" decoding=\"async\" class=\"aligncenter size-medium wp-image-24029\" src=\"https:\/\/www.jeanpierrevangorp.info\/site\/wp-content\/uploads\/2018\/04\/AAA-JPVG-Photo-\u00e9pisode-9-464x279.jpg\" alt=\"AAA JPVG Photo \u00e9pisode 9\" width=\"464\" height=\"279\" srcset=\"https:\/\/www.jeanpierrevangorp.info\/site\/wp-content\/uploads\/2018\/04\/AAA-JPVG-Photo-\u00e9pisode-9-464x279.jpg 464w, https:\/\/www.jeanpierrevangorp.info\/site\/wp-content\/uploads\/2018\/04\/AAA-JPVG-Photo-\u00e9pisode-9.jpg 484w\" sizes=\"(max-width: 464px) 100vw, 464px\" \/><\/p>\n<p>C\u2019est alors que je repense \u00e0 un stock de faire-part achet\u00e9s lors d\u2019une faillite. Dans le lot, certains mod\u00e8les \u00e9taient assez d\u00e9pass\u00e9s mais qu\u2019importe. Sans m\u2019en rendre compte sur le moment, le tract d\u00e9cal\u00e9 que je r\u00e9alise sera celui dont on parlera encore et encore. C\u2019\u00e9tait os\u00e9 mais sur le moment, cela me sembla une bonne id\u00e9e, sans plus. Je r\u00e9alise 45.000 faire-part de d\u00e9c\u00e8s (de quoi couvrir la totalit\u00e9 de la commune) avec en premi\u00e8re page le titre \u00ab Agir pour vivre \u00bb.\u00a0 Je peux vous assurer que l\u2019impact m\u00e9diatique local fut garanti et imm\u00e9diat. On ne parlait plus que de ce tract\/faire-part. En bien ou en mal. En effet, 46% l\u2019ont trouv\u00e9 dr\u00f4le car d\u00e9cal\u00e9, 50% l\u2019ont d\u00e9test\u00e9. Et au final, 4% ont tout de m\u00eame vot\u00e9 pour moi. D\u2019ailleurs \u00e0 chaque \u00e9lection,\u00a0 extr\u00eame droite et extr\u00eame gauche ne peuvent s\u2019emp\u00eacher d\u2019en reparler.<\/p>\n<p><img loading=\"lazy\" decoding=\"async\" class=\"aligncenter size-medium wp-image-24028\" src=\"https:\/\/www.jeanpierrevangorp.info\/site\/wp-content\/uploads\/2018\/04\/AAA-JPVG-Photo-\u00e9pisode-9-bis-392x464.jpg\" alt=\"AAA JPVG Photo \u00e9pisode 9 bis\" width=\"392\" height=\"464\" srcset=\"https:\/\/www.jeanpierrevangorp.info\/site\/wp-content\/uploads\/2018\/04\/AAA-JPVG-Photo-\u00e9pisode-9-bis-392x464.jpg 392w, https:\/\/www.jeanpierrevangorp.info\/site\/wp-content\/uploads\/2018\/04\/AAA-JPVG-Photo-\u00e9pisode-9-bis.jpg 396w\" sizes=\"(max-width: 392px) 100vw, 392px\" \/><\/p>\n<p>Des ann\u00e9es plus tard, en 1998, \u00e0 l\u2019occasion des \u00e9lections r\u00e9gionales, j\u2019ai r\u00e9alis\u00e9 un tract contre la mont\u00e9e des extr\u00e9mismes. Il fut nomin\u00e9 par le quotidien \u00ab <em><strong>La Libre Belgique<\/strong><\/em> \u00bb comme meilleur tract de la campagne. Pourtant, il n\u2019avait visiblement pas marqu\u00e9 les esprits comme l\u2019avait fait mon tract\/faire-part. Comme quoi\u2026<\/p>\n<p>Au lendemain des \u00e9lections, je rappelle \u00e0<strong> Roger Nols<\/strong> mes conditions et la promesse de me d\u00e9signer <strong>\u00e9chevin de la Jeunesse<\/strong>.<\/p>\n<p><strong>Roger Nols<\/strong> commence les man\u0153uvres politiques dont lui seul a le secret : il avait promis un \u00e9chevinat avant les \u00e9lections \u00e0 <strong>Guy Lalot (PS)<\/strong> mais demande \u00e0 sa propre majorit\u00e9 de le d\u00e9savouer par un vote afin de pouvoir faire volte-face quant \u00e0 cette promesse pr\u00e9-\u00e9lectorale. Man\u0153uvre assez douteuse bien dans la mani\u00e8re de <strong>Nols<\/strong>. Il faut cependant pr\u00e9ciser que <strong>Lalot<\/strong> \u00e9tait un personnage politiquement assez insupportable au point qu\u2019il sera \u00e9vinc\u00e9 du PS quelques ann\u00e9es plus tard.<\/p>\n<p>Sur sa lanc\u00e9e machiav\u00e9lique, <strong>Roger Nols<\/strong> tente de d\u00e9stabiliser le <strong>FDF<\/strong> local en lui proposant un \u00e9chevinat. La <strong>section locale du FDF<\/strong> qui a coup\u00e9 tous les ponts avec <strong>Nols<\/strong> refuse la proposition. Deux des quatre \u00e9lus quittent le<strong> FDF<\/strong> pour rejoindre<strong> Nols<\/strong>. Restent deux jeunes conseillers, <strong>Bernard Clerfayt et Michel De Herde<\/strong>, dans les rangs du <strong>FDF.<\/strong><\/p>\n<p>Au lendemain de ma prestation de serment, je d\u00e9couvre l\u2019impensable.<\/p>\n<p>A demain.<\/p>\n<p><!--themify_builder_static--><!--\/themify_builder_static--><\/p>\n","protected":false},"excerpt":{"rendered":"<p>Premi\u00e8re partie : Insouciance &#8211; Episode 9 Apr\u00e8s une longue absence, Michel G\u00e9oris me recontacte pour m\u2019informer que Roger Nols lui a parl\u00e9 de notre rencontre relative aux probl\u00e8mes dans mon quartier. Roger Nols serait, me confie-t-il, tr\u00e8s enthousiaste \u00e0 l\u2019id\u00e9e que je rejoigne sa liste pour les prochaines \u00e9lections communales. Je sortais de ma [&hellip;]<\/p>\n","protected":false},"author":1,"featured_media":0,"comment_status":"closed","ping_status":"closed","sticky":false,"template":"","format":"standard","meta":{"footnotes":""},"categories":[9,46],"tags":[],"class_list":["post-23196","post","type-post","status-publish","format-standard","hentry","category-actualites-schaerbeekoises","category-memoires","has-post-title","has-post-date","has-post-category","has-post-tag","has-post-comment","has-post-author",""],"builder_content":"","_links":{"self":[{"href":"https:\/\/www.jeanpierrevangorp.info\/site\/wp-json\/wp\/v2\/posts\/23196"}],"collection":[{"href":"https:\/\/www.jeanpierrevangorp.info\/site\/wp-json\/wp\/v2\/posts"}],"about":[{"href":"https:\/\/www.jeanpierrevangorp.info\/site\/wp-json\/wp\/v2\/types\/post"}],"author":[{"embeddable":true,"href":"https:\/\/www.jeanpierrevangorp.info\/site\/wp-json\/wp\/v2\/users\/1"}],"replies":[{"embeddable":true,"href":"https:\/\/www.jeanpierrevangorp.info\/site\/wp-json\/wp\/v2\/comments?post=23196"}],"version-history":[{"count":10,"href":"https:\/\/www.jeanpierrevangorp.info\/site\/wp-json\/wp\/v2\/posts\/23196\/revisions"}],"predecessor-version":[{"id":25360,"href":"https:\/\/www.jeanpierrevangorp.info\/site\/wp-json\/wp\/v2\/posts\/23196\/revisions\/25360"}],"wp:attachment":[{"href":"https:\/\/www.jeanpierrevangorp.info\/site\/wp-json\/wp\/v2\/media?parent=23196"}],"wp:term":[{"taxonomy":"category","embeddable":true,"href":"https:\/\/www.jeanpierrevangorp.info\/site\/wp-json\/wp\/v2\/categories?post=23196"},{"taxonomy":"post_tag","embeddable":true,"href":"https:\/\/www.jeanpierrevangorp.info\/site\/wp-json\/wp\/v2\/tags?post=23196"}],"curies":[{"name":"wp","href":"https:\/\/api.w.org\/{rel}","templated":true}]}}