{"id":23205,"date":"2018-05-30T05:34:49","date_gmt":"2018-05-30T04:34:49","guid":{"rendered":"http:\/\/www.jeanpierrevangorp.info\/site\/?p=23205"},"modified":"2018-03-21T11:39:38","modified_gmt":"2018-03-21T10:39:38","slug":"episode-10-cetait-au-temps-ou-schaerbeek-tremblait","status":"publish","type":"post","link":"https:\/\/www.jeanpierrevangorp.info\/site\/episode-10-cetait-au-temps-ou-schaerbeek-tremblait\/","title":{"rendered":"Episode 10 : C&rsquo;\u00e9tait au temps o\u00f9 Schaerbeek tremblait&#8230;"},"content":{"rendered":"<p><img loading=\"lazy\" decoding=\"async\" class=\"aligncenter size-medium wp-image-23414\" src=\"https:\/\/www.jeanpierrevangorp.info\/site\/wp-content\/uploads\/2017\/07\/aaa-jpvg-caricature-10-464x309.jpg\" alt=\"aaa jpvg caricature 10\" width=\"464\" height=\"309\" srcset=\"https:\/\/www.jeanpierrevangorp.info\/site\/wp-content\/uploads\/2017\/07\/aaa-jpvg-caricature-10-464x309.jpg 464w, https:\/\/www.jeanpierrevangorp.info\/site\/wp-content\/uploads\/2017\/07\/aaa-jpvg-caricature-10.jpg 569w\" sizes=\"(max-width: 464px) 100vw, 464px\" \/><\/p>\n<p><em><strong>Deuxi\u00e8me partie : Prises de conscience &#8211; Episode 10<\/strong><\/em><\/p>\n<p>Matin\u00e9e d\u2019un jeudi du d\u00e9but janvier 1989, place Colignon\u2026<\/p>\n<p>Apr\u00e8s avoir ouvert la porte, je d\u00e9couvre une pi\u00e8ce aust\u00e8re de 6 m sur 6m. Elle est spartiate\u00a0: une petite chemin\u00e9e surmont\u00e9e par un miroir, une grande armoire. Au milieu de la pi\u00e8ce, on aper\u00e7oit un bureau en bois tout simple, un vieux fauteuil et deux chaises. Le tout \u00e9clair\u00e9 par un lustre vieillot.<\/p>\n<p>Hormis le t\u00e9l\u00e9phone, il n\u2019y a rien de fonctionnel. Pas un classeur, pas un Bic, pas un papier, rien de chez rien. Face \u00e0 la chemin\u00e9e, se dresse une double porte en bois vitr\u00e9 donnant sur une pi\u00e8ce de la m\u00eame taille que la premi\u00e8re. Elle est remplie d\u2019armoires vides et contient deux bureaux. Sur l\u2019un d\u2019eux, se trouve un vieux combin\u00e9 t\u00e9l\u00e9phonique. Tel est<strong> le \u00ab\u00a0bureau\u00a0\u00bb d\u2019\u00e9chevin<\/strong> que l\u2019on m\u2019a attribu\u00e9.<\/p>\n<p><!--more-->Novice, je n\u2019avais jusqu\u2019alors pas saisi l\u2019importance des tractations post-\u00e9lections. J\u2019avais obtenu les comp\u00e9tences souhait\u00e9es et ne m\u2019\u00e9tais donc pas pr\u00e9occup\u00e9 du reste qui visiblement \u00e9tait loin d\u2019\u00eatre n\u00e9gligeable.<\/p>\n<p>Ainsi, j\u2019avais assist\u00e9 \u00e0 des foires d\u2019empoigne pour l\u2019attribution des <strong>cabinets d\u2019\u00e9chevins<\/strong>. Certains \u00e9tant plus imposants car d\u2019apparat que d\u2019autres, certains plus historiques ou plus ensoleill\u00e9s. N\u2019ayant rien revendiqu\u00e9, je me suis donc retrouv\u00e9 avec un modeste bureau au sous-sol, probablement aussi un message certain des anciens du <strong>Coll\u00e8ge<\/strong> et une forme d\u2019humiliation vis-\u00e0-vis du petit nouveau.<\/p>\n<p><img loading=\"lazy\" decoding=\"async\" class=\"aligncenter size-medium wp-image-24031\" src=\"https:\/\/www.jeanpierrevangorp.info\/site\/wp-content\/uploads\/2018\/04\/AAA-JPVG-Photo-\u00e9pisode-10-tri-464x409.jpg\" alt=\"AAA JPVG Photo \u00e9pisode 10 tri\" width=\"464\" height=\"409\" srcset=\"https:\/\/www.jeanpierrevangorp.info\/site\/wp-content\/uploads\/2018\/04\/AAA-JPVG-Photo-\u00e9pisode-10-tri-464x409.jpg 464w, https:\/\/www.jeanpierrevangorp.info\/site\/wp-content\/uploads\/2018\/04\/AAA-JPVG-Photo-\u00e9pisode-10-tri.jpg 570w\" sizes=\"(max-width: 464px) 100vw, 464px\" \/><\/p>\n<p>L\u2019acc\u00e8s \u00e0 mon bureau est du m\u00eame acabit\u00a0: dans les ann\u00e9es qui vont suivre, je r\u00e9p\u00e9terai des centaines de fois \u00e0 mes visiteurs ces mots \u00ab\u00a0<em>sous- sol, entr\u00e9e par la police puis suivre les fl\u00e8ches en carton\u00a0<\/em>\u00bb.<\/p>\n<p>Dans un silence total, je reste un long moment assis, prostr\u00e9, an\u00e9anti derri\u00e8re mon bureau en me demandant si je ne r\u00eave pas.<\/p>\n<p>Je ne suis pas au bout de mes surprises. Vers 11h30 de cette \u00e9trange matin\u00e9e, je sursaute, car on a\u00a0 frapp\u00e9 \u00e0 la porte. Celle-ci s\u2019ouvre. Une dame d\u2019une cinquantaine d\u2019ann\u00e9es se pr\u00e9sente\u00a0: \u00ab\u00a0<em>Bonjour Monsieur l\u2019Echevin, je m\u2019appelle Nicole Sanderson. On m\u2019a signifi\u00e9 ce matin que je suis votre secr\u00e9taire.\u00a0\u00bb<\/em><\/p>\n<p>Je lui propose de quitter cet endroit peu convivial et de prendre un caf\u00e9 \u00e0<strong> l\u2019Oldies<\/strong>, taverne bien plus engageante que mon bureau, situ\u00e9e en face de la <strong>maison communale<\/strong>. Je commence par me pr\u00e9senter. Ensuite, j\u2019\u00e9coute son histoire de 30 ann\u00e9es pass\u00e9es au sein de<strong> l\u2019administration schaerbeekoise<\/strong>. L\u2019atmosph\u00e8re se d\u00e9tend rapidement et nous parlons d\u00e9j\u00e0 de notre organisation future au sein du bureau.<\/p>\n<p>L\u2019apr\u00e8s-midi, d\u00e9boule dans mon bureau le <strong>chef du service Jeunesse Robert Van Brussel<\/strong>. C\u2019est un personnage brillant. Mais son engagement militant socialiste \u00e0 Evere lui a valu une mise \u00e0 l\u2019\u00e9cart progressive (en clair une voie de garage) dans <strong>l\u2019administration de Schaerbeek<\/strong>.<\/p>\n<p><img loading=\"lazy\" decoding=\"async\" class=\"aligncenter size-full wp-image-24060\" src=\"https:\/\/www.jeanpierrevangorp.info\/site\/wp-content\/uploads\/2018\/04\/AAA-JPVG-Photo-\u00e9pisode-10-2.jpg\" alt=\"AAA JPVG Photo \u00e9pisode 10 (2)\" width=\"456\" height=\"298\" \/><\/p>\n<p>Un bureau en sous-sol et un chef de service mal not\u00e9. Mes nouveaux <strong>coll\u00e8gues du Coll\u00e8ge \u00e9chevinal<\/strong> sont du genre cynique et manient un curieux humour. Un ex-UDRT associ\u00e9 \u00e0 un militant socialiste pur et dur. Ils ont d\u00fb trouver dr\u00f4le de \u00ab\u00a0punir\u00a0\u00bb <strong>Van Brussel<\/strong>.\u00a0 Ils se sont peut-\u00eatre dit aussi qu\u2019ils faisaient d\u2019une pierre deux coups\u00a0: sanctionner <strong>Van Brussel<\/strong> et par la m\u00eame occasion neutraliser <strong>Van Gorp.<\/strong><\/p>\n<p>Ce choix s\u2019av\u00e9rera pourtant \u00eatre la premi\u00e8re et probablement la pire erreur de cette majorit\u00e9. Mais cela nous ne le savons pas encore,<strong> Van Brussel<\/strong> et moi. Nous nous sentons l\u2019un et l\u2019autre plut\u00f4t mal \u00e0 l\u2019aise face \u00e0 une situation assez surr\u00e9aliste. Nous\u00a0 discutons durant plus de deux heures en essayant de mieux nous conna\u00eetre. Je me veux rassurant sur ma d\u00e9marche politique, m\u00eame si mon r\u00e9cent pass\u00e9 politique, \u00e0 ses yeux, ne plaide pas en ma faveur.<\/p>\n<p>En fait, il nous a fallu un peu de temps pour nous \u00ab\u00a0apprivoiser\u00a0\u00bb mutuellement et surtout nous appr\u00e9cier. Nous deviendrons finalement complices d\u2019une belle aventure qui durera tr\u00e8s exactement 2 ans 3 mois et 12 jours. Robert conna\u00eet Nicole depuis longtemps (l\u2019administration communale est une grande famille), ce qui facilite les contacts. C\u2019est donc \u00e0 trois que, tous les matins, nous lisons la presse dans laquelle je ne suis pas \u00e9pargn\u00e9.<\/p>\n<p>Je suis, dixit les m\u00e9dias, consid\u00e9r\u00e9 comme la brebis galeuse du nouveau <strong>Coll\u00e8ge.<\/strong> Aux yeux des m\u00e9dias, je suis \u00e0 la droite de la nouvelle majorit\u00e9, qui est d\u00e9j\u00e0 fort \u00e0 droite. Personnellement, je n\u2019imaginais pas qu\u2019il soit possible d\u2019\u00eatre encore plus \u00e0 droite que certains de mes coll\u00e8gues. Mais ce n\u2019est visiblement pas l\u2019opinion des journalistes. Pourquoi suis-je \u00e0 ce point stigmatis\u00e9\u00a0? Je connais le coupable. Mon tract de campagne m\u2019a certainement beaucoup aid\u00e9 \u00e0 me faire \u00e9lire, mais il a aussi laiss\u00e9 de vilaines traces. Le c\u00f4t\u00e9 d\u00e9cal\u00e9 est quant \u00e0 lui totalement pass\u00e9 aux oubliettes.<\/p>\n<p>Face aux attaques en r\u00e8gle de la presse, nous d\u00e9cidons de laisser passer la temp\u00eate avant de r\u00e9agir. Nous avons du pain sur la planche, car il faut tout mettre en place pour d\u00e9marrer notre <strong>cabinet \u00ab\u00a0Famille-Jeunesse\u00a0\u00bb.<\/strong><\/p>\n<p>Lors de la r\u00e9union hebdomadaire du <strong>Coll\u00e8ge<\/strong>, mes <strong>coll\u00e8gues \u00e9chevins<\/strong> me demandent hypocritement si tout se passe bien avec <strong>Robert<\/strong>. Je me garde bien d\u2019\u00e9voquer la relation de confiance qui s&rsquo;installe avec Robert. Je leur explique que l\u2019homme n\u2019a pas l\u2019air de se plaire chez moi. La bouche en c\u0153ur et l\u2019air affect\u00e9, ils me r\u00e9torquent qu\u2019il m\u2019appartient de le mettre au pas. Je les remercie pour leurs \u00ab\u00a0bons\u00a0\u00bb conseils.<\/p>\n<p>Nous abordons un peu plus tard le budget \u00ab\u00a0Famille Jeunesse\u00a0\u00bb. Et l\u00e0, je crois halluciner\u2026<\/p>\n<p>A demain.<\/p>\n<p><!--themify_builder_static--><!--\/themify_builder_static--><\/p>\n","protected":false},"excerpt":{"rendered":"<p>Deuxi\u00e8me partie : Prises de conscience &#8211; Episode 10 Matin\u00e9e d\u2019un jeudi du d\u00e9but janvier 1989, place Colignon\u2026 Apr\u00e8s avoir ouvert la porte, je d\u00e9couvre une pi\u00e8ce aust\u00e8re de 6 m sur 6m. Elle est spartiate\u00a0: une petite chemin\u00e9e surmont\u00e9e par un miroir, une grande armoire. Au milieu de la pi\u00e8ce, on aper\u00e7oit un bureau [&hellip;]<\/p>\n","protected":false},"author":1,"featured_media":0,"comment_status":"closed","ping_status":"closed","sticky":false,"template":"","format":"standard","meta":{"footnotes":""},"categories":[9,46],"tags":[],"class_list":["post-23205","post","type-post","status-publish","format-standard","hentry","category-actualites-schaerbeekoises","category-memoires","has-post-title","has-post-date","has-post-category","has-post-tag","has-post-comment","has-post-author",""],"builder_content":"","_links":{"self":[{"href":"https:\/\/www.jeanpierrevangorp.info\/site\/wp-json\/wp\/v2\/posts\/23205"}],"collection":[{"href":"https:\/\/www.jeanpierrevangorp.info\/site\/wp-json\/wp\/v2\/posts"}],"about":[{"href":"https:\/\/www.jeanpierrevangorp.info\/site\/wp-json\/wp\/v2\/types\/post"}],"author":[{"embeddable":true,"href":"https:\/\/www.jeanpierrevangorp.info\/site\/wp-json\/wp\/v2\/users\/1"}],"replies":[{"embeddable":true,"href":"https:\/\/www.jeanpierrevangorp.info\/site\/wp-json\/wp\/v2\/comments?post=23205"}],"version-history":[{"count":13,"href":"https:\/\/www.jeanpierrevangorp.info\/site\/wp-json\/wp\/v2\/posts\/23205\/revisions"}],"predecessor-version":[{"id":25810,"href":"https:\/\/www.jeanpierrevangorp.info\/site\/wp-json\/wp\/v2\/posts\/23205\/revisions\/25810"}],"wp:attachment":[{"href":"https:\/\/www.jeanpierrevangorp.info\/site\/wp-json\/wp\/v2\/media?parent=23205"}],"wp:term":[{"taxonomy":"category","embeddable":true,"href":"https:\/\/www.jeanpierrevangorp.info\/site\/wp-json\/wp\/v2\/categories?post=23205"},{"taxonomy":"post_tag","embeddable":true,"href":"https:\/\/www.jeanpierrevangorp.info\/site\/wp-json\/wp\/v2\/tags?post=23205"}],"curies":[{"name":"wp","href":"https:\/\/api.w.org\/{rel}","templated":true}]}}