{"id":23210,"date":"2018-05-31T05:46:35","date_gmt":"2018-05-31T04:46:35","guid":{"rendered":"http:\/\/www.jeanpierrevangorp.info\/site\/?p=23210"},"modified":"2018-03-21T11:42:05","modified_gmt":"2018-03-21T10:42:05","slug":"episode-11-cetait-au-temps-ou-schaerbeek-hallucinait","status":"publish","type":"post","link":"https:\/\/www.jeanpierrevangorp.info\/site\/episode-11-cetait-au-temps-ou-schaerbeek-hallucinait\/","title":{"rendered":"Episode 11 : C&rsquo;\u00e9tait au temps o\u00f9 Schaerbeek hallucinait&#8230;"},"content":{"rendered":"<p><img loading=\"lazy\" decoding=\"async\" class=\"aligncenter size-medium wp-image-23521\" src=\"https:\/\/www.jeanpierrevangorp.info\/site\/wp-content\/uploads\/2017\/08\/aaa-jpvg-caricature-11-464x306.jpg\" alt=\"aaa jpvg caricature 11\" width=\"464\" height=\"306\" srcset=\"https:\/\/www.jeanpierrevangorp.info\/site\/wp-content\/uploads\/2017\/08\/aaa-jpvg-caricature-11-464x306.jpg 464w, https:\/\/www.jeanpierrevangorp.info\/site\/wp-content\/uploads\/2017\/08\/aaa-jpvg-caricature-11-768x506.jpg 768w, https:\/\/www.jeanpierrevangorp.info\/site\/wp-content\/uploads\/2017\/08\/aaa-jpvg-caricature-11.jpg 939w\" sizes=\"(max-width: 464px) 100vw, 464px\" \/><\/p>\n<p><strong><em>Deuxi\u00e8me partie : Prises de conscience &#8211; Episode 11<br \/>\n<\/em><\/strong><\/p>\n<p>Avant de relater cette premi\u00e8re <strong>r\u00e9union du Coll\u00e8ge du 10 janvier 1989<\/strong>, quelques mots sur les lieux et la composition du <strong>Coll\u00e8ge. La salle du Coll\u00e8ge<\/strong> est imposante\u00a0: une \u00e9norme chemin\u00e9e y tr\u00f4ne. Aux fen\u00eatres, on aper\u00e7oit des vitraux sur lesquels sont grav\u00e9s des devises qui, il faut bien l\u2019avouer, sont alors aux antipodes de celles appliqu\u00e9es, lors des r\u00e9unions.<\/p>\n<p>La porte d\u2019entr\u00e9e donne sur l\u2019antichambre du <strong>cabinet du Bourgmestre. Michel Poncelet<\/strong>, huissier, y \u00ab\u00a0tr\u00f4ne\u00a0\u00bb. Il est l&rsquo;une des m\u00e9moires de notre administration communale, ayant connu quatre bourgmestres jusqu&rsquo;\u00e0 son d\u00e9part \u00e0 la retraite en 2017.<\/p>\n<p>Dans la <strong>Salle du Coll\u00e8ge<\/strong>, on trouve notamment d\u2019imposants rayonnages o\u00f9 s\u2019alignent, dans des ouvrages splendidement reli\u00e9s, tous les proc\u00e8s-verbaux des r\u00e9unions du <strong>Conseil communal de Schaerbeek<\/strong>. Parmi ceux-ci, j\u2019en ai rep\u00e9r\u00e9 un de la fin du XIXe si\u00e8cle, relatant une s\u00e9ance particuli\u00e8rement houleuse, avec des propos tr\u00e8s anim\u00e9s entre deux \u00e9lus. L\u2019\u00e9chauffour\u00e9e verbale se terminera d\u2019ailleurs par un duel \u00e0 l\u2019\u00e9p\u00e9e\u2026 Autres temps autres m\u0153urs ! Nous n\u2019en sommes heureusement plus l\u00e0.<\/p>\n<p><!--more--><\/p>\n<p><img loading=\"lazy\" decoding=\"async\" class=\"aligncenter size-full wp-image-23346\" src=\"https:\/\/www.jeanpierrevangorp.info\/site\/wp-content\/uploads\/2017\/07\/AAA-JPVG-Pdoto-\u00e9pisode-11.jpg\" alt=\"AAA JPVG Pdoto \u00e9pisode 11\" width=\"445\" height=\"206\" \/><\/p>\n<p>J\u2019en viens \u00e0 cette fameuse r\u00e9union dont je garde un souvenir assez d\u00e9sagr\u00e9able. Le cynisme de certains, les craintes des autres et les non-dits rendaient l\u2019ambiance franchement malsaine. Je suis assis au bout de l\u2019\u00e9norme table.\u00a0 Le <strong>Bourgmestre<\/strong> est au centre, dos \u00e0 la chemin\u00e9e, avec en face le <strong>Secr\u00e9taire communal<\/strong>. Cette assembl\u00e9e d\u2019une dizaine de personnes est coordonn\u00e9e et contr\u00f4l\u00e9e de main de ma\u00eetre par le <strong>Bourgmestre<\/strong>. Il appara\u00eet tel un dompteur face \u00e0 ses fauves, assist\u00e9 par le <strong>Secr\u00e9taire communal Henri Legein<\/strong>, qui au fil des ann\u00e9es, a construit une sorte de complicit\u00e9 avec le <strong>bourgmestre.<\/strong><\/p>\n<p><strong>Henri Legein<\/strong>, ing\u00e9nieur de formation, connaissait la <strong>Commune<\/strong> \u00e0 la perfection. Non seulement les rouages de l\u2019administration mais aussi tous les aspects techniques des dossiers. Il a pris une retraite bien m\u00e9rit\u00e9e lors de la d\u00e9mission de <strong>Roger Nols<\/strong> fin 1989. Ce fut incontestablement une grande perte pour <strong>l\u2019administration communale de Schaerbeek.<\/strong><\/p>\n<p>Autour de la table,\u00a0il y a\u00a0<strong>Philippe Op De Beek<\/strong> (Lib\u00e9ral n\u00e9erlandophone) en charge de l\u2019urbanisme. C\u2019est un proche du <strong>Bourgmestre.<\/strong> Il a des allures d\u2019hommes d\u2019affaires, mais il est ouvert et sympathique. Puis, est assis <strong>Jean-Marie Charels<\/strong> (Lib\u00e9ral) qui a le portefeuille de l\u2019Information et l&rsquo;Economie. C\u2019est l\u2019image m\u00eame du gendre id\u00e9al et du s\u00e9nateur am\u00e9ricain, toujours poli et discret. Mais avec des id\u00e9es tr\u00e8s \u00e0 droite et tr\u00e8s arr\u00eat\u00e9es.<\/p>\n<p>Vient ensuite<strong> Jean-Paul Bosquet<\/strong> (Lib\u00e9ral) \u00e0 <strong>l\u2019Instruction publique<\/strong> pour un troisi\u00e8me mandat. Derri\u00e8re ses petits yeux cyniques et son sourire en lame de rasoir, se cache un homme d\u2019un autre temps.<\/p>\n<p><strong>Jacques Nimal<\/strong> est aux finances (ex PSC devenu Nolsiste). Tr\u00e8s j\u00e9suite, il est du genre \u00e0 lancer de l\u2019huile sur les b\u00fbchers sans jamais les allumer.<\/p>\n<p><strong>Edward De Jaegher<\/strong> (CVP) est aux<strong> affaires flamandes<\/strong>, c\u2019est donc un poste tr\u00e8s politique au regard du contexte linguistique de l\u2019\u00e9poque. Tr\u00e8s prudent et discret, c\u2019est quelqu\u2019un capable de susciter un enthousiasme positif.<\/p>\n<p><strong>Claude Paulet<\/strong> (ex FDF devenu Nolsiste) est \u00e9chevin des <strong>Travaux publics et Classes moyennes<\/strong>. Un tr\u00e8s gros poste qui fait de lui le <strong>num\u00e9ro 2 du Coll\u00e8ge<\/strong> apr\u00e8s le <strong>bourgmestre<\/strong>. Derri\u00e8re ses \u00e9pais verres de lunettes, se dissimulent de petits yeux qui terroris\u00e8rent bien des fonctionnaires. L\u2019homme est connu pour ses col\u00e8res hom\u00e9riques. Individualiste forcen\u00e9, c\u2019est cependant un grand travailleur.<\/p>\n<p>A ses c\u00f4t\u00e9s, <strong>Bernard Guillaume<\/strong> (Lib\u00e9ral) en charge de <strong>l\u2019Etat Civil et de la Population.<\/strong> C\u2019est un homme clairement de droite, qui ne supporte pas les contrari\u00e9t\u00e9s. Allergique au changement, il est tatillon jusque dans les moindres d\u00e9tails.<\/p>\n<p><strong>Christian Germain<\/strong> (ex FDF devenu Nolsiste) est quant \u00e0 lui tr\u00e8s proche de <strong>Roger Nols.<\/strong> Il a <strong>l\u2019\u00e9chevinat des Sports.<\/strong> Il semble de prime abord assez rustre, car il est parfois brutal dans ses r\u00e9actions. Il peut cependant avoir un grand c\u0153ur dans des situations donn\u00e9es. C\u2019est un pragmatique. Souvenez-vous que lors de la venue de Jean-Marie Le Pen, il avait pris en urgence l\u2019initiative de souscrire une assurance bris de vitres pour les fen\u00eatres de la <strong>piscine du Neptunium<\/strong> o\u00f9 le leader de l\u2019extr\u00eame droite fran\u00e7aise \u00e9tait attendu.<\/p>\n<p>Et tout au bout de la table, votre serviteur. Je me la joue discr\u00e8te compte tenu de mes \u00ab\u00a0petites\u00a0\u00bb comp\u00e9tences. A c\u00f4t\u00e9 du bourgmestre, <strong>L\u00e9on Weustenraad<\/strong> (ex PS ex FDF devenu Nolsiste) est aux <strong>Beaux-Arts<\/strong>. Il est int\u00e9ressant de souligner qu\u2019\u00e0 cette \u00e9poque, on parlait de <strong>Beaux-Arts<\/strong> et certainement pas de <strong>Culture<\/strong> \u00e0<strong> Schaerbeek<\/strong>.\u00a0 L\u2019homme est tr\u00e8s cultiv\u00e9 et humain, mais il ne supporte pas les conflits et se r\u00e9v\u00e8le souvent incapable de trancher et de prendre une d\u00e9cision. Il remet alors les probl\u00e8mes aux calendes grecques.<\/p>\n<p>La r\u00e9union du<strong> Coll\u00e8ge<\/strong> commence par des monologues des anciens \u00e9chevins. Leur but est de bien marquer leur territoire. La s\u00e9ance se termine bient\u00f4t par un tour de table durant lequel chaque \u00e9chevin peut intervenir.<\/p>\n<p>Mon tour arrive enfin. Je m\u2019empresse de soumettre mes demandes mais je vois bien qu\u2019elles ne passionnent personne. C\u2019est m\u00eame l\u2019indiff\u00e9rence totale. Pour finir, j\u2019aborde la question financi\u00e8re\u00a0: quel sera le budget dont disposera mon d\u00e9partement\u00a0?<\/p>\n<p>C\u2019est le<strong> Bourgmestre<\/strong> lui-m\u00eame qui me r\u00e9pond\u00a0: \u00ab\u00a0<em>Les finances communales sont telles qu\u2019elles ne permettent pas des d\u00e9penses non indispensables. N\u00e9anmoins, tu auras un petit budget pour commencer\u00a0<\/em>\u00bb. Je le questionne sur le montant. R\u00e9ponse\u00a0: \u00ab<em>\u00a020.000 BEF mon gar\u00e7on\u00a0<\/em>\u00bb.<\/p>\n<p>J\u2019ai cru halluciner. 20.000 francs (500 \u20ac ) pour le budget jeunesse de toute une ann\u00e9e\u00a0! C\u2019est totalement d\u00e9sabus\u00e9 que je rejoins mes deux coll\u00e8gues au sous-sol pour leur annoncer la nouvelle. Mon chef de cabinet, plein d\u2019exp\u00e9rience, essaye de me rassurer en m\u2019expliquant que cela \u00e9tait pr\u00e9visible. J\u2019avoue que sur le moment, c\u2019en est trop pour moi\u00a0: d\u2019abord la d\u00e9ferlante m\u00e9diatique, puis l\u2019ambiance plomb\u00e9e de la<strong> r\u00e9union du Coll\u00e8ge<\/strong> et enfin un budget ridicule pour une commune qui compte plus de 35 000\u00a0 jeunes de moins de 21 ans.<\/p>\n<p>Comme je l\u2019ai fait \u00e0 de nombreuses reprises lorsque l\u2019horizon s\u2019assombrit, je prends la peine de me concentrer pleinement sur la question jusqu\u2019\u00e0 ce que je trouve une \u00e9bauche de solution. Au bout de quelques minutes, je prends mon t\u00e9l\u00e9phone (\u00e0 l\u2019\u00e9poque il n\u2019y avait pas encore de GSM) et je compose le num\u00e9ro. Au bout du fil, on d\u00e9croche.<\/p>\n<p>A demain.<\/p>\n<p><!--themify_builder_static--><!--\/themify_builder_static--><\/p>\n","protected":false},"excerpt":{"rendered":"<p>Deuxi\u00e8me partie : Prises de conscience &#8211; Episode 11 Avant de relater cette premi\u00e8re r\u00e9union du Coll\u00e8ge du 10 janvier 1989, quelques mots sur les lieux et la composition du Coll\u00e8ge. La salle du Coll\u00e8ge est imposante\u00a0: une \u00e9norme chemin\u00e9e y tr\u00f4ne. Aux fen\u00eatres, on aper\u00e7oit des vitraux sur lesquels sont grav\u00e9s des devises qui, [&hellip;]<\/p>\n","protected":false},"author":1,"featured_media":0,"comment_status":"closed","ping_status":"closed","sticky":false,"template":"","format":"standard","meta":{"footnotes":""},"categories":[9,46],"tags":[],"class_list":["post-23210","post","type-post","status-publish","format-standard","hentry","category-actualites-schaerbeekoises","category-memoires","has-post-title","has-post-date","has-post-category","has-post-tag","has-post-comment","has-post-author",""],"builder_content":"","_links":{"self":[{"href":"https:\/\/www.jeanpierrevangorp.info\/site\/wp-json\/wp\/v2\/posts\/23210"}],"collection":[{"href":"https:\/\/www.jeanpierrevangorp.info\/site\/wp-json\/wp\/v2\/posts"}],"about":[{"href":"https:\/\/www.jeanpierrevangorp.info\/site\/wp-json\/wp\/v2\/types\/post"}],"author":[{"embeddable":true,"href":"https:\/\/www.jeanpierrevangorp.info\/site\/wp-json\/wp\/v2\/users\/1"}],"replies":[{"embeddable":true,"href":"https:\/\/www.jeanpierrevangorp.info\/site\/wp-json\/wp\/v2\/comments?post=23210"}],"version-history":[{"count":13,"href":"https:\/\/www.jeanpierrevangorp.info\/site\/wp-json\/wp\/v2\/posts\/23210\/revisions"}],"predecessor-version":[{"id":25811,"href":"https:\/\/www.jeanpierrevangorp.info\/site\/wp-json\/wp\/v2\/posts\/23210\/revisions\/25811"}],"wp:attachment":[{"href":"https:\/\/www.jeanpierrevangorp.info\/site\/wp-json\/wp\/v2\/media?parent=23210"}],"wp:term":[{"taxonomy":"category","embeddable":true,"href":"https:\/\/www.jeanpierrevangorp.info\/site\/wp-json\/wp\/v2\/categories?post=23210"},{"taxonomy":"post_tag","embeddable":true,"href":"https:\/\/www.jeanpierrevangorp.info\/site\/wp-json\/wp\/v2\/tags?post=23210"}],"curies":[{"name":"wp","href":"https:\/\/api.w.org\/{rel}","templated":true}]}}