{"id":23214,"date":"2018-06-01T05:48:30","date_gmt":"2018-06-01T04:48:30","guid":{"rendered":"http:\/\/www.jeanpierrevangorp.info\/site\/?p=23214"},"modified":"2018-03-21T11:44:12","modified_gmt":"2018-03-21T10:44:12","slug":"episode-12-cetait-au-temps-ou-schaerbeek-observait","status":"publish","type":"post","link":"https:\/\/www.jeanpierrevangorp.info\/site\/episode-12-cetait-au-temps-ou-schaerbeek-observait\/","title":{"rendered":"Episode 12 : C&rsquo;\u00e9tait au temps o\u00f9 Schaerbeek observait&#8230;"},"content":{"rendered":"<p><img loading=\"lazy\" decoding=\"async\" class=\"aligncenter size-medium wp-image-23525\" src=\"https:\/\/www.jeanpierrevangorp.info\/site\/wp-content\/uploads\/2017\/08\/aaa-jpvg-caricature-12-464x308.jpg\" alt=\"aaa jpvg caricature 12\" width=\"464\" height=\"308\" srcset=\"https:\/\/www.jeanpierrevangorp.info\/site\/wp-content\/uploads\/2017\/08\/aaa-jpvg-caricature-12-464x308.jpg 464w, https:\/\/www.jeanpierrevangorp.info\/site\/wp-content\/uploads\/2017\/08\/aaa-jpvg-caricature-12-768x510.jpg 768w, https:\/\/www.jeanpierrevangorp.info\/site\/wp-content\/uploads\/2017\/08\/aaa-jpvg-caricature-12.jpg 941w\" sizes=\"(max-width: 464px) 100vw, 464px\" \/><\/p>\n<p><em><strong>Deuxi\u00e8me partie : Prises de conscience &#8211; Episode 12<br \/>\n<\/strong><\/em><\/p>\n<p>Seul dans mon bureau, j\u2019ai au bout du fil <strong>Didier Gosuin<\/strong> qui \u00e9tait \u00e0 l\u2019\u00e9poque <strong>Secr\u00e9taire d\u2019Etat \u00e0 la R\u00e9gion bruxelloise<\/strong>. Je le consid\u00e8re comme un v\u00e9ritable ami depuis que nous avons fait connaissance au ski voici une dizaine d\u2019ann\u00e9es. Je lui explique en quelques mots mon d\u00e9sarroi et nous d\u00e9cidons de nous retrouver le samedi qui suit pour d\u00e9jeuner dans un restaurant de Boitsfort, pour \u00eatre pr\u00e9cis aux \u00ab\u00a0Rives du Gange\u00a0\u00bb, en pr\u00e9sence aussi d&rsquo;Eliane, l&rsquo;\u00e9pouse de Didier.<\/p>\n<p>Il me dit d\u2019embl\u00e9e que j\u2019ai vraiment foutu la pagaille en acceptant de figurer sur cette liste, en voulant tout et son contraire, avec des discours peu clairs qui ne correspondent pas \u00e0 la politique que je d\u00e9sire mettre en place en faveur de le \u00a0jeunesse, sans parler de\u00a0mon tract \u00e9lectoral faire-part\u00a0qui \u00e9tait vraiment \u00ab\u00a0trop lourd\u00a0\u00bb.<\/p>\n<p><!--more--><\/p>\n<p>Ceci dit, je lui parle de ma situation \u00e0<strong> Schaerbeek<\/strong>. Il ne me juge pas et me confie qu\u2019il ne m\u2019a jamais per\u00e7u comme quelqu\u2019un d\u2019extr\u00e9miste et d\u2019intol\u00e9rant. Cependant, ce qu\u2019il avait lu dans la presse \u00e0 mon sujet le mettait mal \u00e0 l\u2019aise mais ma d\u00e9marche (le fait de venir vers lui et prendre conseil) le rassure. Il m\u2019avoue quand m\u00eame que si je ne l\u2019avais pas contact\u00e9 aujourd\u2019hui, il aurait sans doute cess\u00e9 de me fr\u00e9quenter.<\/p>\n<p><img loading=\"lazy\" decoding=\"async\" class=\"aligncenter size-full wp-image-23320\" src=\"https:\/\/www.jeanpierrevangorp.info\/site\/wp-content\/uploads\/2017\/07\/AAA-JPVG-Photo-\u00e9pisode-12.jpg\" alt=\"AAA JPVG Photo \u00e9pisode 12\" width=\"458\" height=\"369\" \/><\/p>\n<p>Durant le repas, je d\u00e9cris mes premi\u00e8res impressions au sein du <strong>Coll\u00e8ge<\/strong>, mes ridicules et d\u00e9risoires 20.000 FB (500\u20ac) de budget, la presse qui me d\u00e9crit comme un monstre sorti des t\u00e9n\u00e8bres, mes coll\u00e8gues \u00e9chevins dont certains ne sont pas loin d\u2019\u00eatre des psychopathes narcissiques.<\/p>\n<p>J\u2019insiste n\u00e9anmoins sur quelques points positifs\u00a0: <strong>Robert,<\/strong> comp\u00e9tent (et farouche opposant de ce coll\u00e8ge) mut\u00e9 chez moi pour que l\u2019un et l\u2019autre se neutralisent, ainsi que ma secr\u00e9taire qui\u00a0semble bien dispos\u00e9e \u00e0 mon \u00e9gard et pr\u00eate \u00e0 m\u2019aider. Nous identifions les diff\u00e9rents probl\u00e8mes et recherchons pour chacun d\u2019eux une piste de solution.<\/p>\n<p><strong>Didier<\/strong> attire mon attention sur diff\u00e9rentes opportunit\u00e9s existantes \u00e0 l\u2019\u00e9poque, dont celle mise en place par le <strong>Ministre Valmy F\u00e9aux. <\/strong>Celles-ci consistent \u00e0 mettre \u00e0 la disposition des communes d\u2019importants budgets pour les aider \u00e0 lancer un concept nomm\u00e9 \u00ab<em><strong>\u00a0\u00c9t\u00e9 Jeunes<\/strong><\/em>\u00a0\u00bb qui s\u2019inspirait d\u2019une initiative fran\u00e7aise de 1988 mise en place dans les villes de l\u2019Hexagone suite \u00e0 des \u00e9meutes qui avaient \u00e9clat\u00e9 lors de l\u2019\u00e9t\u00e9 1987 dans les banlieues, principalement \u00e0 Vaulx en Velin dans la r\u00e9gion lyonnaise.<\/p>\n<p>La<strong> Fondation Roi Baudouin<\/strong> a \u00e9galement des moyens pour financer des programmes propos\u00e9s par les communes. Nous \u00e9tendons nos investigations aux <strong>programmes europ\u00e9ens<\/strong> susceptibles d\u2019\u00eatre sollicit\u00e9s.<\/p>\n<p>La dynamique est en place, il ne reste plus qu\u2019\u00e0 d\u00e9velopper les projets, je pense que Robert sera \u00e0 la hauteur. Effectivement, je ne me suis pas tromp\u00e9. En un temps record, deux dossiers complets et remarquablement argument\u00e9s, sont boucl\u00e9s. Le premier est intitul\u00e9 \u00ab<strong><em>\u00a0Je pars en vacances \u00e0 Schaerbeek\u00a0<\/em><\/strong>\u00bb pour le projet \u00ab\u00a0<strong><em>Et\u00e9 Jeunes<\/em><\/strong>\u00a0\u00bb et le deuxi\u00e8me concerne l\u2019implantation d\u2019une piste de skate bord dans le <strong>parc de la jeunesse,<\/strong> ce projet est envoy\u00e9 \u00e0 la <strong>Fondation Roi Baudouin.<\/strong><\/p>\n<p>Tous les deux seront retenus et seront cit\u00e9s en exemples, nous en reparlerons plus tard.<\/p>\n<p>A la fin de notre repas, les objectifs \u00e9tant clairement fix\u00e9s, nous convenons qu\u2019il serait opportun de convier, avec beaucoup d\u2019humilit\u00e9, la presse pour exposer les actions que je d\u00e9sire soutenir dans les prochains mois.<\/p>\n<p>Il est d\u00e9cid\u00e9 d\u2019inviter les journalistes de <strong>La Derni\u00e8re Heure, du Soir, de La Libre Belgique, de la Lanterne<\/strong> (aujourd\u2019hui <strong>La Capitale<\/strong>), du <strong>Vlan<\/strong> (toute-bo\u00eete alors tr\u00e8s lu), T<strong>\u00e9l\u00e9 Bruxelles<\/strong> et enfin de la <strong>RTBF.<\/strong><\/p>\n<p>L\u2019id\u00e9e est d\u2019inviter les journalistes individuellement, et de consacrer \u00e0 chacun d\u2019eux\u00a0une heure\u00a0: un quart d\u2019heure o\u00f9 je me pr\u00e9sente et explique bri\u00e8vement mes premiers projets envisag\u00e9s, ensuite je suis \u00e0 leur disposition pour r\u00e9pondre \u00e0 toutes leurs questions, sans langue de bois mais parfois si n\u00e9cessaire avec une r\u00e9ponse <em>en off<\/em>. Ils respectent les r\u00e8gles du jeu, la formule pla\u00eet et de mon c\u00f4t\u00e9 je m\u2019engage \u00e0 les tenir au courant de l\u2019\u00e9volution des politiques que je compte d\u00e9velopper dans les mois futurs.<\/p>\n<p>Durant de nombreuses ann\u00e9es, j\u2019ai pu compter sur le soutien des m\u00e9dias pour mes multiples et divers projets. Certes sans complaisance de leur part mais toujours avec une belle m\u00e9diatisation . Et dire qu\u2019il y 30 ans de cela\u00a0!!!<\/p>\n<p>A demain.<\/p>\n<p><!--themify_builder_static--><!--\/themify_builder_static--><\/p>\n","protected":false},"excerpt":{"rendered":"<p>Deuxi\u00e8me partie : Prises de conscience &#8211; Episode 12 Seul dans mon bureau, j\u2019ai au bout du fil Didier Gosuin qui \u00e9tait \u00e0 l\u2019\u00e9poque Secr\u00e9taire d\u2019Etat \u00e0 la R\u00e9gion bruxelloise. Je le consid\u00e8re comme un v\u00e9ritable ami depuis que nous avons fait connaissance au ski voici une dizaine d\u2019ann\u00e9es. Je lui explique en quelques mots [&hellip;]<\/p>\n","protected":false},"author":1,"featured_media":0,"comment_status":"closed","ping_status":"closed","sticky":false,"template":"","format":"standard","meta":{"footnotes":""},"categories":[9,46],"tags":[],"class_list":["post-23214","post","type-post","status-publish","format-standard","hentry","category-actualites-schaerbeekoises","category-memoires","has-post-title","has-post-date","has-post-category","has-post-tag","has-post-comment","has-post-author",""],"builder_content":"","_links":{"self":[{"href":"https:\/\/www.jeanpierrevangorp.info\/site\/wp-json\/wp\/v2\/posts\/23214"}],"collection":[{"href":"https:\/\/www.jeanpierrevangorp.info\/site\/wp-json\/wp\/v2\/posts"}],"about":[{"href":"https:\/\/www.jeanpierrevangorp.info\/site\/wp-json\/wp\/v2\/types\/post"}],"author":[{"embeddable":true,"href":"https:\/\/www.jeanpierrevangorp.info\/site\/wp-json\/wp\/v2\/users\/1"}],"replies":[{"embeddable":true,"href":"https:\/\/www.jeanpierrevangorp.info\/site\/wp-json\/wp\/v2\/comments?post=23214"}],"version-history":[{"count":10,"href":"https:\/\/www.jeanpierrevangorp.info\/site\/wp-json\/wp\/v2\/posts\/23214\/revisions"}],"predecessor-version":[{"id":25812,"href":"https:\/\/www.jeanpierrevangorp.info\/site\/wp-json\/wp\/v2\/posts\/23214\/revisions\/25812"}],"wp:attachment":[{"href":"https:\/\/www.jeanpierrevangorp.info\/site\/wp-json\/wp\/v2\/media?parent=23214"}],"wp:term":[{"taxonomy":"category","embeddable":true,"href":"https:\/\/www.jeanpierrevangorp.info\/site\/wp-json\/wp\/v2\/categories?post=23214"},{"taxonomy":"post_tag","embeddable":true,"href":"https:\/\/www.jeanpierrevangorp.info\/site\/wp-json\/wp\/v2\/tags?post=23214"}],"curies":[{"name":"wp","href":"https:\/\/api.w.org\/{rel}","templated":true}]}}