{"id":24504,"date":"2018-09-04T06:13:38","date_gmt":"2018-09-04T05:13:38","guid":{"rendered":"http:\/\/www.jeanpierrevangorp.info\/site\/?p=24504"},"modified":"2018-02-22T16:58:55","modified_gmt":"2018-02-22T15:58:55","slug":"episode-107-cetait-au-temps-ou-schaerbeek-se-sublimait","status":"publish","type":"post","link":"https:\/\/www.jeanpierrevangorp.info\/site\/episode-107-cetait-au-temps-ou-schaerbeek-se-sublimait\/","title":{"rendered":"Episode 107 : C&rsquo;\u00e9tait au temps o\u00f9 Schaerbeek se sublimait&#8230;"},"content":{"rendered":"<p><img loading=\"lazy\" decoding=\"async\" class=\"aligncenter size-medium wp-image-25317\" src=\"https:\/\/www.jeanpierrevangorp.info\/site\/wp-content\/uploads\/2018\/09\/aaa-jpvg-caricature-107-464x309.jpg\" alt=\"\" width=\"464\" height=\"309\" srcset=\"https:\/\/www.jeanpierrevangorp.info\/site\/wp-content\/uploads\/2018\/09\/aaa-jpvg-caricature-107-464x309.jpg 464w, https:\/\/www.jeanpierrevangorp.info\/site\/wp-content\/uploads\/2018\/09\/aaa-jpvg-caricature-107.jpg 751w\" sizes=\"(max-width: 464px) 100vw, 464px\" \/><\/p>\n<p><em><strong>Troisi\u00e8me partie : Action consciente &#8211; Episode 107<\/strong><\/em><\/p>\n<p>Le<strong> th\u00e9\u00e2tre 140<\/strong> a fait le plein. Les 800 places ont \u00e9t\u00e9 r\u00e9serv\u00e9es pour la traditionnelle f\u00eate des grands-parents avec cette ann\u00e9e au programme le r\u00e9pertoire d\u2019Edith Piaf chant\u00e9 par Maria D et son orchestre symphonique.<\/p>\n<p>J\u2019ai pris contact avec<strong> Anna<\/strong>, la nonag\u00e9naire qui s\u2019\u00e9tait pr\u00e9sent\u00e9e \u00e0 la premi\u00e8re \u00e9lection de Miss Senior en interpr\u00e9tant \u00ab\u00a0Cheri bibi\u00a0\u00bb une chanson de l\u2019entre deux guerres. Sa chanson f\u00e9tiche qu\u2019elle ne r\u00e9sista pas \u00e0 entonner lors de la <strong>visite royale d\u2019Albert II et Paola au centre Pater Baudry.<\/strong><\/p>\n<p><!--more--><\/p>\n<p>Comme d\u00e9j\u00e0 relat\u00e9,<strong> Anna<\/strong> m\u2019a alors expliqu\u00e9 qu\u2019elle avait toute sa vie entendu chanter les artistes du <strong>Th\u00e9\u00e2tre royal de la Monnaie<\/strong> avec orchestre et que cela la fascinait. Son r\u00eave ultime \u00e9tait de pouvoir un jour chanter \u00ab\u00a0sa\u00a0\u00bb chanson devant un public et surtout avec un orchestre.<\/p>\n<p>Tout au long de mes mandats successifs d\u2019\u00e9chevin, il y a eu des d\u00e9clics qui ont fait que les choses ont heureusement pu se mettre en place.<\/p>\n<p>Il est 14 heures. J\u2019ai demand\u00e9 au service des seniors qu\u2019Anna se trouve tout devant. Dans l\u2019assistance aussi au premier rang une amie infirmi\u00e8re car mieux vaut \u00eatre prudent. Vous allez comprendre.<\/p>\n<p>Je monte donc sur la sc\u00e8ne devant le rideau rouge,\u00a0souhaite la bienvenue au public et j&rsquo;en profite pour remercier toutes celles et ceux qui s\u2019investissent toute l\u2019ann\u00e9e pour les activit\u00e9s et animations seniors.<\/p>\n<p>Je leur annonce alors une petite modification au programme et invite <strong>Anna<\/strong> \u00e0 venir me rejoindre. Comme elle n\u2019a vraiment pas froid aux yeux, elle arrive aussit\u00f4t. J\u2019explique au public qu\u2019<strong>Anna<\/strong> qui a une superbe voix, va nous interpr\u00e9ter sa chanson favorite car c\u2019est son r\u00eave depuis toujours.<\/p>\n<p>Je lui donne le micro et vais m\u2019asseoir. <strong>Anna<\/strong> qui n\u2019a d\u00e9finitivement pas sa langue dans sa poche, me lance\u00a0: \u00ab\u00a0<em>Mon r\u00eave c\u2019\u00e9tait avec un orchestre\u00a0<\/em>\u00bb. Je lui fais signe de commencer \u00e0 chanter. Aux premi\u00e8res notes, le rideau s\u2019ouvre. Tout un orchestre est pr\u00e9sent. Au final, c\u2019est moi qui ai failli d\u00e9faillir sous le coup de l\u2019\u00e9motion car <strong>Anna<\/strong>, le moment initial de surprise vite pass\u00e9, a assur\u00e9 comme une professionnelle. La salle lui r\u00e9serva des applaudissements nourris. Ce jour-l\u00e0 comme \u00e0 d\u2019autres moments de ma vie politique locale, je me suis dit qu\u2019\u00eatre \u00e9chevin, c\u2019\u00e9tait parfois le plus beau m\u00e9tier du monde.<\/p>\n<p><strong>Anna<\/strong> s\u2019est endormie \u00e0 son domicile fin novembre 2005 \u00e0 l\u2019\u00e2ge de 94 ans emportant avec elle son r\u00eave devenu r\u00e9alit\u00e9.<\/p>\n<p>Au niveau des relations au sein du Coll\u00e8ge, j\u2019ai de plus en plus un ressenti qui ne me va pas, qui ne m\u2019agr\u00e9e pas. Je me sens comme si j\u2019\u00e9touffais. Lors de la pause de table des r\u00e9unions hebdomadaires du Coll\u00e8ge le mardi, j\u2019ai l\u2019impression d\u2019\u00eatre un extra-terrestre parmi eux tellement j\u2019ai la conviction de plus en plus prononc\u00e9e que je ne suis plus au bon endroit. Toutefois mon hyper activit\u00e9 de tous les jours balaye \u00e0 chaque fois ces sentiments mitig\u00e9s.<\/p>\n<p>Ma bronchite devenue chronique n\u2019arrange pas les choses et m\u2019oblige \u00e0 d\u00e9ployer encore plus d\u2019\u00e9nergie. Il faut dire que je fumais \u00e0 ce moment-l\u00e0 presque deux paquets par jour. Mais ces moments d\u2019abstinence n\u2019ont jamais dur\u00e9. En gros d\u00e8s que je sentais que mes poumons allaient mieux, c\u2019\u00e9tait reparti. J\u2019aurais aim\u00e9 ne fumer que \u00ab\u00a0pour le plaisir\u00a0\u00bb apr\u00e8s un bon repas mais allumer une cigarette signifiait pour moi me relancer dans cette spirale infernale. J\u2019\u00e9tais v\u00e9ritablement accro et donc cela me stressait aussi \u00e9norm\u00e9ment au vu de ma sant\u00e9.<\/p>\n<p><img loading=\"lazy\" decoding=\"async\" class=\"aligncenter size-medium wp-image-24765\" src=\"https:\/\/www.jeanpierrevangorp.info\/site\/wp-content\/uploads\/2018\/07\/AAA-JPVG-Photo-\u00e9pisode-107-7-264x464.jpg\" alt=\"\" width=\"264\" height=\"464\" srcset=\"https:\/\/www.jeanpierrevangorp.info\/site\/wp-content\/uploads\/2018\/07\/AAA-JPVG-Photo-\u00e9pisode-107-7-264x464.jpg 264w, https:\/\/www.jeanpierrevangorp.info\/site\/wp-content\/uploads\/2018\/07\/AAA-JPVG-Photo-\u00e9pisode-107-7-583x1024.jpg 583w, https:\/\/www.jeanpierrevangorp.info\/site\/wp-content\/uploads\/2018\/07\/AAA-JPVG-Photo-\u00e9pisode-107-7.jpg 726w\" sizes=\"(max-width: 264px) 100vw, 264px\" \/><\/p>\n<p>Depuis quelques mois, les rumeurs bruissent de l\u2019arriv\u00e9e de <strong>Laurette Onkelinx<\/strong> \u00e0 Schaerbeek. Elle est install\u00e9e alors avec les siens pr\u00e8s du rond-point Montgomery.<\/p>\n<p>Les uns et les autres opinent quant \u00e0 ce futur nouveau \u00ab\u00a0parachutage\u00a0\u00bb comme on dit en politique d\u2019une grosse pointure apr\u00e8s celui de <strong>Daniel Ducarme<\/strong> en 2000. Ce dernier, qui a \u00e9t\u00e9 contraint \u00e0 la d\u00e9mission du gouvernement bruxellois \u00e0 la veille des \u00e9lections r\u00e9gionales de 2004, commence \u00e0 refaire parler de lui depuis qu&rsquo;il a r\u00e9gl\u00e9 ses probl\u00e8mes avec le fisc. Il entame des man\u0153uvres d\u2019approche de la <strong>section MR de Schaerbeek<\/strong> o\u00f9 l\u2019accueil est plut\u00f4t mitig\u00e9 voire froid.<\/p>\n<p>A demain<\/p>\n<p><!--themify_builder_static--><!--\/themify_builder_static--><\/p>\n","protected":false},"excerpt":{"rendered":"<p>Troisi\u00e8me partie : Action consciente &#8211; Episode 107 Le th\u00e9\u00e2tre 140 a fait le plein. Les 800 places ont \u00e9t\u00e9 r\u00e9serv\u00e9es pour la traditionnelle f\u00eate des grands-parents avec cette ann\u00e9e au programme le r\u00e9pertoire d\u2019Edith Piaf chant\u00e9 par Maria D et son orchestre symphonique. J\u2019ai pris contact avec Anna, la nonag\u00e9naire qui s\u2019\u00e9tait pr\u00e9sent\u00e9e \u00e0 [&hellip;]<\/p>\n","protected":false},"author":1,"featured_media":0,"comment_status":"closed","ping_status":"closed","sticky":false,"template":"","format":"standard","meta":{"footnotes":""},"categories":[9,46],"tags":[],"class_list":["post-24504","post","type-post","status-publish","format-standard","hentry","category-actualites-schaerbeekoises","category-memoires","has-post-title","has-post-date","has-post-category","has-post-tag","has-post-comment","has-post-author",""],"builder_content":"","_links":{"self":[{"href":"https:\/\/www.jeanpierrevangorp.info\/site\/wp-json\/wp\/v2\/posts\/24504"}],"collection":[{"href":"https:\/\/www.jeanpierrevangorp.info\/site\/wp-json\/wp\/v2\/posts"}],"about":[{"href":"https:\/\/www.jeanpierrevangorp.info\/site\/wp-json\/wp\/v2\/types\/post"}],"author":[{"embeddable":true,"href":"https:\/\/www.jeanpierrevangorp.info\/site\/wp-json\/wp\/v2\/users\/1"}],"replies":[{"embeddable":true,"href":"https:\/\/www.jeanpierrevangorp.info\/site\/wp-json\/wp\/v2\/comments?post=24504"}],"version-history":[{"count":8,"href":"https:\/\/www.jeanpierrevangorp.info\/site\/wp-json\/wp\/v2\/posts\/24504\/revisions"}],"predecessor-version":[{"id":25511,"href":"https:\/\/www.jeanpierrevangorp.info\/site\/wp-json\/wp\/v2\/posts\/24504\/revisions\/25511"}],"wp:attachment":[{"href":"https:\/\/www.jeanpierrevangorp.info\/site\/wp-json\/wp\/v2\/media?parent=24504"}],"wp:term":[{"taxonomy":"category","embeddable":true,"href":"https:\/\/www.jeanpierrevangorp.info\/site\/wp-json\/wp\/v2\/categories?post=24504"},{"taxonomy":"post_tag","embeddable":true,"href":"https:\/\/www.jeanpierrevangorp.info\/site\/wp-json\/wp\/v2\/tags?post=24504"}],"curies":[{"name":"wp","href":"https:\/\/api.w.org\/{rel}","templated":true}]}}