{"id":24507,"date":"2018-09-05T05:18:05","date_gmt":"2018-09-05T04:18:05","guid":{"rendered":"http:\/\/www.jeanpierrevangorp.info\/site\/?p=24507"},"modified":"2018-02-22T17:07:20","modified_gmt":"2018-02-22T16:07:20","slug":"episode-108-cetait-au-temps-ou-schaerbeek-se-fatiguait","status":"publish","type":"post","link":"https:\/\/www.jeanpierrevangorp.info\/site\/episode-108-cetait-au-temps-ou-schaerbeek-se-fatiguait\/","title":{"rendered":"Episode 108 : C&rsquo;\u00e9tait au temps o\u00f9 Schaerbeek se fatiguait&#8230;"},"content":{"rendered":"<p><img loading=\"lazy\" decoding=\"async\" class=\"aligncenter size-medium wp-image-25319\" src=\"https:\/\/www.jeanpierrevangorp.info\/site\/wp-content\/uploads\/2018\/09\/aaa-jpvg-caricature-108-464x308.jpg\" alt=\"\" width=\"464\" height=\"308\" srcset=\"https:\/\/www.jeanpierrevangorp.info\/site\/wp-content\/uploads\/2018\/09\/aaa-jpvg-caricature-108-464x308.jpg 464w, https:\/\/www.jeanpierrevangorp.info\/site\/wp-content\/uploads\/2018\/09\/aaa-jpvg-caricature-108.jpg 753w\" sizes=\"(max-width: 464px) 100vw, 464px\" \/><\/p>\n<p><em><strong>Troisi\u00e8me partie : Action consciente &#8211; Episode 108<\/strong><\/em><\/p>\n<p>Enfin arrive le 9 ao\u00fbt 2005 et son<strong> Meyboom<\/strong>. Cette journ\u00e9e m\u2019a vraiment fait cette ann\u00e9e-l\u00e0 un bien fou. Ce fut une sorte de d\u00e9paysement dans cet oasis de folklore en compagnie de <strong>Toine et des b\u00fbumdroegers<\/strong>, un moment de rel\u00e2chement avec les <strong>bourgmestres Freddy Thielemans pour Bruxelles et Jean Demannez pour Saint-Josse<\/strong>. Je dois bien avouer que cela me \u00ab\u00a0rebooste\u00a0\u00bb pour un tour.<\/p>\n<p><!--more--><\/p>\n<p><img loading=\"lazy\" decoding=\"async\" class=\"aligncenter size-medium wp-image-24768\" src=\"https:\/\/www.jeanpierrevangorp.info\/site\/wp-content\/uploads\/2018\/07\/AAA-JPVG-Photo-\u00e9pisode-107-6-290x464.jpg\" alt=\"\" width=\"290\" height=\"464\" srcset=\"https:\/\/www.jeanpierrevangorp.info\/site\/wp-content\/uploads\/2018\/07\/AAA-JPVG-Photo-\u00e9pisode-107-6-290x464.jpg 290w, https:\/\/www.jeanpierrevangorp.info\/site\/wp-content\/uploads\/2018\/07\/AAA-JPVG-Photo-\u00e9pisode-107-6.jpg 594w\" sizes=\"(max-width: 290px) 100vw, 290px\" \/><\/p>\n<p>Au niveau politique, la situation schaerbeekoise devient tendue dans la perspective des\u00a0 <strong>\u00e9lections communales d\u2019octobre 2006<\/strong>. Les manoeuvres de <strong>Daniel Ducarme<\/strong> pour r\u00e9cup\u00e9rer la <strong>section MR<\/strong> cr\u00e9ent des divisions fratricides au sein de la section locale. L\u2019\u00e9clatement est \u00e9vit\u00e9 de justesse en raison de l\u2019arriv\u00e9e de <strong>Laurette Onkelinx<\/strong>. Il faut en effet serrer les rangs face \u00e0 la menace d\u2019un raz-de-mar\u00e9e socialiste.<\/p>\n<p>Cependant, <strong>Daniel Ducarme<\/strong> sera mis sur la touche et ne reviendra jamais aux manettes. Les cicatrices ne gu\u00e9riront pas chez certains mandataires et militants lib\u00e9raux, ce qui provoquera le <strong>schisme de la section locale du MR en 2012<\/strong> mais cela c\u2019est une autre histoire.<\/p>\n<p>Je dois finalement \u00eatre hospitalis\u00e9 en raison de mes probl\u00e8mes pulmonaires r\u00e9currents. Au cours de ce s\u00e9jour \u00e0<strong> l&rsquo;h\u00f4pital Paul Brien<\/strong>, j\u2019ai beaucoup r\u00e9fl\u00e9chi en premier \u00e0 ma sant\u00e9 \u00e9videmment mais aussi \u00e0 mes questionnements sur le futur de Schaerbeek. Les r\u00e9ponses comme d\u2019habitude si je peux dire, allaient se pr\u00e9senter d\u2019elles-m\u00eames.<\/p>\n<p><img loading=\"lazy\" decoding=\"async\" class=\"aligncenter size-medium wp-image-24769\" src=\"https:\/\/www.jeanpierrevangorp.info\/site\/wp-content\/uploads\/2018\/07\/AAA-JPVG-Photo-\u00e9pisode-108-3-464x181.jpg\" alt=\"\" width=\"464\" height=\"181\" srcset=\"https:\/\/www.jeanpierrevangorp.info\/site\/wp-content\/uploads\/2018\/07\/AAA-JPVG-Photo-\u00e9pisode-108-3-464x181.jpg 464w, https:\/\/www.jeanpierrevangorp.info\/site\/wp-content\/uploads\/2018\/07\/AAA-JPVG-Photo-\u00e9pisode-108-3.jpg 660w\" sizes=\"(max-width: 464px) 100vw, 464px\" \/><\/p>\n<p>Alors que je suis encore hospitalis\u00e9 mais avec mon gsm pr\u00e8s de moi, j\u2019apprends que lors du <strong>Coll\u00e8ge \u00e9chevinal<\/strong> d\u2019o\u00f9 je suis forc\u00e9ment absent, <strong>Bernard Clerfayt<\/strong> a r\u00e9ussi \u00e0 r\u00e9cup\u00e9rer un million d\u2019euros initialement pr\u00e9vus\u00a0pour la propret\u00e9 \u00e0 un nouveau service de<strong> stewards de rue<\/strong>. Service qui est devenu plus tard celui des gardiens de la paix. Sur le moment mon sang ne fit qu\u2019un tour et cette man\u0153uvre politique me fit sortir de mes gongs. D\u2019ailleurs lorsque l\u2019infirmi\u00e8re passa pour prendre ma tension, elle me mit en garde et me mena\u00e7a de me retirer mon gsm si je ne me calmais pas\u2026<\/p>\n<p><img loading=\"lazy\" decoding=\"async\" class=\"aligncenter size-medium wp-image-24770\" src=\"https:\/\/www.jeanpierrevangorp.info\/site\/wp-content\/uploads\/2018\/07\/AAA-JPVG-Photo-\u00e9pisode-108-2-342x464.jpg\" alt=\"\" width=\"342\" height=\"464\" srcset=\"https:\/\/www.jeanpierrevangorp.info\/site\/wp-content\/uploads\/2018\/07\/AAA-JPVG-Photo-\u00e9pisode-108-2-342x464.jpg 342w, https:\/\/www.jeanpierrevangorp.info\/site\/wp-content\/uploads\/2018\/07\/AAA-JPVG-Photo-\u00e9pisode-108-2.jpg 569w\" sizes=\"(max-width: 342px) 100vw, 342px\" \/><\/p>\n<p>Je pense pouvoir affirmer que c\u2019est \u00e0 ce moment-l\u00e0 que dans ma t\u00eate, le d\u00e9clic se fit d\u00e9finitivement. Soit j\u2019arr\u00eatais la politique, soit il fallait rectifier la <strong>trajectoire politique de Schaerbeek<\/strong>. Je devins absolument persuad\u00e9 qu\u2019une <strong>alliance PS-FDF<\/strong> serait une aubaine pour Schaerbeek et les Schaerbeekois de par les relais des deux partis aux diff\u00e9rents \u00e9chelons de pouvoir mais aussi sur des connexions possibles de programme et de projet de ville.<\/p>\n<p>Quelques semaines plus tard, alors que je fais la file au Colruyt, mon GSM se met \u00e0 sonner. Je d\u00e9croche et j\u2019entends une voix famili\u00e8re de la t\u00e9l\u00e9vision. C\u2019est <strong>Laurette Onkelinx<\/strong>. Elle avait obtenu mes coordonn\u00e9es par l\u2019entremise de <strong>Philippe Moureaux<\/strong> que j\u2019avais rencontr\u00e9 par le biais de la <strong>d\u00e9put\u00e9e Amina Derbaki<\/strong>. Nous prenons rendez-vous pour nous rencontrer \u00e0 son cabinet de<strong> Vice-Premi\u00e8re Ministre rue du Commerce<\/strong> \u00e0 l\u2019\u00e9poque.<\/p>\n<p>Ce premier contact \u00e9tabli un vendredi, est rest\u00e9 inscrit dans ma m\u00e9moire. Nous avons parl\u00e9 de<strong> Schaerbeek<\/strong> durant plus d\u2019une heure. De son \u00e9volution positive, de mes inqui\u00e9tudes par rapport \u00e0 la politique du logement et notamment pour les seniors, de mon envie d\u2019une plus grande proximit\u00e9 politique-citoyen et de ma motivation \u00e0 vouloir porter des projets qui allaient parfois \u00e0 contre-courant de la ligne fix\u00e9e par la majorit\u00e9.<\/p>\n<p><img loading=\"lazy\" decoding=\"async\" class=\"aligncenter size-medium wp-image-24771\" src=\"https:\/\/www.jeanpierrevangorp.info\/site\/wp-content\/uploads\/2018\/07\/kinetix-348x464.jpg\" alt=\"\" width=\"348\" height=\"464\" \/><\/p>\n<p>Un exemple parmi d\u2019autres. La pause de la premi\u00e8re pierre du chantier du<strong> complexe sportif Kinetix boulevard Lambermont<\/strong>. Certes la salle omnisports \u00e9tait n\u00e9cessaire au vu des besoins sportifs de nos clubs et des jeunes mais \u00e0 quel prix\u00a0!<\/p>\n<p>Le montage pr\u00e9voyait que sur ce terrain communal, un promoteur construirait une salle de sports pour la Commune mais aussi \u00e0 titre priv\u00e9 des logements moyens, des locaux et une salle de sports. Le cahier des charges fut bien respect\u00e9 mais la Commune a \u00e9t\u00e9 le dindon de la farce. D\u00e9j\u00e0 \u00e0 la base, le terrain avait perdu de sa valeur puisqu\u2019on ne pouvait d\u00e9sormais y construire de l\u2019\u00e9quipement collectif et du logement moyen.<\/p>\n<p>En plus de payer pour la <strong>gestion de la salle omnisports, la Commune<\/strong> prit en location quatre espaces sur les cinq construits par le promoteur. Ne croyez pas que la <strong>Commune<\/strong>\u00a0eut\u00a0droit \u00e0 rabais, bien au contraire. Les locations d\u2019un espace pour la<strong> biblioth\u00e8que francophone<\/strong>, pour la <strong>biblioth\u00e8que n\u00e9erlandophone<\/strong>, pour une <strong>extension de la biblioth\u00e8que francophone<\/strong> et pour la <strong>cr\u00e8che Antar\u00e8s<\/strong> co\u00fbtent environ 1 million d\u2019euros par an aux finances communales. Quand on sait que la salle omnisport est \u00e9valu\u00e9e \u00e0 2,5 millions d\u2019euros, le calcul de l\u2019amortissement pour une salle qui ne sera communale qu\u2019au terme d\u2019un bail de 99 ans, est vite fait. A partir de 2006, on a d\u00e9j\u00e0 beaucoup\u00a0\u00e0 cette \u00e9poque de \u00ab\u00a0<strong><em>bonne gouvernance\u00a0<\/em><\/strong>\u00bb\u00a0, c\u2019\u00e9tait devenu le leitmotiv que l\u2019on servait \u00e0 toutes les sauces. Cela donne une id\u00e9e de la bonne gouvernance, \u00e0 tout le moins des deniers publics.<\/p>\n<p>Avec <strong>Laurette Onkelinx<\/strong>, nous convenons de nous revoir dans un mois.<\/p>\n<p>Apr\u00e8s une r\u00e9union FDF qui s\u2019\u00e9tait d\u00e9roul\u00e9e au <strong>Th\u00e9\u00e2tre de la place des Martyrs<\/strong>, nous nous retrouvons autour d\u2019un verre. Au cours de la discussion, un militant de la section fait part de sa vision en vue des prochaines \u00e9lections\u00a0: que je reprenne la direction de la <strong>section FDF de Schaerbeek<\/strong> vu que j\u2019avais anim\u00e9 avec succ\u00e8s la campagne de l\u2019an 2000. Je per\u00e7us dans le regard de <strong>Bernard Clerfayt<\/strong> qu\u2019en tous les cas, lui ne pensait pas du tout la m\u00eame chose.<\/p>\n<p>Je r\u00e9alisais bien que certes on m\u2019appr\u00e9ciait car je jouissais d&rsquo;une certaine\u00a0notori\u00e9t\u00e9\u00a0mais j\u2019aga\u00e7ais aussi. Je n\u2019avais peut-\u00eatre pas toujours la mani\u00e8re de le dire car je reprochais beaucoup d\u2019attitudes et prises de position \u00e0 <strong>Bernard Clerfayt,<\/strong> dont \u00e0 cette \u00e9poque-l\u00e0 son manque de contact avec les r\u00e9alit\u00e9s du terrain \u00e0 c\u00f4t\u00e9 de sa conception visionnaire urbanistique et d\u2019am\u00e9nagement du territoire.<\/p>\n<p>L\u2019agacement grandissait donc probablement chez nous deux. C\u2019est comme si <strong>Bernard Clerfayt<\/strong> avait inconsciemment commenc\u00e9 \u00e0 relever le pont-levis qui abaiss\u00e9 nous avait permis tant d\u2019\u00e9changes pendant 10 ans.<\/p>\n<p>Dans le cadre d\u2019une exp\u00e9rience pilote, je suis contact\u00e9 par la ville de Li\u00e8ge et par la ville de Maastricht aux Pays-Bas pour participer \u00e0 des \u00e9changes de m\u00e9thodologie de travail en mati\u00e8re de propret\u00e9 publique.<\/p>\n<p>A demain.<\/p>\n<p><!--themify_builder_static--><!--\/themify_builder_static--><\/p>\n","protected":false},"excerpt":{"rendered":"<p>Troisi\u00e8me partie : Action consciente &#8211; Episode 108 Enfin arrive le 9 ao\u00fbt 2005 et son Meyboom. Cette journ\u00e9e m\u2019a vraiment fait cette ann\u00e9e-l\u00e0 un bien fou. Ce fut une sorte de d\u00e9paysement dans cet oasis de folklore en compagnie de Toine et des b\u00fbumdroegers, un moment de rel\u00e2chement avec les bourgmestres Freddy Thielemans pour [&hellip;]<\/p>\n","protected":false},"author":1,"featured_media":0,"comment_status":"closed","ping_status":"closed","sticky":false,"template":"","format":"standard","meta":{"footnotes":""},"categories":[9,46],"tags":[],"class_list":["post-24507","post","type-post","status-publish","format-standard","hentry","category-actualites-schaerbeekoises","category-memoires","has-post-title","has-post-date","has-post-category","has-post-tag","has-post-comment","has-post-author",""],"builder_content":"","_links":{"self":[{"href":"https:\/\/www.jeanpierrevangorp.info\/site\/wp-json\/wp\/v2\/posts\/24507"}],"collection":[{"href":"https:\/\/www.jeanpierrevangorp.info\/site\/wp-json\/wp\/v2\/posts"}],"about":[{"href":"https:\/\/www.jeanpierrevangorp.info\/site\/wp-json\/wp\/v2\/types\/post"}],"author":[{"embeddable":true,"href":"https:\/\/www.jeanpierrevangorp.info\/site\/wp-json\/wp\/v2\/users\/1"}],"replies":[{"embeddable":true,"href":"https:\/\/www.jeanpierrevangorp.info\/site\/wp-json\/wp\/v2\/comments?post=24507"}],"version-history":[{"count":10,"href":"https:\/\/www.jeanpierrevangorp.info\/site\/wp-json\/wp\/v2\/posts\/24507\/revisions"}],"predecessor-version":[{"id":25512,"href":"https:\/\/www.jeanpierrevangorp.info\/site\/wp-json\/wp\/v2\/posts\/24507\/revisions\/25512"}],"wp:attachment":[{"href":"https:\/\/www.jeanpierrevangorp.info\/site\/wp-json\/wp\/v2\/media?parent=24507"}],"wp:term":[{"taxonomy":"category","embeddable":true,"href":"https:\/\/www.jeanpierrevangorp.info\/site\/wp-json\/wp\/v2\/categories?post=24507"},{"taxonomy":"post_tag","embeddable":true,"href":"https:\/\/www.jeanpierrevangorp.info\/site\/wp-json\/wp\/v2\/tags?post=24507"}],"curies":[{"name":"wp","href":"https:\/\/api.w.org\/{rel}","templated":true}]}}