{"id":24557,"date":"2018-09-06T05:53:27","date_gmt":"2018-09-06T04:53:27","guid":{"rendered":"http:\/\/www.jeanpierrevangorp.info\/site\/?p=24557"},"modified":"2018-09-06T22:42:22","modified_gmt":"2018-09-06T21:42:22","slug":"episode-109-cetait-au-temps-ou-schaerbeek-se-comparait","status":"publish","type":"post","link":"https:\/\/www.jeanpierrevangorp.info\/site\/episode-109-cetait-au-temps-ou-schaerbeek-se-comparait\/","title":{"rendered":"Episode 109  C&rsquo;\u00e9tait au temps o\u00f9 Schaerbeek se comparait&#8230;"},"content":{"rendered":"<p><img loading=\"lazy\" decoding=\"async\" class=\"aligncenter size-medium wp-image-26401\" src=\"https:\/\/www.jeanpierrevangorp.info\/site\/wp-content\/uploads\/2018\/09\/aaa-jpvg-caricature-109-5-307x464.jpg\" alt=\"\" width=\"307\" height=\"464\" srcset=\"https:\/\/www.jeanpierrevangorp.info\/site\/wp-content\/uploads\/2018\/09\/aaa-jpvg-caricature-109-5-307x464.jpg 307w, https:\/\/www.jeanpierrevangorp.info\/site\/wp-content\/uploads\/2018\/09\/aaa-jpvg-caricature-109-5.jpg 497w\" sizes=\"(max-width: 307px) 100vw, 307px\" \/><\/p>\n<p><em><strong>Troisi\u00e8me partie : Action consciente &#8211; Episode 109<\/strong><\/em><\/p>\n<p>Dans le cadre de cette exp\u00e9rience pilote, nous invitons les<strong> \u00e9chevins des travaux des villes de Li\u00e8ge et de Maastricht<\/strong> pour partager notre savoir-faire. Nous pr\u00e9sentons nos diff\u00e9rents services en insistant sur notre point fort\u00a0: la <strong>propret\u00e9 publique. <\/strong>La semaine suivante, je me rends avec <strong>Manu Bouvy\u00a0 (responsable de la propret\u00e9 publique)<\/strong> \u00e0 Li\u00e8ge pour visiter les services et les proc\u00e9dures en cours.<\/p>\n<p>Lorsque<strong> Li\u00e8ge et Schaerbeek<\/strong> se rendent \u00e0 <strong>Maastricht<\/strong>, nous avons\u00a0tous re\u00e7u une le\u00e7on d\u2019humilit\u00e9. Le service propret\u00e9 y est bien organis\u00e9 mais l\u2019espace public de la ville est respect\u00e9 par l\u2019ensemble des citoyens. Un r\u00eave\u00a0!<\/p>\n<p>Notre homologue n\u00e9erlandais nous invite dans un local de l\u2019H\u00f4tel de ville. Cela ressemblait \u00e0 un local digne de la salle de contr\u00f4le de la Nasa. Trois \u00e9crans c\u00f4te \u00e0 c\u00f4te permettaient d\u2019avoir une vision de 2 m\u00e8tres de largeur. A la demande de notre h\u00f4te, un op\u00e9rateur encode le nom d\u2019une rue et celle-ci appara\u00eet sur l\u2019\u00e9cran\u00a0!<\/p>\n<p>Tous les b\u00e2timents y sont r\u00e9pertori\u00e9s ainsi que le mobilier urbain, des arbres,\u2026 Si vous cliquez sur l\u2019ic\u00f4ne \u00ab\u00a0lumi\u00e8re\u00a0\u00bb, vous obtenez une fiche avec la marque du r\u00e9verb\u00e8re, la date de placement, \u2026 Idem pour\u00a0 les arbres avec le d\u00e9tail de son \u00e2ge, son essence et sa sant\u00e9. Bref, tout simplement hallucinant de technologie et surtout de centralisation de l\u2019information.<\/p>\n<p><!--more--><\/p>\n<p><img loading=\"lazy\" decoding=\"async\" class=\"aligncenter size-medium wp-image-24779\" src=\"https:\/\/www.jeanpierrevangorp.info\/site\/wp-content\/uploads\/2018\/07\/AAA-JPVG-Photo-\u00e9pisode-109-2-464x379.jpg\" alt=\"\" width=\"464\" height=\"379\" srcset=\"https:\/\/www.jeanpierrevangorp.info\/site\/wp-content\/uploads\/2018\/07\/AAA-JPVG-Photo-\u00e9pisode-109-2-464x379.jpg 464w, https:\/\/www.jeanpierrevangorp.info\/site\/wp-content\/uploads\/2018\/07\/AAA-JPVG-Photo-\u00e9pisode-109-2.jpg 685w\" sizes=\"(max-width: 464px) 100vw, 464px\" \/><\/p>\n<p>Mais nous ne sommes pas au bout de notre ahurissement. Il en est de m\u00eame en sous-sol avec tous les r\u00e9seaux de c\u00e2blages, d\u2019\u00e9gouttages. Ceci en 2005\u2026<\/p>\n<p>Sans \u00eatre mesquin, chez nous en Belgique, lorsque nous ouvrons un trottoir pour r\u00e9parer un c\u00e2ble, on a presque tendance \u00e0 en tirer un nouveau car personne ne dispose\u00a0d&rsquo;un plan \u00e0 jour de notre sous-sol.<\/p>\n<p>Et pourtant cet \u00e9chevin n\u00e9erlandais lors de ses visites \u00e0 <strong>Schaerbeek<\/strong> et \u00e0<strong> Li\u00e8ge<\/strong>, n\u2019a jamais fait de remarque d\u00e9plac\u00e9e alors que l\u2019homme devait se sentir plong\u00e9 au 19<sup>\u00e8me<\/sup> si\u00e8cle\u00a0!<\/p>\n<p><img loading=\"lazy\" decoding=\"async\" class=\"aligncenter size-medium wp-image-24775\" src=\"https:\/\/www.jeanpierrevangorp.info\/site\/wp-content\/uploads\/2018\/07\/AAA-JPVG-Photo-\u00e9pisode-109-7-464x322.jpg\" alt=\"\" width=\"464\" height=\"322\" srcset=\"https:\/\/www.jeanpierrevangorp.info\/site\/wp-content\/uploads\/2018\/07\/AAA-JPVG-Photo-\u00e9pisode-109-7-464x322.jpg 464w, https:\/\/www.jeanpierrevangorp.info\/site\/wp-content\/uploads\/2018\/07\/AAA-JPVG-Photo-\u00e9pisode-109-7.jpg 581w\" sizes=\"(max-width: 464px) 100vw, 464px\" \/><\/p>\n<p>Un soir, j\u2019assiste \u00e0 un vernissage d\u2019une<strong> exposition d\u2019art na\u00eff<\/strong>, organis\u00e9e par <strong>Agn\u00e8s Bogaert, la plus Schaerbeekoise des Everoises<\/strong>. Elle a peint de multiples affiches pour les march\u00e9s de No\u00ebl, le cort\u00e8ge carnavalesque, a anim\u00e9 un atelier avec un groupe d\u2019enfants en vue de la r\u00e9alisation d\u2019un char pour le Scharnaval et est une artiste tr\u00e8s reconnue. Agn\u00e8s me parle d\u2019une amie qui est \u00e0 la recherche d\u2019un espace pour implanter le <strong>mus\u00e9e d\u2019Art spontan\u00e9 et na\u00eff<\/strong> sur le territoire de Schaerbeek.<\/p>\n<p>Tout \u00e0 coup, je me rappelle qu\u2019un local avait \u00e9t\u00e9 initialement pr\u00e9vu pour une<strong> buvette destin\u00e9e aux Halles de Schaerbeek<\/strong> dans un<strong> immeuble communal r\u00e9nov\u00e9 rue de la Constitution<\/strong> mais que le projet n\u2019a finalement pas abouti. Je l\u2019ai mise en contact avec <strong>l\u2019\u00e9chevin de la Culture Georges Verzin<\/strong>. Depuis, le <strong>mus\u00e9e d\u2019art spontan\u00e9 et na\u00eff<\/strong> est install\u00e9 <strong>rue de la Constitution<\/strong> pr\u00e8s des Halles.<\/p>\n<p>J\u2019ai l\u2019impression que le temps commence \u00e0 se r\u00e9tr\u00e9cir pour faire aboutir des dossiers. Je lance donc des am\u00e9nagements de stationnement en \u00e9pis en vue d\u2019augmenter le nombre de places dans les art\u00e8res qui sont suffisamment larges.<\/p>\n<p><img loading=\"lazy\" decoding=\"async\" class=\"aligncenter size-medium wp-image-24777\" src=\"https:\/\/www.jeanpierrevangorp.info\/site\/wp-content\/uploads\/2018\/07\/AAA-JPVG-Photo-\u00e9pisode-109-3-464x261.jpg\" alt=\"\" width=\"464\" height=\"261\" srcset=\"https:\/\/www.jeanpierrevangorp.info\/site\/wp-content\/uploads\/2018\/07\/AAA-JPVG-Photo-\u00e9pisode-109-3-464x261.jpg 464w, https:\/\/www.jeanpierrevangorp.info\/site\/wp-content\/uploads\/2018\/07\/AAA-JPVG-Photo-\u00e9pisode-109-3-768x432.jpg 768w, https:\/\/www.jeanpierrevangorp.info\/site\/wp-content\/uploads\/2018\/07\/AAA-JPVG-Photo-\u00e9pisode-109-3.jpg 820w\" sizes=\"(max-width: 464px) 100vw, 464px\" \/><\/p>\n<p>En gros, cela a permis d\u2019accro\u00eetre l\u2019offre de 30% ce qui dans certains quartiers, a v\u00e9ritablement constitu\u00e9 une bouff\u00e9e d\u2019oxyg\u00e8ne pour celles et ceux qui peinaient et pestaient \u00e0 trouver une place pour se garer le soir.<\/p>\n<p><img loading=\"lazy\" decoding=\"async\" class=\"aligncenter size-medium wp-image-24778\" src=\"https:\/\/www.jeanpierrevangorp.info\/site\/wp-content\/uploads\/2018\/07\/AAA-JPVG-Photo-\u00e9pisode-109-4-464x261.jpg\" alt=\"\" width=\"464\" height=\"261\" srcset=\"https:\/\/www.jeanpierrevangorp.info\/site\/wp-content\/uploads\/2018\/07\/AAA-JPVG-Photo-\u00e9pisode-109-4-464x261.jpg 464w, https:\/\/www.jeanpierrevangorp.info\/site\/wp-content\/uploads\/2018\/07\/AAA-JPVG-Photo-\u00e9pisode-109-4-768x432.jpg 768w, https:\/\/www.jeanpierrevangorp.info\/site\/wp-content\/uploads\/2018\/07\/AAA-JPVG-Photo-\u00e9pisode-109-4.jpg 791w\" sizes=\"(max-width: 464px) 100vw, 464px\" \/><\/p>\n<p>Nous rempla\u00e7ons tous les<strong> cerisiers du Japon malades de l\u2019avenue G\u00e9n\u00e9ral Eisenhower<\/strong> par trois essences d\u2019arbres diff\u00e9rentes et plus r\u00e9sistantes.<\/p>\n<p><img loading=\"lazy\" decoding=\"async\" class=\"aligncenter size-medium wp-image-24776\" src=\"https:\/\/www.jeanpierrevangorp.info\/site\/wp-content\/uploads\/2018\/07\/AAA-JPVG-Photo-\u00e9pisode-109-1-263x464.jpg\" alt=\"\" width=\"263\" height=\"464\" srcset=\"https:\/\/www.jeanpierrevangorp.info\/site\/wp-content\/uploads\/2018\/07\/AAA-JPVG-Photo-\u00e9pisode-109-1-263x464.jpg 263w, https:\/\/www.jeanpierrevangorp.info\/site\/wp-content\/uploads\/2018\/07\/AAA-JPVG-Photo-\u00e9pisode-109-1.jpg 475w\" sizes=\"(max-width: 263px) 100vw, 263px\" \/><\/p>\n<p>Une<strong> enqu\u00eate de satisfaction<\/strong> est men\u00e9e au sein de la population schaerbeekoise quant \u00e0 l\u2019\u00e9volution de la propret\u00e9 publique. Et les r\u00e9sultats r\u00e9colt\u00e9s sont plus qu\u2019encourageants et stimulants pour le service.<\/p>\n<p>Au cours de cette l\u00e9gislature, mon temps de loisirs est assez limit\u00e9 au vu de l\u2019amplitude de mes comp\u00e9tences scabinales qui n\u00e9cessitent que j\u2019assiste \u00e0 des r\u00e9unions y compris en soir\u00e9e.<\/p>\n<p><img loading=\"lazy\" decoding=\"async\" class=\"aligncenter size-medium wp-image-24774\" src=\"https:\/\/www.jeanpierrevangorp.info\/site\/wp-content\/uploads\/2018\/07\/IMG_6963-464x348.jpg\" alt=\"\" width=\"464\" height=\"348\" srcset=\"https:\/\/www.jeanpierrevangorp.info\/site\/wp-content\/uploads\/2018\/07\/IMG_6963-464x348.jpg 464w, https:\/\/www.jeanpierrevangorp.info\/site\/wp-content\/uploads\/2018\/07\/IMG_6963-768x576.jpg 768w, https:\/\/www.jeanpierrevangorp.info\/site\/wp-content\/uploads\/2018\/07\/IMG_6963-1024x768.jpg 1024w, https:\/\/www.jeanpierrevangorp.info\/site\/wp-content\/uploads\/2018\/07\/IMG_6963.jpg 2016w\" sizes=\"(max-width: 464px) 100vw, 464px\" \/><\/p>\n<p>Aussi lorsqu\u2019il est parfois possible de joindre l\u2019utile \u00e0 l\u2019agr\u00e9able, je me rends \u00e0 des vernissages d\u2019expositions soit \u00e0 la <strong>Maison des Arts<\/strong> soit \u00e0 la <strong>Salle du mus\u00e9e de la maison communale<\/strong>. C\u2019est l\u2019occasion de rencontrer les artistes et aussi parfois d\u2019avoir un coup de c\u0153ur. J\u2019ai ainsi acquis plusieurs tableaux qui ornent mon salon et ma salle \u00e0 manger. Notamment une \u0153uvre de<strong> Marcel Sirault<\/strong> qui immortalisait la <strong>Salle des Mariages<\/strong>, lieu de tant de souvenirs pour moi.<\/p>\n<p>C\u2019est justement au retour de l\u2019un de ses vernissages que le cauchemar va se produire.<\/p>\n<p>Nous sommes en voiture \u00e0 l\u2019arr\u00eat <strong>avenue princesse Elisabeth face au Boulevard Lambermont<\/strong> avec derri\u00e8re nous la <strong>Cage aux ours<\/strong>. J\u2019avance pour me positionner\u00a0au centre du boulevard afin de tourner en direction du <strong>Pont Van Praet<\/strong>. Dans la voiture, nous discutions justement avec mon \u00e9pouse\u00a0: d\u00eener \u00e0 la maison ou un bon spaghetti au \u00ab\u00a0Patatezak\u00a0\u00bb\u00a0? Le choix du restaurant l\u2019avait emport\u00e9, histoire d\u2019\u00eatre relax et de passer une agr\u00e9able soir\u00e9e en mode d\u00e9compression.<\/p>\n<p>C\u2019est alors que tout bascule.<\/p>\n<p>A demain.<\/p>\n<p><!--themify_builder_static--><!--\/themify_builder_static--><\/p>\n","protected":false},"excerpt":{"rendered":"<p>Troisi\u00e8me partie : Action consciente &#8211; Episode 109 Dans le cadre de cette exp\u00e9rience pilote, nous invitons les \u00e9chevins des travaux des villes de Li\u00e8ge et de Maastricht pour partager notre savoir-faire. Nous pr\u00e9sentons nos diff\u00e9rents services en insistant sur notre point fort\u00a0: la propret\u00e9 publique. La semaine suivante, je me rends avec Manu Bouvy\u00a0 [&hellip;]<\/p>\n","protected":false},"author":1,"featured_media":0,"comment_status":"closed","ping_status":"closed","sticky":false,"template":"","format":"standard","meta":{"footnotes":""},"categories":[9,46],"tags":[],"class_list":["post-24557","post","type-post","status-publish","format-standard","hentry","category-actualites-schaerbeekoises","category-memoires","has-post-title","has-post-date","has-post-category","has-post-tag","has-post-comment","has-post-author",""],"builder_content":"","_links":{"self":[{"href":"https:\/\/www.jeanpierrevangorp.info\/site\/wp-json\/wp\/v2\/posts\/24557"}],"collection":[{"href":"https:\/\/www.jeanpierrevangorp.info\/site\/wp-json\/wp\/v2\/posts"}],"about":[{"href":"https:\/\/www.jeanpierrevangorp.info\/site\/wp-json\/wp\/v2\/types\/post"}],"author":[{"embeddable":true,"href":"https:\/\/www.jeanpierrevangorp.info\/site\/wp-json\/wp\/v2\/users\/1"}],"replies":[{"embeddable":true,"href":"https:\/\/www.jeanpierrevangorp.info\/site\/wp-json\/wp\/v2\/comments?post=24557"}],"version-history":[{"count":10,"href":"https:\/\/www.jeanpierrevangorp.info\/site\/wp-json\/wp\/v2\/posts\/24557\/revisions"}],"predecessor-version":[{"id":26402,"href":"https:\/\/www.jeanpierrevangorp.info\/site\/wp-json\/wp\/v2\/posts\/24557\/revisions\/26402"}],"wp:attachment":[{"href":"https:\/\/www.jeanpierrevangorp.info\/site\/wp-json\/wp\/v2\/media?parent=24557"}],"wp:term":[{"taxonomy":"category","embeddable":true,"href":"https:\/\/www.jeanpierrevangorp.info\/site\/wp-json\/wp\/v2\/categories?post=24557"},{"taxonomy":"post_tag","embeddable":true,"href":"https:\/\/www.jeanpierrevangorp.info\/site\/wp-json\/wp\/v2\/tags?post=24557"}],"curies":[{"name":"wp","href":"https:\/\/api.w.org\/{rel}","templated":true}]}}