{"id":24561,"date":"2018-09-07T05:58:36","date_gmt":"2018-09-07T04:58:36","guid":{"rendered":"http:\/\/www.jeanpierrevangorp.info\/site\/?p=24561"},"modified":"2018-02-28T14:08:55","modified_gmt":"2018-02-28T13:08:55","slug":"episode-110-cetait-au-temps-ou-schaerbeek-se-brouillait","status":"publish","type":"post","link":"https:\/\/www.jeanpierrevangorp.info\/site\/episode-110-cetait-au-temps-ou-schaerbeek-se-brouillait\/","title":{"rendered":"Episode 110 : C&rsquo;\u00e9tait au temps o\u00f9 Schaerbeek se brouillait&#8230;"},"content":{"rendered":"<p><img loading=\"lazy\" decoding=\"async\" class=\"aligncenter size-medium wp-image-25324\" src=\"https:\/\/www.jeanpierrevangorp.info\/site\/wp-content\/uploads\/2018\/09\/aaa-jpvg-caricature-110-464x301.jpg\" alt=\"\" width=\"464\" height=\"301\" srcset=\"https:\/\/www.jeanpierrevangorp.info\/site\/wp-content\/uploads\/2018\/09\/aaa-jpvg-caricature-110-464x301.jpg 464w, https:\/\/www.jeanpierrevangorp.info\/site\/wp-content\/uploads\/2018\/09\/aaa-jpvg-caricature-110.jpg 750w\" sizes=\"(max-width: 464px) 100vw, 464px\" \/><\/p>\n<p><em><strong>Troisi\u00e8me partie : Action consciente &#8211; Episode 110<\/strong><\/em><\/p>\n<p>Avant de bifurquer en direction du <strong>Pont Van Praet<\/strong>, j\u2019aper\u00e7ois au loin une lumi\u00e8re bleue et tout \u00e0 coup en l\u2019espace d\u2019une fraction de seconde un phare blanc fonce vers nous. L\u2019impact est \u00e9norme, les airbags se sont d\u00e9clench\u00e9s, laissant \u00e9chapper une sorte de talc. R\u00e9gine, mon \u00e9pouse, et moi sommes totalement sonn\u00e9s.<\/p>\n<p><!--more--><\/p>\n<p>Ce que nous prenons pour de la fum\u00e9e nous fait sortir du v\u00e9hicule. Nous sommes en novembre et \u00e0 19h il fait nuit noire. De plus, une fine pluie tombe sur Schaerbeek.<\/p>\n<p>Nous sommes en plein milieu du <strong>boulevard Lambermont<\/strong> o\u00f9 les feux sont repass\u00e9s au vert. Autant dire que nous sommes en zone de danger. La patrouille de police qui suivait la moto, arrive \u00e0 notre hauteur. J\u2019entends hurler l\u2019un des policiers, nous enjoignant de rester coll\u00e9s \u00e0 notre voiture pour ne pas nous faire \u00e9craser.<\/p>\n<p>Sur le moment, nous ne r\u00e9alisons pas concr\u00e8tement ce qui s\u2019est pass\u00e9. Mon \u00e9pouse pensait que c\u2019\u00e9tait le tram mais nous sommes seuls au milieu du boulevard avec certes des flux de v\u00e9hicules qui eux continuent \u00e0 rouler sur l\u2019axe Lambermont. Je vois alors bien plus loin une personne au sol et des fragments, puis ce qui semblait avoir \u00e9t\u00e9 une moto. Un jeune homme sur le trottoir me reconna\u00eet et reconna\u00eet aussi la personne au sol.<\/p>\n<p>En l\u2019espace de 10 minutes, tout bascule. Par gsm, le jeune homme pr\u00e9vient ses amis de l\u2019accident. Il leur affirme que \u00ab<em>\u00a0l\u2019\u00e9chevin a fait b\u00e9lier avec son auto pour aider la police<\/em>\u00a0\u00bb que N. essayait de semer\u2026<\/p>\n<p>En r\u00e9alit\u00e9, N. a pris peur en voyant la police derri\u00e8re lui. La patrouille qui venait de quitter le<strong> commissariat de l\u2019avenue Rodenbach<\/strong>, avait mis ses sir\u00e8nes car appel\u00e9e en intervention dans le quartier des fleurs. Paniqu\u00e9, il a mis les gaz de son bolide 1000cc, a br\u00fbl\u00e9 le feu rouge et a percut\u00e9 \u00e0 150 km\/h mon v\u00e9hicule de face. 2 secondes plus tard, mon auto aurait \u00e9t\u00e9 ax\u00e9e autrement et N. aurait percut\u00e9 la porti\u00e8re passager. Je pense que nous aurions \u00e9t\u00e9 tu\u00e9s.<\/p>\n<p><img loading=\"lazy\" decoding=\"async\" class=\"aligncenter size-medium wp-image-24783\" src=\"https:\/\/www.jeanpierrevangorp.info\/site\/wp-content\/uploads\/2018\/07\/asis-348x464.jpg\" alt=\"\" width=\"348\" height=\"464\" \/><\/p>\n<p>Les plaques ne correspondaient pas \u00e0 la moto, absence d\u2019assurance et pas de permis pour cette cylindr\u00e9e. Bref la totale. Au vu de la foule qui commen\u00e7ait \u00e0 affluer, la police nous emm\u00e8ne au <strong>commissariat de l\u2019avenue Georges Rodenbach.<\/strong> Nous sommes tous les deux en \u00e9tat de choc.<\/p>\n<p>Assis pendant de longues minutes dans un couloir sinistre, nous assistons \u00e0 une discussion entre un ancien gendarme et un policier (nous sommes alors aux balbutiements de la fusion des polices et cela se remarque d\u2019embl\u00e9e) sur la mani\u00e8re de g\u00e9rer la situation et concr\u00e8tement d\u2019effectuer un croquis. Etant moi-m\u00eame \u00e0 bout de nerfs et souffrant de mes paumes de mains noires comme le charbon suite \u00e0 l\u2019impact avec l\u2019airbag,\u00a0 je demande de pouvoir souffler dans l\u2019alcotest pour gagner du temps. Je n\u2019avais fort heureusement bu que du jus d\u2019orange au vernissage salle du mus\u00e9e. Le vin rouge communal \u00e9tant pour les habitu\u00e9s, un v\u00e9ritable tord-boyaux\u2026<\/p>\n<p>Vu le temps qui passe et me trouvant\u00a0toujours au centre de ce match de ping pong, je t\u00e9l\u00e9phone au <strong>Bourgmestre<\/strong> qui nous rejoint imm\u00e9diatement. Je dois confier que je n\u2019ai jamais \u00e9t\u00e9 aussi content de ma vie de le voir. Cela a pacifi\u00e9 les choses entre les coll\u00e8gues policiers. Il faut dire qu\u2019il s\u2019\u00e9tait \u00e9coul\u00e9 plus de 2 heures depuis l\u2019accident et que nous n\u2019en pouvions plus.<\/p>\n<p>Vu que mon v\u00e9hicule, pourtant une solide Chrysler Stratus, \u00e9tait en sinistre total avec le tableau de bord notamment fendu, nous sommes \u00e0 pied. <strong>Bernard Clerfayt<\/strong> nous red\u00e9pose bien aimablement chez nous.<\/p>\n<p>Nous sommes conscients tous les deux qu\u2019il s\u2019en est fallu d\u2019un cheveu\u2026Mais les choses ne vont pas en rester l\u00e0.<\/p>\n<p>Le matin, <strong>l\u2019Echevine de l\u2019int\u00e9gration Tamimount Essaidi (Ecolo)<\/strong> me t\u00e9l\u00e9phone pour me faire part qu\u2019une rumeur s\u2019est r\u00e9pandue et que des jeunes sont en col\u00e8re en raison de l\u2019\u00e9tat de sant\u00e9 de N. apr\u00e8s l\u2019accident.<\/p>\n<p>Je peux compter sur mon <strong>chef de cabinet Faruk Bicici et mon ami Said Benallel<\/strong> qui connaissent tous les deux parfaitement le terrain schaerbeekois, pour prendre le pouls de la situation r\u00e9elle.<\/p>\n<p>Je suis aussi contact\u00e9 par <strong>Fran\u00e7oise Schepmans alors \u00e9chevine \u00e0 Molenbeek<\/strong> qui a eu vent de l\u2019affaire et qui se demande ce qui s\u2019est r\u00e9ellement pass\u00e9 avec cette course-poursuite avec la police, qui en fait n\u2019en \u00e9tait pas une.<\/p>\n<p>Mais le comble, c\u2019est lorsque le <strong>commissaire-divisionnaire David Yansenne<\/strong> en personne me t\u00e9l\u00e9phone \u00e0 son tour. Il m\u2019informe que les m\u00e9decins sont tr\u00e8s r\u00e9serv\u00e9s sur l\u2019\u00e9tat de sant\u00e9 de N. et me sugg\u00e8re d\u2019aller quelques jours \u00e0 la campagne \u00ab\u00a0le temps que cela se tasse\u00a0\u00bb\u00a0!<\/p>\n<p>L\u00e0, je me mets dans une col\u00e8re folle et je hurle. Je lui explique si besoin que la veille circulant normalement en voiture, mon \u00e9pouse et moi avons failli mourir parce que le jeune N. a br\u00fbl\u00e9 un feu rouge \u00e0 150 km\/h (le compteur \u00e9tait bloqu\u00e9 sur ce chiffre) avec, croyait-il, la police aux trousses, de surcroit sans plaque, sans permis, sans assurance avec sinistre total du v\u00e9hicule et que c\u2019est moi la victime qui devrait aller me cacher\u00a0!<\/p>\n<p>Plus tard dans la journ\u00e9e, l\u2019oncle de N. me menace de mort au t\u00e9l\u00e9phone. Il me conna\u00eet car il est marchand ambulant sur l\u2019un des march\u00e9s hebdomadaires de Schaerbeek. Il me rappelle lorsque <strong>Geert Pierre<\/strong> est \u00e0 mes c\u00f4t\u00e9s et lui r\u00e9p\u00e8te ses menaces. Ayant un t\u00e9moin, je vais d\u00e9poser plainte \u00e0 la police ce qui me vaut une garde rapproch\u00e9. N. s\u2019en est finalement sorti. Compte tenu de l\u2019impact, il a eu beaucoup de chance.<\/p>\n<p><img loading=\"lazy\" decoding=\"async\" class=\"aligncenter size-medium wp-image-24782\" src=\"https:\/\/www.jeanpierrevangorp.info\/site\/wp-content\/uploads\/2018\/07\/AAA-JPVG-Photo-\u00e9pisode-110-4-464x414.jpg\" alt=\"\" width=\"464\" height=\"414\" srcset=\"https:\/\/www.jeanpierrevangorp.info\/site\/wp-content\/uploads\/2018\/07\/AAA-JPVG-Photo-\u00e9pisode-110-4-464x414.jpg 464w, https:\/\/www.jeanpierrevangorp.info\/site\/wp-content\/uploads\/2018\/07\/AAA-JPVG-Photo-\u00e9pisode-110-4-768x685.jpg 768w, https:\/\/www.jeanpierrevangorp.info\/site\/wp-content\/uploads\/2018\/07\/AAA-JPVG-Photo-\u00e9pisode-110-4.jpg 818w\" sizes=\"(max-width: 464px) 100vw, 464px\" \/><\/p>\n<p>Dans autre registre, les<strong> \u00e9gouts de la rue Navez<\/strong> s\u2019affaissent et doivent \u00eatre remplac\u00e9s. Je me r\u00e9jouis d\u2019avoir pu convaincre mes coll\u00e8gues de c\u00e9der notre r\u00e9seau \u00e0 la<strong> CIBE (aujourd\u2019hui Vivaqua)<\/strong> car remplacer des \u00e9gouts demande des budgets \u00e9normes.<\/p>\n<p><img loading=\"lazy\" decoding=\"async\" class=\"aligncenter size-medium wp-image-24784\" src=\"https:\/\/www.jeanpierrevangorp.info\/site\/wp-content\/uploads\/2018\/07\/AAA-JPVG-Photo-\u00e9pisode-110-7-464x384.jpg\" alt=\"\" width=\"464\" height=\"384\" srcset=\"https:\/\/www.jeanpierrevangorp.info\/site\/wp-content\/uploads\/2018\/07\/AAA-JPVG-Photo-\u00e9pisode-110-7-464x384.jpg 464w, https:\/\/www.jeanpierrevangorp.info\/site\/wp-content\/uploads\/2018\/07\/AAA-JPVG-Photo-\u00e9pisode-110-7.jpg 677w\" sizes=\"(max-width: 464px) 100vw, 464px\" \/><\/p>\n<p>Mon ami <strong>l\u2019\u00e9chevin de Ganshoren Jean-Paul Van Laethem<\/strong> avec qui j\u2019avais fait campagne lors des \u00e9lections r\u00e9gionales de 2004, rejoint la <strong>Bourgmestre Mich\u00e8le Carth\u00e9 (PS) avec sa section FDF<\/strong>. Cela provoquera son exclusion du FDF mais l\u2019\u00e9quipe qui l\u2019a suivi se retrouvera dans la majorit\u00e9 au lendemain des \u00e9lections de 2006.<\/p>\n<p><strong>Jules Van Gele alias Pogge<\/strong> remporte le titre de prince carnaval haut la main. Comme si une certaine pr\u00e9monition me poussait \u00e0 remercier les Schaerbeekois de s\u2019\u00eatre investis dans les campagnes de propret\u00e9 de la commune, un calendrier \u00ab\u00a0propret\u00e9\u00a0\u00bb est distribu\u00e9 \u00e0 tous les habitants.<\/p>\n<p>A demain.<\/p>\n<p><!--themify_builder_static--><!--\/themify_builder_static--><\/p>\n","protected":false},"excerpt":{"rendered":"<p>Troisi\u00e8me partie : Action consciente &#8211; Episode 110 Avant de bifurquer en direction du Pont Van Praet, j\u2019aper\u00e7ois au loin une lumi\u00e8re bleue et tout \u00e0 coup en l\u2019espace d\u2019une fraction de seconde un phare blanc fonce vers nous. L\u2019impact est \u00e9norme, les airbags se sont d\u00e9clench\u00e9s, laissant \u00e9chapper une sorte de talc. R\u00e9gine, mon [&hellip;]<\/p>\n","protected":false},"author":1,"featured_media":0,"comment_status":"closed","ping_status":"closed","sticky":false,"template":"","format":"standard","meta":{"footnotes":""},"categories":[9,46],"tags":[],"class_list":["post-24561","post","type-post","status-publish","format-standard","hentry","category-actualites-schaerbeekoises","category-memoires","has-post-title","has-post-date","has-post-category","has-post-tag","has-post-comment","has-post-author",""],"builder_content":"","_links":{"self":[{"href":"https:\/\/www.jeanpierrevangorp.info\/site\/wp-json\/wp\/v2\/posts\/24561"}],"collection":[{"href":"https:\/\/www.jeanpierrevangorp.info\/site\/wp-json\/wp\/v2\/posts"}],"about":[{"href":"https:\/\/www.jeanpierrevangorp.info\/site\/wp-json\/wp\/v2\/types\/post"}],"author":[{"embeddable":true,"href":"https:\/\/www.jeanpierrevangorp.info\/site\/wp-json\/wp\/v2\/users\/1"}],"replies":[{"embeddable":true,"href":"https:\/\/www.jeanpierrevangorp.info\/site\/wp-json\/wp\/v2\/comments?post=24561"}],"version-history":[{"count":8,"href":"https:\/\/www.jeanpierrevangorp.info\/site\/wp-json\/wp\/v2\/posts\/24561\/revisions"}],"predecessor-version":[{"id":25519,"href":"https:\/\/www.jeanpierrevangorp.info\/site\/wp-json\/wp\/v2\/posts\/24561\/revisions\/25519"}],"wp:attachment":[{"href":"https:\/\/www.jeanpierrevangorp.info\/site\/wp-json\/wp\/v2\/media?parent=24561"}],"wp:term":[{"taxonomy":"category","embeddable":true,"href":"https:\/\/www.jeanpierrevangorp.info\/site\/wp-json\/wp\/v2\/categories?post=24561"},{"taxonomy":"post_tag","embeddable":true,"href":"https:\/\/www.jeanpierrevangorp.info\/site\/wp-json\/wp\/v2\/tags?post=24561"}],"curies":[{"name":"wp","href":"https:\/\/api.w.org\/{rel}","templated":true}]}}