{"id":24575,"date":"2018-09-11T05:16:37","date_gmt":"2018-09-11T04:16:37","guid":{"rendered":"http:\/\/www.jeanpierrevangorp.info\/site\/?p=24575"},"modified":"2018-09-10T07:49:15","modified_gmt":"2018-09-10T06:49:15","slug":"episode-115-cetait-au-temps-ou-schaerbeek-se-recreait","status":"publish","type":"post","link":"https:\/\/www.jeanpierrevangorp.info\/site\/episode-115-cetait-au-temps-ou-schaerbeek-se-recreait\/","title":{"rendered":"Episode 115 : C&rsquo;\u00e9tait au temps o\u00f9 Schaerbeek se recr\u00e9ait&#8230;"},"content":{"rendered":"<p><img loading=\"lazy\" decoding=\"async\" class=\"aligncenter size-medium wp-image-25336\" src=\"https:\/\/www.jeanpierrevangorp.info\/site\/wp-content\/uploads\/2018\/09\/aaa-jpvg-caricature-115-464x305.jpg\" alt=\"\" width=\"464\" height=\"305\" srcset=\"https:\/\/www.jeanpierrevangorp.info\/site\/wp-content\/uploads\/2018\/09\/aaa-jpvg-caricature-115-464x305.jpg 464w, https:\/\/www.jeanpierrevangorp.info\/site\/wp-content\/uploads\/2018\/09\/aaa-jpvg-caricature-115.jpg 730w\" sizes=\"(max-width: 464px) 100vw, 464px\" \/><\/p>\n<p><em><strong>Troisi\u00e8me partie : Action consciente &#8211; Episode 115<\/strong><\/em><\/p>\n<p>Lors de<strong> l\u2019exposition \u00ab\u00a0Carnaval\u00a0\u00bb 2006<\/strong> que j\u2019avais mise sur pied, je suis \u00e9videmment \u00ab\u00a0priv\u00e9\u00a0\u00bb d\u2019\u00eatre comme autrefois en avant-plan, ce qui interpelle une partie du public, dont le monde des carnavalistes avec lequel j\u2019avais nou\u00e9 de bonnes relations au fil des ans.<\/p>\n<p>Je reconnais que c\u2019\u00e9tait de bonne guerre de la part de<strong> Clerfayt<\/strong> dont la col\u00e8re ne diminuait pas \u00e0 mon \u00e9gard. L<strong>\u2019id\u00e9e de supprimer le Scharnaval<\/strong> pl\u00e2ne quelques jours dans l\u2019air mais le <strong>Coll\u00e8ge<\/strong> le maintient\u00a0finalement, pouvant pleinement se reposer sur le<strong> service des Classes moyennes.<\/strong><\/p>\n<p><!--more--><\/p>\n<p>Lors d\u2019une<strong> assembl\u00e9e g\u00e9n\u00e9rale de l\u2019asbl Schaerbeek la Dynamique<\/strong>, convoqu\u00e9e d\u2019urgence, je d\u00e9missionne volontairement de mon poste de pr\u00e9sident pour permettre \u00e0 mon successeur <strong>Etienne No\u00ebl \u00e0 l\u2019\u00e9chevinat des Classes moyennes<\/strong> d\u2019avoir en main l\u2019outil indispensable pour permettre aux \u00e9v\u00e9nements programm\u00e9s d\u2019avoir lieu.<\/p>\n<p>De par cette d\u00e9cision, <strong>Schaerbeek la Dynamique<\/strong> qui passait comme \u00ab\u00a0l\u2019outil de Van Gorp\u00a0\u00bb, est devenue une asbl d\u2019int\u00e9r\u00eat public au service des animations schaerbeekoises. J\u2019en suis tr\u00e8s fier car je n\u2019aurais pas pu supporter que cette magnifique m\u00e9canique organisationnelle disparaisse avec moi.<\/p>\n<p><img loading=\"lazy\" decoding=\"async\" class=\"aligncenter size-medium wp-image-24816\" src=\"https:\/\/www.jeanpierrevangorp.info\/site\/wp-content\/uploads\/2018\/08\/AAA-JPVG-Photo-\u00e9pisode-114-10-352x464.jpg\" alt=\"\" width=\"352\" height=\"464\" srcset=\"https:\/\/www.jeanpierrevangorp.info\/site\/wp-content\/uploads\/2018\/08\/AAA-JPVG-Photo-\u00e9pisode-114-10-352x464.jpg 352w, https:\/\/www.jeanpierrevangorp.info\/site\/wp-content\/uploads\/2018\/08\/AAA-JPVG-Photo-\u00e9pisode-114-10.jpg 514w\" sizes=\"(max-width: 352px) 100vw, 352px\" \/><\/p>\n<p>Non ce n\u2019est pas un poisson d\u2019avril. Cette ann\u00e9e-l\u00e0, le <strong>77<sup>\u00e8me<\/sup>Scharnaval<\/strong> a lieu le samedi 1 avril. Pour la premi\u00e8re fois depuis sa r\u00e9surrection, je passe d\u2019acteur \u00e0 spectateur. Certes, lorsque j\u2019ai vu le <strong>cuistax du Coll\u00e8ge<\/strong> suivi par tout le d\u00e9fil\u00e9, j\u2019avais l&rsquo;\u00e9trange impression d\u2019\u00eatre orphelin.<\/p>\n<p>L\u2019ambiance va rester tr\u00e8s \u00e9lectrique et m\u00eame atteindre des moments de paroxysme dans les prochaines semaines.<\/p>\n<p>Au niveau des projets initi\u00e9s, certains sont d\u00e9tricot\u00e9s, d\u2019autres abandonn\u00e9s comme les<strong> cours d\u2019initiation \u00e0 l\u2019informatique pour les seniors, l\u2019annulation de la taxe sur les phone et night shops,<\/strong>\u00a0approche des \u00e9lections oblige, pour ne citer qu\u2019eux.<\/p>\n<p>Depuis de tr\u00e8s nombreux mois, le<strong> service Seniors<\/strong> avait programm\u00e9 une excursion d\u2019une journ\u00e9e \u00e0 Escaupont, une petite localit\u00e9 situ\u00e9e dans le Nord de la France avec repas gastronomique et apr\u00e8s-midi dansant.<\/p>\n<p><strong>Bernard Clerfayt<\/strong> qui a repris la gestion du service seniors et qui se sent depuis une \u00e2me de GO, s\u2019embarque dans un des deux cars pour les accompagner. De mon c\u00f4t\u00e9, je vais comme convenu \u00e0 cette excursion mais avec mon v\u00e9hicule personnel. Je suis d\u00e9j\u00e0 sur place lorsqu\u2019ils arrivent.<\/p>\n<p>Lorsque j\u2019aper\u00e7ois le <strong>Bourgmestre<\/strong> descendre d\u2019un des bus je suis fort \u00e9tonn\u00e9, lui en me voyant devient bl\u00eame et reprend son masque de col\u00e8re qu\u2019il affiche depuis mon d\u00e9part du FDF.<\/p>\n<p>Nous nous saluons toutefois poliment et nous installons bien loin l\u2019un de l\u2019autre dans la salle. Le repas se passe bien. Place ensuite \u00e0 l\u2019apr\u00e8s-midi dansant. J\u2019avoue avoir de l\u2019entra\u00eenement depuis mes 5 ann\u00e9es en tant qu\u2019\u00e9chevin des seniors. Je suis, disons, assez aguerri pour tenir le rythme des danses. Mais<strong> Bernard Clerfayt<\/strong> assure aussi tr\u00e8s bien. Qu\u2019il ait pris sur lui ou non, il joue le jeu.<\/p>\n<p><img loading=\"lazy\" decoding=\"async\" class=\"aligncenter size-medium wp-image-24817\" src=\"https:\/\/www.jeanpierrevangorp.info\/site\/wp-content\/uploads\/2018\/08\/AAA-JPVG-Photo-\u00e9pisode-115-4-358x464.jpg\" alt=\"\" width=\"358\" height=\"464\" srcset=\"https:\/\/www.jeanpierrevangorp.info\/site\/wp-content\/uploads\/2018\/08\/AAA-JPVG-Photo-\u00e9pisode-115-4-358x464.jpg 358w, https:\/\/www.jeanpierrevangorp.info\/site\/wp-content\/uploads\/2018\/08\/AAA-JPVG-Photo-\u00e9pisode-115-4-768x994.jpg 768w, https:\/\/www.jeanpierrevangorp.info\/site\/wp-content\/uploads\/2018\/08\/AAA-JPVG-Photo-\u00e9pisode-115-4.jpg 791w\" sizes=\"(max-width: 358px) 100vw, 358px\" \/><\/p>\n<p>Un moment donn\u00e9, r\u00e9sonne la musique d\u2019une\u00a0danse mi Carioca et mi folklorique. Les seniors insistent pour que Bernard et moi dansions ensemble sur ce morceau.<\/p>\n<p>Je me l\u00e8ve encourag\u00e9 par les applaudissements. <strong>Bernard Clerfayt<\/strong> suit et met sa main autour de ma taille et nous voil\u00e0 partis pour 5 longues minutes de cavalcade au rythme de la musique. Cela me semble vraiment tr\u00e8s long, \u00e0 vrai dire \u00e0 n&rsquo;en plus en finir mais dans l\u2019assistance, le public \u00e9tait proche du d\u00e9lire\u00a0!<\/p>\n<p>Pour sa premi\u00e8re v\u00e9ritable immersion dans une f\u00eate dansante, <strong>Bernard Clerfayt<\/strong> a d\u00fb se dire qu\u2019il \u00e9tait tomb\u00e9 chez les fous. Lorsque l\u2019on est mandataire local, il vous arrive parfois au gr\u00e9 de situations de devoir vous adapter. Ce n\u2019est pas donn\u00e9 \u00e0 tout le monde. <strong>Laurette Onkelinx pourtant alors Vice-Premi\u00e8re Ministre<\/strong> excellait avec un naturel d\u00e9concertant dans ce genre d\u2019exercice.<\/p>\n<p>J\u2019ai quitt\u00e9 Escaupont vers 16h30. <strong>Bernard<\/strong> a d\u00fb attendre la fin des r\u00e9jouissances pour rentrer avec le car. Sa journ\u00e9e fut longue et harassante. Et dire que la campagne ne bat pas encore son plein\u00a0!<\/p>\n<p>Durant plusieurs jours, mon nouveau bureau ne dispose pas de t\u00e9l\u00e9phone, ce qui est contraire \u00e0 la loi. Je signale donc que durant cette p\u00e9riode j\u2019utiliserai mon GSM priv\u00e9 et enverrai la facture au <strong>Secr\u00e9taire communal<\/strong>.<\/p>\n<p><img loading=\"lazy\" decoding=\"async\" class=\"aligncenter size-medium wp-image-24818\" src=\"https:\/\/www.jeanpierrevangorp.info\/site\/wp-content\/uploads\/2018\/08\/AAA-JPVG-Photo-\u00e9pisode-115-1-300x464.jpg\" alt=\"\" width=\"300\" height=\"464\" srcset=\"https:\/\/www.jeanpierrevangorp.info\/site\/wp-content\/uploads\/2018\/08\/AAA-JPVG-Photo-\u00e9pisode-115-1-300x464.jpg 300w, https:\/\/www.jeanpierrevangorp.info\/site\/wp-content\/uploads\/2018\/08\/AAA-JPVG-Photo-\u00e9pisode-115-1.jpg 497w\" sizes=\"(max-width: 300px) 100vw, 300px\" \/><\/p>\n<p>Cela provoque une quinte de toux chez<strong> Clerfayt<\/strong> qui se f\u00e2che ensuite sur le <strong>Secr\u00e9taire communal<\/strong> \u00e0 qui il reproche de m\u2019avoir permis d\u2019utiliser la <strong>voiture du Coll\u00e8ge<\/strong> durant 2 jours lors de l\u2019entretien de mon v\u00e9hicule priv\u00e9. Je tiens \u00e0 pr\u00e9ciser que je payais \u00e9videmment l\u2019essence et que ce v\u00e9hicule \u00e9tait\u00a0une vieille guimbarde de 25 ans d\u2019\u00e2ge. Soit, tout est bon dans ce contexte d\u2019animosit\u00e9 exacerb\u00e9e \u00e0 monter le moindre petit d\u00e9tail anodin en \u00e9pingle afin de pol\u00e9miquer.<\/p>\n<p>La presse qui se passionne pour ce bras de fer \u00e0 Schaerbeek, ne se prive pas de relayer les critiques \u00e9manant des diff\u00e9rentes parties.<\/p>\n<p>Un samedi matin, je re\u00e7ois un coup de t\u00e9l\u00e9phone d\u2019<strong>Eddy Courth\u00e9oux, conseiller communal et pr\u00e9sident de la section PS de Schaerbeek<\/strong> pour que je le remplace lors d\u2019une visite avec des<strong> candidats PS<\/strong> au sein d\u2019une association turque situ\u00e9e avenue Rogier.<\/p>\n<p>J\u2019avais d\u00e9j\u00e0\u00a0visit\u00e9 cette association \u00e0 quelques reprises avec <strong>Bernard Clerfayt, Isabelle Durant<\/strong> et d\u2019autres <strong>membres du Coll\u00e8ge et Conseil communal<\/strong>. Comme \u00e0 l\u2019accoutum\u00e9e, nous parlons de tout et de rien, bref une conversation sur les th\u00e8mes habituels et r\u00e9currents : propret\u00e9, logement, stationnement.<\/p>\n<p>Mais trois semaines plus tard, je suis contact\u00e9 par<strong> l\u2019agence Belga.<\/strong><\/p>\n<p>A demain.<\/p>\n<p><!--themify_builder_static--><!--\/themify_builder_static--><\/p>\n","protected":false},"excerpt":{"rendered":"<p>Troisi\u00e8me partie : Action consciente &#8211; Episode 115 Lors de l\u2019exposition \u00ab\u00a0Carnaval\u00a0\u00bb 2006 que j\u2019avais mise sur pied, je suis \u00e9videmment \u00ab\u00a0priv\u00e9\u00a0\u00bb d\u2019\u00eatre comme autrefois en avant-plan, ce qui interpelle une partie du public, dont le monde des carnavalistes avec lequel j\u2019avais nou\u00e9 de bonnes relations au fil des ans. Je reconnais que c\u2019\u00e9tait de [&hellip;]<\/p>\n","protected":false},"author":1,"featured_media":0,"comment_status":"closed","ping_status":"closed","sticky":false,"template":"","format":"standard","meta":{"footnotes":""},"categories":[9,46],"tags":[],"class_list":["post-24575","post","type-post","status-publish","format-standard","hentry","category-actualites-schaerbeekoises","category-memoires","has-post-title","has-post-date","has-post-category","has-post-tag","has-post-comment","has-post-author",""],"builder_content":"","_links":{"self":[{"href":"https:\/\/www.jeanpierrevangorp.info\/site\/wp-json\/wp\/v2\/posts\/24575"}],"collection":[{"href":"https:\/\/www.jeanpierrevangorp.info\/site\/wp-json\/wp\/v2\/posts"}],"about":[{"href":"https:\/\/www.jeanpierrevangorp.info\/site\/wp-json\/wp\/v2\/types\/post"}],"author":[{"embeddable":true,"href":"https:\/\/www.jeanpierrevangorp.info\/site\/wp-json\/wp\/v2\/users\/1"}],"replies":[{"embeddable":true,"href":"https:\/\/www.jeanpierrevangorp.info\/site\/wp-json\/wp\/v2\/comments?post=24575"}],"version-history":[{"count":6,"href":"https:\/\/www.jeanpierrevangorp.info\/site\/wp-json\/wp\/v2\/posts\/24575\/revisions"}],"predecessor-version":[{"id":25526,"href":"https:\/\/www.jeanpierrevangorp.info\/site\/wp-json\/wp\/v2\/posts\/24575\/revisions\/25526"}],"wp:attachment":[{"href":"https:\/\/www.jeanpierrevangorp.info\/site\/wp-json\/wp\/v2\/media?parent=24575"}],"wp:term":[{"taxonomy":"category","embeddable":true,"href":"https:\/\/www.jeanpierrevangorp.info\/site\/wp-json\/wp\/v2\/categories?post=24575"},{"taxonomy":"post_tag","embeddable":true,"href":"https:\/\/www.jeanpierrevangorp.info\/site\/wp-json\/wp\/v2\/tags?post=24575"}],"curies":[{"name":"wp","href":"https:\/\/api.w.org\/{rel}","templated":true}]}}