{"id":24956,"date":"2018-01-20T06:07:51","date_gmt":"2018-01-20T05:07:51","guid":{"rendered":"http:\/\/www.jeanpierrevangorp.info\/site\/?p=24956"},"modified":"2018-01-20T06:07:51","modified_gmt":"2018-01-20T05:07:51","slug":"le-mr-fera-liste-separee-aux-elections-communales-de-2018","status":"publish","type":"post","link":"https:\/\/www.jeanpierrevangorp.info\/site\/le-mr-fera-liste-separee-aux-elections-communales-de-2018\/","title":{"rendered":"Le MR fera liste s\u00e9par\u00e9e aux \u00e9lections communales de 2018"},"content":{"rendered":"<p><img loading=\"lazy\" decoding=\"async\" class=\"aligncenter size-medium wp-image-24957\" src=\"https:\/\/www.jeanpierrevangorp.info\/site\/wp-content\/uploads\/2018\/01\/15068342_1157665887614618_3289493559034891726_o-464x282.jpg\" alt=\"\" width=\"464\" height=\"282\" srcset=\"https:\/\/www.jeanpierrevangorp.info\/site\/wp-content\/uploads\/2018\/01\/15068342_1157665887614618_3289493559034891726_o-464x282.jpg 464w, https:\/\/www.jeanpierrevangorp.info\/site\/wp-content\/uploads\/2018\/01\/15068342_1157665887614618_3289493559034891726_o-768x467.jpg 768w, https:\/\/www.jeanpierrevangorp.info\/site\/wp-content\/uploads\/2018\/01\/15068342_1157665887614618_3289493559034891726_o-1024x623.jpg 1024w, https:\/\/www.jeanpierrevangorp.info\/site\/wp-content\/uploads\/2018\/01\/15068342_1157665887614618_3289493559034891726_o.jpg 1050w\" sizes=\"(max-width: 464px) 100vw, 464px\" \/><\/p>\n<p>C&rsquo;est le <strong>site de la RTBF<\/strong> qui l&rsquo;indique : \u00e0 Schaerbeek, la<strong> liste MR<\/strong> n&rsquo;int\u00e8grera finalement pas la<strong> Liste du Bourgmestre de Bernard Clerfayt<\/strong>. Ce n&rsquo;est pas r\u00e9ellement une surprise au vu des prises de position successives du<strong> MR<\/strong> \u00e0 l&rsquo;\u00e9gard de la <strong>politique conduite par Bernard Clerfayt et son actuelle majorit\u00e9<\/strong> mais aussi consid\u00e9rant les revendications \u00e9lev\u00e9es du <strong>MR schaerbeekois<\/strong> en terme de places sur l&rsquo;hypoth\u00e9tique liste commune et le nombre d&rsquo;\u00e9chevinats \u00e0 la cl\u00e9. Des pr\u00e9tentions que la <strong>Liste du Bourgmestre<\/strong> trouvait excessive au vu du r\u00e9el poids politique du<strong> MR schaerbeekois<\/strong> qui ne compte que <strong>4 si\u00e8ges au Conseil communal.<\/strong><\/p>\n<p><!--more--><\/p>\n<p>C&rsquo;est en 2012 que les<strong> lib\u00e9raux schaerbeekois<\/strong> se s\u00e9parent. Certains restent sur la<strong> Liste du Bourgmestre<\/strong> dont les <strong>\u00e9chevins Bernard Guillaume et Etienne No\u00ebl<\/strong> (ce qui leur vaudra les foudres du MR bruxellois), rempilant ainsi pour 6 ann\u00e9es au pouvoir, d&rsquo;autres choisissent de se pr\u00e9senter sous la <strong>banni\u00e8re du MR<\/strong> qui est d&rsquo;ailleurs pleinement soutenue par <strong>Charles Michel et Didier Reynders<\/strong>. La liste men\u00e9e alors par <strong>Georges Verzin, \u00e9chevin sortant de l&rsquo;Instruction publique et de la Culture<\/strong>, n&rsquo;atteindra pas les scores esp\u00e9r\u00e9s, ne d\u00e9crochant que <strong>4 si\u00e8ges.<\/strong><\/p>\n<p>Aujourd&rsquo;hui, <strong>Bernard Clerfayt<\/strong> n&rsquo;a pas arithm\u00e9tiquement besoin d&#8217;embarquer sur sa liste o\u00f9 les places se font ch\u00e8res surtout pour les hommes au vu de la parit\u00e9 exig\u00e9e, des membres du <strong>MR schaerbeekois<\/strong>. Ce qui n&#8217;emp\u00eache toutefois pas au soir des \u00e9lections d&rsquo;envisager une alliance avec le <strong>MR<\/strong> si le besoin d&rsquo;appoint se faisait sentir en raison de la baisse annonc\u00e9e du Cdh et d&rsquo;Ecolo priv\u00e9e de sa t\u00eate de liste embl\u00e9matique Isabelle Durant.<\/p>\n<p>A Schaerbeek, historiquement, une liste lib\u00e9rale n&rsquo;a jamais engrang\u00e9 de gros scores de voix \u00e0 l&rsquo;inverse de lib\u00e9raux int\u00e9gr\u00e9s sur la <strong>Liste du Bourgmestre<\/strong> en tous temps. Il devrait en \u00eatre donc de m\u00eame aux \u00e9lections d&rsquo;octobre prochain.<\/p>\n<p>Le MR schaerbeekois avait annonc\u00e9 en son temps qu&rsquo;<strong>Yvan de Beauffort<\/strong> serait la prochaine fois la t\u00eate de liste, <strong>Georges Verzin<\/strong> \u00e9tant le chef de groupe au Conseil communal.<\/p>\n<p><strong>Yvan de Beauffort<\/strong> avait recueilli un bon score lors des \u00e9lections r\u00e9gionales de 2014. Il avait r\u00e9colt\u00e9 en voix de pr\u00e9f\u00e9rence 2470 voix en tant plac\u00e9 23\u00e8me. La co<strong>nseill\u00e8re communale Angelina Chan<\/strong> avait presque obtenu 2000 voix.<\/p>\n<p>Tous les deux sont tr\u00e8s actifs lors des s\u00e9ances du <strong>Conseil communal \u00e0 Schaerbeek<\/strong> et repr\u00e9sentent incontestablement la dynamique future du <strong>MR schaerbeekois.\u00a0<\/strong><\/p>\n<p>&nbsp;<\/p>\n<p><!--themify_builder_static--><!--\/themify_builder_static--><\/p>\n","protected":false},"excerpt":{"rendered":"<p>C&rsquo;est le site de la RTBF qui l&rsquo;indique : \u00e0 Schaerbeek, la liste MR n&rsquo;int\u00e8grera finalement pas la Liste du Bourgmestre de Bernard Clerfayt. Ce n&rsquo;est pas r\u00e9ellement une surprise au vu des prises de position successives du MR \u00e0 l&rsquo;\u00e9gard de la politique conduite par Bernard Clerfayt et son actuelle majorit\u00e9 mais aussi consid\u00e9rant [&hellip;]<\/p>\n","protected":false},"author":1,"featured_media":0,"comment_status":"closed","ping_status":"closed","sticky":false,"template":"","format":"standard","meta":{"footnotes":""},"categories":[9,1],"tags":[],"class_list":["post-24956","post","type-post","status-publish","format-standard","hentry","category-actualites-schaerbeekoises","category-conseilcommunal","has-post-title","has-post-date","has-post-category","has-post-tag","has-post-comment","has-post-author",""],"builder_content":"","_links":{"self":[{"href":"https:\/\/www.jeanpierrevangorp.info\/site\/wp-json\/wp\/v2\/posts\/24956"}],"collection":[{"href":"https:\/\/www.jeanpierrevangorp.info\/site\/wp-json\/wp\/v2\/posts"}],"about":[{"href":"https:\/\/www.jeanpierrevangorp.info\/site\/wp-json\/wp\/v2\/types\/post"}],"author":[{"embeddable":true,"href":"https:\/\/www.jeanpierrevangorp.info\/site\/wp-json\/wp\/v2\/users\/1"}],"replies":[{"embeddable":true,"href":"https:\/\/www.jeanpierrevangorp.info\/site\/wp-json\/wp\/v2\/comments?post=24956"}],"version-history":[{"count":3,"href":"https:\/\/www.jeanpierrevangorp.info\/site\/wp-json\/wp\/v2\/posts\/24956\/revisions"}],"predecessor-version":[{"id":24960,"href":"https:\/\/www.jeanpierrevangorp.info\/site\/wp-json\/wp\/v2\/posts\/24956\/revisions\/24960"}],"wp:attachment":[{"href":"https:\/\/www.jeanpierrevangorp.info\/site\/wp-json\/wp\/v2\/media?parent=24956"}],"wp:term":[{"taxonomy":"category","embeddable":true,"href":"https:\/\/www.jeanpierrevangorp.info\/site\/wp-json\/wp\/v2\/categories?post=24956"},{"taxonomy":"post_tag","embeddable":true,"href":"https:\/\/www.jeanpierrevangorp.info\/site\/wp-json\/wp\/v2\/tags?post=24956"}],"curies":[{"name":"wp","href":"https:\/\/api.w.org\/{rel}","templated":true}]}}