{"id":25577,"date":"2018-03-02T10:53:19","date_gmt":"2018-03-02T09:53:19","guid":{"rendered":"http:\/\/www.jeanpierrevangorp.info\/site\/?p=25577"},"modified":"2018-03-02T10:53:19","modified_gmt":"2018-03-02T09:53:19","slug":"audit-sur-les-asbl-schaerbeekoises-en-ligne","status":"publish","type":"post","link":"https:\/\/www.jeanpierrevangorp.info\/site\/audit-sur-les-asbl-schaerbeekoises-en-ligne\/","title":{"rendered":"Audit sur les asbl schaerbeekoises en ligne"},"content":{"rendered":"<p><img loading=\"lazy\" decoding=\"async\" class=\"aligncenter size-medium wp-image-25578\" src=\"https:\/\/www.jeanpierrevangorp.info\/site\/wp-content\/uploads\/2018\/03\/Photo-108-464x3481111-464x348-464x348-464x348-464x348-464x348-1-464x348-464x348.jpg\" alt=\"\" width=\"464\" height=\"348\" \/><\/p>\n<p>Suite \u00e0 mon intervention en tant que <strong>chef de groupe PS lors du Conseil communal de ce 28 f\u00e9vrier 2018, les autorit\u00e9s communales<\/strong> m&rsquo;ont communiqu\u00e9 l&rsquo;audit sur les <strong>asbl schaerbeekoises. Le quotidien La Derni\u00e8re Heure\u00a0<\/strong>a mis en ligne ce document interm\u00e9diaire qui est d\u00e9sormais consultable par tous.<\/p>\n<p>Le<strong> PS schaerbeeko<\/strong>is se r\u00e9jouit bien naturellement de cette d\u00e9marche mais regrette qu&rsquo;il ait fallu attendre un article dans la presse pour que l&rsquo;opposition soit d\u00fbment inform\u00e9e de\u00a0l&rsquo;existence de cet audit.<\/p>\n<p>Celui-ci permet asbl par asbl d&rsquo;avoir une vue de la situation et de voir que pour plusieurs d&rsquo;entre elles les comptes n&rsquo;ont plus \u00e9t\u00e9 rentr\u00e9s annuellement. En premi\u00e8re lecture rapide, rien de fracassant mais des recommandations saines de mise en ordre de statuts, de remises \u00e0 jour ou de clarifications sont pr\u00e9conis\u00e9es. Cliquez <a href=\"https:\/\/o0.ldh.be\/file\/5a987a2ecd7063d566fd788c.pdf\">ici<\/a> pour prendre connaissance du rapport.<\/p>\n<p><!--themify_builder_static--><!--\/themify_builder_static--><\/p>\n","protected":false},"excerpt":{"rendered":"<p>Suite \u00e0 mon intervention en tant que chef de groupe PS lors du Conseil communal de ce 28 f\u00e9vrier 2018, les autorit\u00e9s communales m&rsquo;ont communiqu\u00e9 l&rsquo;audit sur les asbl schaerbeekoises. Le quotidien La Derni\u00e8re Heure\u00a0a mis en ligne ce document interm\u00e9diaire qui est d\u00e9sormais consultable par tous. Le PS schaerbeekois se r\u00e9jouit bien naturellement de [&hellip;]<\/p>\n","protected":false},"author":1,"featured_media":0,"comment_status":"closed","ping_status":"closed","sticky":false,"template":"","format":"standard","meta":{"footnotes":""},"categories":[9,1],"tags":[],"class_list":["post-25577","post","type-post","status-publish","format-standard","hentry","category-actualites-schaerbeekoises","category-conseilcommunal","has-post-title","has-post-date","has-post-category","has-post-tag","has-post-comment","has-post-author",""],"builder_content":"","_links":{"self":[{"href":"https:\/\/www.jeanpierrevangorp.info\/site\/wp-json\/wp\/v2\/posts\/25577"}],"collection":[{"href":"https:\/\/www.jeanpierrevangorp.info\/site\/wp-json\/wp\/v2\/posts"}],"about":[{"href":"https:\/\/www.jeanpierrevangorp.info\/site\/wp-json\/wp\/v2\/types\/post"}],"author":[{"embeddable":true,"href":"https:\/\/www.jeanpierrevangorp.info\/site\/wp-json\/wp\/v2\/users\/1"}],"replies":[{"embeddable":true,"href":"https:\/\/www.jeanpierrevangorp.info\/site\/wp-json\/wp\/v2\/comments?post=25577"}],"version-history":[{"count":2,"href":"https:\/\/www.jeanpierrevangorp.info\/site\/wp-json\/wp\/v2\/posts\/25577\/revisions"}],"predecessor-version":[{"id":25580,"href":"https:\/\/www.jeanpierrevangorp.info\/site\/wp-json\/wp\/v2\/posts\/25577\/revisions\/25580"}],"wp:attachment":[{"href":"https:\/\/www.jeanpierrevangorp.info\/site\/wp-json\/wp\/v2\/media?parent=25577"}],"wp:term":[{"taxonomy":"category","embeddable":true,"href":"https:\/\/www.jeanpierrevangorp.info\/site\/wp-json\/wp\/v2\/categories?post=25577"},{"taxonomy":"post_tag","embeddable":true,"href":"https:\/\/www.jeanpierrevangorp.info\/site\/wp-json\/wp\/v2\/tags?post=25577"}],"curies":[{"name":"wp","href":"https:\/\/api.w.org\/{rel}","templated":true}]}}