{"id":25630,"date":"2018-03-16T09:09:28","date_gmt":"2018-03-16T08:09:28","guid":{"rendered":"http:\/\/www.jeanpierrevangorp.info\/site\/?p=25630"},"modified":"2018-03-18T09:09:38","modified_gmt":"2018-03-18T08:09:38","slug":"depart-de-la-conseillere-communale-filiz-gules-pour-bruxelles-ville","status":"publish","type":"post","link":"https:\/\/www.jeanpierrevangorp.info\/site\/depart-de-la-conseillere-communale-filiz-gules-pour-bruxelles-ville\/","title":{"rendered":"D\u00e9part de la conseill\u00e8re communale Filiz Gules pour Bruxelles-Ville"},"content":{"rendered":"<p><img loading=\"lazy\" decoding=\"async\" class=\"aligncenter size-medium wp-image-25631\" src=\"https:\/\/www.jeanpierrevangorp.info\/site\/wp-content\/uploads\/2018\/03\/221521_4957399260757_591787494_o-464x308.jpg\" alt=\"\" width=\"464\" height=\"308\" srcset=\"https:\/\/www.jeanpierrevangorp.info\/site\/wp-content\/uploads\/2018\/03\/221521_4957399260757_591787494_o-464x308.jpg 464w, https:\/\/www.jeanpierrevangorp.info\/site\/wp-content\/uploads\/2018\/03\/221521_4957399260757_591787494_o-768x510.jpg 768w, https:\/\/www.jeanpierrevangorp.info\/site\/wp-content\/uploads\/2018\/03\/221521_4957399260757_591787494_o-1024x681.jpg 1024w, https:\/\/www.jeanpierrevangorp.info\/site\/wp-content\/uploads\/2018\/03\/221521_4957399260757_591787494_o.jpg 2048w\" sizes=\"(max-width: 464px) 100vw, 464px\" \/><\/p>\n<p>La <strong>conseill\u00e8re communale Filiz Gules (Liste du Bourgmestre)<\/strong> quitte Schaerbeek pour s&rsquo;installer \u00e0 Bruxelles-Ville. La conseill\u00e8re avait \u00e9t\u00e9 un temps pressentie pour monter en tant qu&rsquo;\u00e9chevine au sein du Coll\u00e8ge lors des d\u00e9parts successifs de <strong>Bernard Clerfayt<\/strong> au F\u00e9d\u00e9ral puis de <strong>C\u00e9cile Jodogne<\/strong> \u00e0 la R\u00e9gion mais au final c&rsquo;est <strong>Fr\u00e9d\u00e9ric Nima<\/strong>l qui avait \u00e9t\u00e9 pr\u00e9f\u00e9r\u00e9. Je salue le d\u00e9part d&rsquo;une conseill\u00e8re communale toujours tr\u00e8s engag\u00e9e et qui a toujours pris \u00e0 coeur son mandat au service des Schaerbeekois.<\/p>\n<p><!--themify_builder_static--><!--\/themify_builder_static--><\/p>\n","protected":false},"excerpt":{"rendered":"<p>La conseill\u00e8re communale Filiz Gules (Liste du Bourgmestre) quitte Schaerbeek pour s&rsquo;installer \u00e0 Bruxelles-Ville. La conseill\u00e8re avait \u00e9t\u00e9 un temps pressentie pour monter en tant qu&rsquo;\u00e9chevine au sein du Coll\u00e8ge lors des d\u00e9parts successifs de Bernard Clerfayt au F\u00e9d\u00e9ral puis de C\u00e9cile Jodogne \u00e0 la R\u00e9gion mais au final c&rsquo;est Fr\u00e9d\u00e9ric Nimal qui avait \u00e9t\u00e9 [&hellip;]<\/p>\n","protected":false},"author":1,"featured_media":0,"comment_status":"closed","ping_status":"closed","sticky":false,"template":"","format":"standard","meta":{"footnotes":""},"categories":[9,1],"tags":[],"class_list":["post-25630","post","type-post","status-publish","format-standard","hentry","category-actualites-schaerbeekoises","category-conseilcommunal","has-post-title","has-post-date","has-post-category","has-post-tag","has-post-comment","has-post-author",""],"builder_content":"","_links":{"self":[{"href":"https:\/\/www.jeanpierrevangorp.info\/site\/wp-json\/wp\/v2\/posts\/25630"}],"collection":[{"href":"https:\/\/www.jeanpierrevangorp.info\/site\/wp-json\/wp\/v2\/posts"}],"about":[{"href":"https:\/\/www.jeanpierrevangorp.info\/site\/wp-json\/wp\/v2\/types\/post"}],"author":[{"embeddable":true,"href":"https:\/\/www.jeanpierrevangorp.info\/site\/wp-json\/wp\/v2\/users\/1"}],"replies":[{"embeddable":true,"href":"https:\/\/www.jeanpierrevangorp.info\/site\/wp-json\/wp\/v2\/comments?post=25630"}],"version-history":[{"count":2,"href":"https:\/\/www.jeanpierrevangorp.info\/site\/wp-json\/wp\/v2\/posts\/25630\/revisions"}],"predecessor-version":[{"id":25633,"href":"https:\/\/www.jeanpierrevangorp.info\/site\/wp-json\/wp\/v2\/posts\/25630\/revisions\/25633"}],"wp:attachment":[{"href":"https:\/\/www.jeanpierrevangorp.info\/site\/wp-json\/wp\/v2\/media?parent=25630"}],"wp:term":[{"taxonomy":"category","embeddable":true,"href":"https:\/\/www.jeanpierrevangorp.info\/site\/wp-json\/wp\/v2\/categories?post=25630"},{"taxonomy":"post_tag","embeddable":true,"href":"https:\/\/www.jeanpierrevangorp.info\/site\/wp-json\/wp\/v2\/tags?post=25630"}],"curies":[{"name":"wp","href":"https:\/\/api.w.org\/{rel}","templated":true}]}}