{"id":25674,"date":"2018-10-13T05:50:07","date_gmt":"2018-10-13T04:50:07","guid":{"rendered":"http:\/\/www.jeanpierrevangorp.info\/site\/?p=25674"},"modified":"2018-09-10T07:54:37","modified_gmt":"2018-09-10T06:54:37","slug":"episode-147-cetait-au-temps-ou-schaerbeek-rajeunissait","status":"publish","type":"post","link":"https:\/\/www.jeanpierrevangorp.info\/site\/episode-147-cetait-au-temps-ou-schaerbeek-rajeunissait\/","title":{"rendered":"Episode 147 : C&rsquo;\u00e9tait au temps o\u00f9 Schaerbeek rajeunissait&#8230;"},"content":{"rendered":"<p><img loading=\"lazy\" decoding=\"async\" class=\"aligncenter size-medium wp-image-25839\" src=\"https:\/\/www.jeanpierrevangorp.info\/site\/wp-content\/uploads\/2018\/10\/aaa-jpvg-caricature-147-464x306.jpg\" alt=\"\" width=\"464\" height=\"306\" srcset=\"https:\/\/www.jeanpierrevangorp.info\/site\/wp-content\/uploads\/2018\/10\/aaa-jpvg-caricature-147-464x306.jpg 464w, https:\/\/www.jeanpierrevangorp.info\/site\/wp-content\/uploads\/2018\/10\/aaa-jpvg-caricature-147.jpg 750w\" sizes=\"(max-width: 464px) 100vw, 464px\" \/><\/p>\n<p><em><strong>Troisi\u00e8me partie : Action consciente &#8211; Episode 147<\/strong><\/em><\/p>\n<p>La vie politique que j\u2019ai pratiqu\u00e9e depuis 1989 \u00e0 Schaerbeek a \u00e9volu\u00e9. Les r\u00e9seaux sociaux n\u2019ont pas aid\u00e9 non plus. Tout est dans l\u2019imm\u00e9diatet\u00e9 mais aussi dans la critique permanente, la n\u00e9cessit\u00e9 de se justifier.<\/p>\n<p>Les affaires qui ont entach\u00e9 le PS ont aussi contribu\u00e9 \u00e0 salir et \u00e0 jeter l\u2019opprobre g\u00e9n\u00e9ralis\u00e9e sur celles et ceux qui r\u00e9ellement s\u2019investissent sur le terrain, ne comptant pas leurs heures, leur \u00e9nergie et le sacrifice de leur propre vie priv\u00e9e. Aujourd\u2019hui s\u2019investir en politique est un r\u00e9el sacerdoce et je ne suis pas persuad\u00e9 que l\u2019on en r\u00e9colte encore de grandes satisfactions personnelles par rapport aux efforts d\u00e9ploy\u00e9s.<\/p>\n<p>Lorsque je lis (rarement fort heureusement pour moi) des commentaires sur les quotidiens en ligne, sans mod\u00e9ration, et que l\u2019on assiste vraiment \u00e0 un d\u00e9ballage d\u2019amalgames, de raccourcis, de sous-entendus, je suis heureux d\u2019avoir pu exercer mes mandats communaux \u00e0 une autre \u00e9poque o\u00f9 l\u2019on rendait des comptes aux citoyens bien \u00e9videmment mais o\u00f9 notre travail \u00e9tait appr\u00e9ci\u00e9 \u00e0 sa juste valeur.<\/p>\n<p><!--more--><\/p>\n<p><img loading=\"lazy\" decoding=\"async\" class=\"aligncenter size-medium wp-image-26023\" src=\"https:\/\/www.jeanpierrevangorp.info\/site\/wp-content\/uploads\/2018\/10\/17311383_1539456349411515_2818921498421909075_o-464x306.jpg\" alt=\"\" width=\"464\" height=\"306\" srcset=\"https:\/\/www.jeanpierrevangorp.info\/site\/wp-content\/uploads\/2018\/10\/17311383_1539456349411515_2818921498421909075_o-464x306.jpg 464w, https:\/\/www.jeanpierrevangorp.info\/site\/wp-content\/uploads\/2018\/10\/17311383_1539456349411515_2818921498421909075_o-768x506.jpg 768w, https:\/\/www.jeanpierrevangorp.info\/site\/wp-content\/uploads\/2018\/10\/17311383_1539456349411515_2818921498421909075_o-1024x674.jpg 1024w, https:\/\/www.jeanpierrevangorp.info\/site\/wp-content\/uploads\/2018\/10\/17311383_1539456349411515_2818921498421909075_o.jpg 1822w\" sizes=\"(max-width: 464px) 100vw, 464px\" \/><\/p>\n<p>Au Conseil communal si\u00e8ge un<strong> \u00e9lu du PTB<\/strong>. Si humainement, je n\u2019ai pas de souci avec cette personne, <strong>Axel Bernard,<\/strong> il en va tout \u00e0 fait diff\u00e9remment quant aux orientations de ce parti.<strong> L\u2019\u00e9chevin Etienne No\u00ebl<\/strong> a \u00e9t\u00e9 mis sur la sellette en raison du montant plus qu\u2019important de son salaire comme <strong>directeur-adjoint \u00e0 la\u00a0 SRIB<\/strong>, cumul\u00e9 \u00e0 celui d\u2019\u00e9chevin o\u00f9 on lui reproche son manque de pr\u00e9sence. Deux \u00e9moluments pour deux fonctions \u00e0 temps plein qu\u2019il est bien entendu concr\u00e8tement impossible de mener \u00e0 temps plein. Cela fit les gorges chaudes de la presse bruxelloise et suscita bon nombre de commentaires \u00e0 Schaerbeek. Je fus, je l\u2019avoue, assez surpris des montants avanc\u00e9s par les m\u00e9dias.<\/p>\n<p>Ayant toujours estim\u00e9 qu\u2019\u00eatre<strong> \u00e9chevin<\/strong> constituait un job \u00e0 temps plein, ce n\u2019est certainement pas moi qui allait d\u00e9fendre la posture <strong>d\u2019Etienne No\u00ebl<\/strong>. Toutefois lors d\u2019une s\u00e9ance du <strong>Conseil communal<\/strong>, voil\u00e0 que<strong> l\u2019\u00e9lu PTB<\/strong> exige de l\u2019assembl\u00e9e qu\u2019elle condamne son cumul encore parfaitement l\u00e9gal jusqu\u2019aux prochaines \u00e9lections. Mon sang ne fit qu\u2019un tour\u00a0: ce n\u2019\u00e9tait quand m\u00eame pas un \u00e9lu d\u2019un parti non d\u00e9mocratique qui allait exiger quoi que ce soit\u00a0!<\/p>\n<p><img loading=\"lazy\" decoding=\"async\" class=\"aligncenter size-full wp-image-26024\" src=\"https:\/\/www.jeanpierrevangorp.info\/site\/wp-content\/uploads\/2018\/10\/IMG_66261-464x464.jpg\" alt=\"\" width=\"464\" height=\"464\" srcset=\"https:\/\/www.jeanpierrevangorp.info\/site\/wp-content\/uploads\/2018\/10\/IMG_66261-464x464.jpg 464w, https:\/\/www.jeanpierrevangorp.info\/site\/wp-content\/uploads\/2018\/10\/IMG_66261-464x464-150x150.jpg 150w\" sizes=\"(max-width: 464px) 100vw, 464px\" \/><\/p>\n<p>Le <strong>conseiller communal Eric Platteau<\/strong> m\u2019avait fait part de son intention de ne plus se repr\u00e9senter. En fin de contrat professionnel, il entendait s\u2019accorder une ann\u00e9e sabbatique pour voyager avant de se remettre dans l\u2019ambiance d\u2019un autre boulot et se r\u00e9orienter.<\/p>\n<p>Janvier 2017, alors que je suis en vacances, je me projette dans le futur et j\u2019ai beau tourner les choses dans tous les sens, je me dis qu\u2019il y a un temps pour tout. La place \u00e0<strong> Schaerbeek<\/strong> doit \u00eatre laiss\u00e9e \u00e0 une nouvelle g\u00e9n\u00e9ration.<\/p>\n<p><strong>Apr\u00e8s le d\u00e9part d\u2019Yves Goldstein, m\u2019a-t-on propos\u00e9 d\u2019\u00eatre t\u00eate de liste aux communales de 2018\u00a0<\/strong>? Non, pas formellement mais je ne cache pas que de nombreux militants et des mandataires ont pris le pouls pour conna\u00eetre mes intentions.<\/p>\n<p>Avec <strong>Laurette<\/strong>, il y eut comme \u00e0 chaque fois des \u00e9changes de vue concernant les meilleurs scenari pour notre parti. Rien ne fut toutefois arr\u00eat\u00e9 et tranch\u00e9. En tous les cas, si j\u2019avais \u00e9t\u00e9 d\u00e9sign\u00e9 t\u00eate de liste, je n\u2019aurais clairement pu le faire qu\u2019en choisissant une \u00e9quipe dans laquelle j\u2019aurai trouv\u00e9 le <strong>patchwork de notre sociologie schaerbeekoise<\/strong>.<\/p>\n<p><img loading=\"lazy\" decoding=\"async\" class=\"aligncenter size-full wp-image-26025\" src=\"https:\/\/www.jeanpierrevangorp.info\/site\/wp-content\/uploads\/2018\/10\/563550_10200295604774056_1001951080_n.jpg\" alt=\"\" width=\"403\" height=\"403\" srcset=\"https:\/\/www.jeanpierrevangorp.info\/site\/wp-content\/uploads\/2018\/10\/563550_10200295604774056_1001951080_n.jpg 403w, https:\/\/www.jeanpierrevangorp.info\/site\/wp-content\/uploads\/2018\/10\/563550_10200295604774056_1001951080_n-150x150.jpg 150w\" sizes=\"(max-width: 403px) 100vw, 403px\" \/><\/p>\n<p><strong>Laurette<\/strong> a aussi longuement m\u00fbri son choix d\u2019arr\u00eater la vie politique. Elle qui fut toujours pr\u00e9sente sur son <strong>si\u00e8ge de conseill\u00e8re communale<\/strong> sauf quand elle \u00e9tait en quelques occasions retenue par ses obligations au Parlement f\u00e9d\u00e9ral. Son d\u00e9part cr\u00e9a une petite onde de choc car si nous savions qu\u2019elle n\u2019avait pas d\u2019ambition mayorale, nous \u00e9tions en revanche presque certains qu\u2019elle serait encore sur la liste en 2018.<\/p>\n<p><img loading=\"lazy\" decoding=\"async\" class=\"aligncenter size-medium wp-image-26027\" src=\"https:\/\/www.jeanpierrevangorp.info\/site\/wp-content\/uploads\/2018\/10\/22814263_10212493761892114_6449767028796871840_n-255x464.jpg\" alt=\"\" width=\"255\" height=\"464\" srcset=\"https:\/\/www.jeanpierrevangorp.info\/site\/wp-content\/uploads\/2018\/10\/22814263_10212493761892114_6449767028796871840_n-255x464.jpg 255w, https:\/\/www.jeanpierrevangorp.info\/site\/wp-content\/uploads\/2018\/10\/22814263_10212493761892114_6449767028796871840_n.jpg 528w\" sizes=\"(max-width: 255px) 100vw, 255px\" \/><\/p>\n<p><strong>Mohamed Lahlali, Catherine Moureaux, Yves Goldstein, Eric Platteau<\/strong> et maintenant <strong>Laurette Onkelinx<\/strong> quittaient la section.<\/p>\n<p>Quelques jours plus tard, j\u2019accorde une<strong> interview \u00e0 la RTBF radio<\/strong> et l\u00e2che en apart\u00e9 au journaliste que je lui expose la <strong>vision de Schaerbeek<\/strong> avec beaucoup de d\u00e9tachement et sans acrimonie vu que <strong>je ne serai pas candidat aux communales.<\/strong> Bref, la chose se r\u00e9pand comme une train\u00e9e de poudre. J\u2019avoue ne pas avoir mesur\u00e9 le risque de \u00ab\u00a0fuite\u00a0\u00bb de l\u2019information puisque mon intention \u00e9tait de l\u2019annoncer en primeur \u00e0 la <strong>section schaerbeekoise du PS.<\/strong><\/p>\n<p>L\u2019article mis en ligne explique dans un premier temps que je quitte le navire et le PS, donnant lieu \u00e0 penser que je quitte le parti pour aller voir ailleurs. Je prends alors mon gsm et recontacte, assez agac\u00e9, le journaliste en lui demandant express\u00e9ment de bien nuancer\u00a0:<strong> j\u2019arr\u00eate la politique au terme de mon mandat<\/strong>.<\/p>\n<p>J\u2019ai re\u00e7u dans les jours qui suivirent cette annonce beaucoup de messages tr\u00e8s chaleureux de tous les partis.<\/p>\n<p><img loading=\"lazy\" decoding=\"async\" class=\"aligncenter size-medium wp-image-26026\" src=\"https:\/\/www.jeanpierrevangorp.info\/site\/wp-content\/uploads\/2018\/10\/22815524_10212493755171946_1674434522654076375_n-449x464.jpg\" alt=\"\" width=\"449\" height=\"464\" srcset=\"https:\/\/www.jeanpierrevangorp.info\/site\/wp-content\/uploads\/2018\/10\/22815524_10212493755171946_1674434522654076375_n-449x464.jpg 449w, https:\/\/www.jeanpierrevangorp.info\/site\/wp-content\/uploads\/2018\/10\/22815524_10212493755171946_1674434522654076375_n-768x794.jpg 768w, https:\/\/www.jeanpierrevangorp.info\/site\/wp-content\/uploads\/2018\/10\/22815524_10212493755171946_1674434522654076375_n.jpg 929w\" sizes=\"(max-width: 449px) 100vw, 449px\" \/><\/p>\n<p>Entre temps, je suis devenu <strong>chef de groupe au Conseil communal,<\/strong> poste que j\u2019assumerai jusqu\u2019au dernier moment avec l\u2019enthousiasme d\u2019avoir \u00e0 mes c\u00f4t\u00e9s une \u00e9quipe pr\u00eate pour l\u2019avenir. La d\u00e9signation de <strong>Matthieu Degrez, avocat de formation et conseiller CPAS, comme t\u00eate de notre liste est un signal clair, fort et prometteur.<\/strong><\/p>\n<p><img loading=\"lazy\" decoding=\"async\" class=\"aligncenter size-medium wp-image-26028\" src=\"https:\/\/www.jeanpierrevangorp.info\/site\/wp-content\/uploads\/2018\/10\/IMG_9020-464x348-464x348.jpg\" alt=\"\" width=\"464\" height=\"348\" \/><\/p>\n<p>Mon ambition finale aurait \u00e9t\u00e9 que le PS puisse conclure une alliance avec la Liste du Bourgmestre dans l\u2019int\u00e9r\u00eat des Schaerbeekois. Peut-\u00eatre serai-je exauc\u00e9 en octobre prochain\u00a0? Les projets, les id\u00e9aux, les \u00e9nergies et les relais ne manquent pas. L\u2019\u00e9lecteur d\u00e9cidera du poids qu\u2019il entend apporter \u00e0 chaque formation.<\/p>\n<p>Je savoure avec beaucoup de d\u00e9contraction ces derniers mois en tant que <strong>mandataire communal<\/strong>, surtout lorsque je vois<strong> l\u2019\u00e9volution de Schaerbeek<\/strong> au regard d\u2019autres communes bruxelloises.<\/p>\n<p>Loin de moins toute nostalgie, toute amertume, ni regrets ni remords, que de la satisfaction quant au chemin parcouru par Schaerbeek.<\/p>\n<p>A demain.<\/p>\n<p><!--themify_builder_static--><!--\/themify_builder_static--><\/p>\n","protected":false},"excerpt":{"rendered":"<p>Troisi\u00e8me partie : Action consciente &#8211; Episode 147 La vie politique que j\u2019ai pratiqu\u00e9e depuis 1989 \u00e0 Schaerbeek a \u00e9volu\u00e9. Les r\u00e9seaux sociaux n\u2019ont pas aid\u00e9 non plus. Tout est dans l\u2019imm\u00e9diatet\u00e9 mais aussi dans la critique permanente, la n\u00e9cessit\u00e9 de se justifier. Les affaires qui ont entach\u00e9 le PS ont aussi contribu\u00e9 \u00e0 salir [&hellip;]<\/p>\n","protected":false},"author":1,"featured_media":0,"comment_status":"closed","ping_status":"closed","sticky":false,"template":"","format":"standard","meta":{"footnotes":""},"categories":[9,46],"tags":[],"class_list":["post-25674","post","type-post","status-publish","format-standard","hentry","category-actualites-schaerbeekoises","category-memoires","has-post-title","has-post-date","has-post-category","has-post-tag","has-post-comment","has-post-author",""],"builder_content":"","_links":{"self":[{"href":"https:\/\/www.jeanpierrevangorp.info\/site\/wp-json\/wp\/v2\/posts\/25674"}],"collection":[{"href":"https:\/\/www.jeanpierrevangorp.info\/site\/wp-json\/wp\/v2\/posts"}],"about":[{"href":"https:\/\/www.jeanpierrevangorp.info\/site\/wp-json\/wp\/v2\/types\/post"}],"author":[{"embeddable":true,"href":"https:\/\/www.jeanpierrevangorp.info\/site\/wp-json\/wp\/v2\/users\/1"}],"replies":[{"embeddable":true,"href":"https:\/\/www.jeanpierrevangorp.info\/site\/wp-json\/wp\/v2\/comments?post=25674"}],"version-history":[{"count":5,"href":"https:\/\/www.jeanpierrevangorp.info\/site\/wp-json\/wp\/v2\/posts\/25674\/revisions"}],"predecessor-version":[{"id":26029,"href":"https:\/\/www.jeanpierrevangorp.info\/site\/wp-json\/wp\/v2\/posts\/25674\/revisions\/26029"}],"wp:attachment":[{"href":"https:\/\/www.jeanpierrevangorp.info\/site\/wp-json\/wp\/v2\/media?parent=25674"}],"wp:term":[{"taxonomy":"category","embeddable":true,"href":"https:\/\/www.jeanpierrevangorp.info\/site\/wp-json\/wp\/v2\/categories?post=25674"},{"taxonomy":"post_tag","embeddable":true,"href":"https:\/\/www.jeanpierrevangorp.info\/site\/wp-json\/wp\/v2\/tags?post=25674"}],"curies":[{"name":"wp","href":"https:\/\/api.w.org\/{rel}","templated":true}]}}