{"id":25677,"date":"2018-10-14T05:51:35","date_gmt":"2018-10-14T04:51:35","guid":{"rendered":"http:\/\/www.jeanpierrevangorp.info\/site\/?p=25677"},"modified":"2018-10-13T10:06:40","modified_gmt":"2018-10-13T09:06:40","slug":"conclusions","status":"publish","type":"post","link":"https:\/\/www.jeanpierrevangorp.info\/site\/conclusions\/","title":{"rendered":"Conclusions"},"content":{"rendered":"<p><img loading=\"lazy\" decoding=\"async\" class=\"aligncenter size-medium wp-image-25841\" src=\"https:\/\/www.jeanpierrevangorp.info\/site\/wp-content\/uploads\/2018\/10\/aaa-jpvg-caricature-conclusion-464x307.jpg\" alt=\"\" width=\"464\" height=\"307\" srcset=\"https:\/\/www.jeanpierrevangorp.info\/site\/wp-content\/uploads\/2018\/10\/aaa-jpvg-caricature-conclusion-464x307.jpg 464w, https:\/\/www.jeanpierrevangorp.info\/site\/wp-content\/uploads\/2018\/10\/aaa-jpvg-caricature-conclusion.jpg 743w\" sizes=\"(max-width: 464px) 100vw, 464px\" \/><\/p>\n<p>Que de temps et de chemin parcourus, que de souvenirs, bons et parfois moins bons, mais tous importants, marquants, partie int\u00e9grante de cette histoire. Quel bonheur de pouvoir parler sereinement de notre <strong>Schaerbeek.<\/strong><\/p>\n<p>Prendre la d\u00e9cision de tourner une page, une longue page, aussi remplie n\u2019est pas facile mais \u00e0 ce jour, c\u2019\u00e9tait le moment de le faire pour que demain il ne soit pas trop tard.<\/p>\n<p>Pour moi, la vie est en guise de m\u00e9taphore un long tapis roulant que l\u2019on emprunte\u00a0 d\u00e8s sa naissance. Au cours des premi\u00e8res d\u00e9cennies, il roule vite,\u00a0 plus vite que l\u2019\u00e9volution de son d\u00e9cor soci\u00e9tal. Ensuite le rythme se ralentit un petit peu, ce qui permet de suivre son environnement de mani\u00e8re synchronis\u00e9e et puis c\u2019est le\u00a0 rythme de l\u2019\u00e9volution soci\u00e9tale qui acc\u00e9l\u00e8re,\u00a0 le d\u00e9cor d\u00e9passant cette fois\u00a0 la vitesse du tapis roulant.<\/p>\n<p>Plut\u00f4t que de courir derri\u00e8re le temps, je suis de ceux qui pr\u00e9f\u00e8rent passer le flambeau \u00e0 la jeune g\u00e9n\u00e9ration qui sera mieux en mesure de faire avancer les choses, \u00e9tant en ad\u00e9quation temps\/d\u00e9cor soci\u00e9tal.<\/p>\n<p>En quatre d\u00e9cennies de politique \u00e0 Schaerbeek, c\u2019est un euph\u00e9misme de dire que le contexte a bien chang\u00e9, que les choses vont de plus en plus vite, souvent de mani\u00e8re superficielle au d\u00e9triment de l\u2019essentiel, \u00e0 force de vouloir tout et son contraire. Utiliser le mal pour changer le bien est une alchimie qui n\u2019est pas sans risque.<\/p>\n<p>Je garde confiance en l\u2019avenir gr\u00e2ce \u00e0 celles et ceux\u00a0 qui seront les passeurs de nos valeurs essentielles, celles et ceux qui seront les garants de leur pr\u00e9servation face aux divisions engendr\u00e9es par les id\u00e9ologies liberticides, politiques et religieuses, qui cr\u00e9ent des peurs plut\u00f4t que de conscientiser chacun sur les valeurs citoyennes essentielles.<\/p>\n<p>Mais avant de changer le d\u00e9cor qui d\u00e9file sous mes yeux, j\u2019avais envie de parler ouvertement avec tout mon c\u0153ur, mon ressenti, mes \u00e9motions, mes souvenirs et mes espoirs avec Schaerbeek. Cette commune o\u00f9 j\u2019ai grandi, v\u00e9cu, travaill\u00e9. Cette commune dont je pense \u2013avec humilit\u00e9- \u00eatre l\u2019un des rares \u00e0 en conna\u00eetre presque tous ses chemins, ses recoins, ses joies et ses peines.<\/p>\n<p>Cette commune qui n\u2019est pas chevill\u00e9e \u00e0 mon corps mais \u00e0 mon c\u0153ur.<\/p>\n<p><!--more--><\/p>\n<p><strong><em>Jean-Pierre<\/em><\/strong>\u00a0: Alors Schaerbeek, comment vous sentez-vous\u00a0aujourd\u2019hui en 2018 ?<\/p>\n<p><strong><em>Schaerbeek<\/em><\/strong>\u00a0: Jean-Pierre, je vais me permettre de te tutoyer depuis toutes ces ann\u00e9es au cours desquelles nous n\u2019avons cess\u00e9 de nous c\u00f4toyer. Je me sens en 2018 plut\u00f4t en bonne forme pour r\u00e9pondre \u00e0 ta question.<\/p>\n<p>Tu te souviens peut-\u00eatre, m\u00eame si tu \u00e9tais encore un enfant, que dans les ann\u00e9es 60, je vivais relativement bien avec mes acquis du pass\u00e9. J\u2019avais peu de tracas. J\u2019\u00e9tais g\u00e9r\u00e9e par Gaston (Williot), homme de rigueur. Ce n\u2019\u00e9tait pas sp\u00e9cialement dr\u00f4le mais la politique dans ces ann\u00e9es-l\u00e0, \u00e9tait synonyme de rigueur, aust\u00e9rit\u00e9 et grande d\u00e9f\u00e9rence. Tu vas en sourire mais il aurait \u00e9t\u00e9 impensable qu\u2019un agent communal emprunte le m\u00eame ascenseur que le bourgmestre ou un \u00e9chevin. Cela aurait \u00e9t\u00e9 jug\u00e9 irr\u00e9v\u00e9rencieux. Si, si je te l\u2019assure\u00a0!<\/p>\n<p><strong><em>Jean-Pierre<\/em><\/strong>\u00a0: Ton quotidien a ensuite connu Roger Nols<\/p>\n<p><strong><em>Schaerbeek<\/em><\/strong>\u00a0: Oui, tel un cheval de Troie, un certain Roger (Nols) que tu as bien connu, m\u2019a mise dans tous mes \u00e9tats. Il a chang\u00e9 mes habitudes, ma petite routine bien huil\u00e9e.<\/p>\n<p>Je le r\u00e9p\u00e8te, il me mettait vraiment dans tous mes \u00e9tats mais c\u2019\u00e9tait aussi pour me prot\u00e9ger de projets gouvernementaux. On voulait me couper en deux avec une autoroute reliant l\u2019a\u00e9roport au futur quartier Manhattan. Quelle horreur\u00a0!<\/p>\n<p>Mon beau parc (Josaphat) a \u00e9t\u00e9 transform\u00e9 durant 15 jours en un site rappelant Woodstock, avec une explosion de vie, de joie et d\u2019expressions artistiques en tous genres. Ce n\u2019\u00e9tait pas trop ma tasse de th\u00e9 mais je me rendais compte que les jeunes appr\u00e9ciaient, alors j\u2019en \u00e9tais contente.<\/p>\n<p>Et puis petit \u00e0 petit des nuages sont apparus, de plus en plus nombreux. Bien sombres voire noirs au point de m\u2019emp\u00eacher d\u2019apercevoir le soleil.<\/p>\n<p><strong><em>Jean-Pierre<\/em><\/strong>\u00a0: Je te sens boulevers\u00e9e d\u2019en parler<\/p>\n<p><strong><em>Schaerbeek<\/em><\/strong>\u00a0: Oui, en y repensant, j\u2019ai une petite boule au fond de ma gorge. J\u2019ai alors eu dans les ann\u00e9es 80 le sentiment d\u2019\u00eatre abandonn\u00e9e. Mon nom devenait synonyme de doutes, de peurs, de clich\u00e9s n\u00e9gatifs. Bref, j\u2019\u00e9tais \u00ab\u00a0\u00e0 \u00e9viter\u00a0\u00bb.<\/p>\n<p>C\u2019\u00e9tait dur car on s\u2019occupait encore de mon dessus mais je ne recevais plus les soins \u00e9l\u00e9mentaires pour mon bas. Tu comprends ce que je souhaite t\u2019exprimer\u00a0?<\/p>\n<p><strong><em>Jean-Pierre<\/em><\/strong>\u00a0: Oui, c\u2019est une belle m\u00e9taphore<\/p>\n<p><strong><em>Schaerbeek\u00a0<\/em><\/strong>: Et puis voil\u00e0 que tu arrives en plein micmac. Je vais \u00eatre franche et sinc\u00e8re avec toi. Au d\u00e9but, je me suis dit \u00ab\u00a0Il ne manquait plus que celui-l\u00e0..\u00a0\u00bb. J\u2019entendais les remarques des uns et des autres \u00e0 ton \u00e9gard. Je t\u2019avais un peu perdu de vue depuis ton enfance alors je ne savais pas trop bien qui croire.<\/p>\n<p>Mais franchement, assez rapidement, tu m\u2019as fait sourire car quel bordel tu as foutu\u00a0! Tu les as vraiment mis \u00e0 bout au Coll\u00e8ge du fond de ton bureau du sous-sol de l\u2019H\u00f4tel communal. Tu n\u2019avais qu\u2019un reliquat de budget mais tu poss\u00e9dais l\u2019essentiel\u00a0: des id\u00e9es et des projets concrets et novateurs pour nos jeunes.<\/p>\n<p>Roger (Nols) qui jette le gant, les disputes de chiffonniers pour sa succession, L\u00e9on (Weustenraed) qui reprend la place, tes attributions scabinales retir\u00e9es,\u2026 Ce fut mouvement\u00e9\u00a0!<\/p>\n<p><strong><em>Jean-Pierre<\/em><\/strong>\u00a0: Oui, le retrait de mes attributions, ce ne fut pas un moment facile car je n\u2019\u00e9tais pas encore tr\u00e8s exp\u00e9riment\u00e9 et au Conseil communal on ne m\u2019a pas rat\u00e9\u2026<\/p>\n<p><strong><em>Schaerbeek<\/em><\/strong>\u00a0: Je m\u2019en souviens. J\u2019avais mal au c\u0153ur pour toi mais tu t\u2019es redress\u00e9 gr\u00e2ce \u00e0 tes soutiens amicaux. Tu m\u2019as \u00e9pat\u00e9e d\u2019avoir la peau si solide. Il faudra un jour que tu me pr\u00e9sentes \u00e0 Didier (Gosuin) qui est chaque fois venu \u00e0 la rescousse pour te conseiller et t\u2019aider, nous aider.<\/p>\n<p>J\u2019ai \u00e9t\u00e9 tr\u00e8s marqu\u00e9e lorsque L\u00e9on (Weustenraed) \u00e9puis\u00e9, est pratiquement mort dans tes bras. Quel g\u00e2chis\u2026<\/p>\n<p>Avec Francis (Duriau), on criait moins en r\u00e9unions du Coll\u00e8ge. Je pr\u00e9f\u00e9rais, je n\u2019ai jamais aim\u00e9 lorsque l\u2019on criait.<\/p>\n<p>J\u2019ai compris que tu n\u2019\u00e9tais plus esseul\u00e9 au d\u00e9but des ann\u00e9es 90. Tu t\u2019es rapproch\u00e9 de Bernard (Clerfayt) et Michel (De Herde) et du FDF. Vous \u00e9tiez alors \u00e0 mes yeux un peu la <em>dream team<\/em>. Vous \u00e9tiez compl\u00e9mentaires. Je me sentais bien lorsque je vous \u00e9coutais disserter sur toute une s\u00e9rie de projets. Je sentais bien que vous me vouliez du bien.<\/p>\n<p><strong><em>Jean-Pierre<\/em><\/strong>\u00a0: Toi qui t\u2019\u00e9tais endormie pendant plusieurs ann\u00e9es, n\u2019as-tu pas \u00e9prouv\u00e9 trop de difficult\u00e9s \u00e0 te remettre dans le rythme\u00a0?<\/p>\n<p><strong><em>Schaerbeek<\/em><\/strong>\u00a0: Ton machin que tu avais cr\u00e9\u00e9, \u00ab\u00a0Schaerbeek la Nouvelle\u00a0\u00bb m\u2019a\u00a0d\u2019abord intrigu\u00e9 mais je dois avouer que j\u2019ai compris que cela me ferait du bien. Je ne suis pas devenue Schaerbeek la Belle, je ne veux pas passer pour vaniteuse mais quand m\u00eame\u2026<\/p>\n<p>J\u2019ai appr\u00e9ci\u00e9 les ann\u00e9es o\u00f9 Francis (Duriau) g\u00e9rait en bon p\u00e8re de famille un arc-en-ciel au Coll\u00e8ge (FDF-PSC-Ecolo et PS). Roger (Nols) a essay\u00e9 de revenir mais nous avons maintenu notre cap de changements.<\/p>\n<p><strong><em>Jean-Pierre\u00a0<\/em><\/strong>: Je te sens nostalgique de Francis Duriau comme bourgmestre<\/p>\n<p><strong><em>Schaerbeek<\/em><\/strong>\u00a0: Oui c\u2019est vrai. Il \u00e9tait m\u00e9decin de formation et cela se ressentait dans son empathie. Oui je l\u2019aimais bien. Aussi lorsqu\u2019un d\u00e9nomm\u00e9 Daniel (Ducarme) s\u2019est vu pousser des ailes apr\u00e8s son parachutage chez nous, j\u2019\u00e9tais sur mes gardes.<\/p>\n<p>Mais bon au final, c\u2019est Bernard (Clerfayt) que j\u2019avais vu m\u00fbrir qui a repris la barre. J\u2019\u00e9tais fi\u00e8re de toi, de ton score personnel aux \u00e9lections de 2000. Cela d\u00e9montrait que le contact humain est important. Mais bon, tu en faisais aussi toujours des tonnes.<\/p>\n<p><strong><em>Jean-Pierre<\/em><\/strong>\u00a0: Dans quel domaine\u00a0?<\/p>\n<p><strong><em>Schaerbeek<\/em><\/strong>\u00a0: Tu te souviens du m\u00e9ga \u00e9chevinat que tu g\u00e9rais? Propret\u00e9 publique, espaces verts, classes moyennes, seniors, travaux publics et folklore. Excuse-moi mais c\u2019\u00e9tait beaucoup pour un seul homme. Mais toi tu \u00e9tais monsieur 100.000 volts. Du matin au soir, du lundi au dimanche. Tu n\u2019avais pas de cesse. Au d\u00e9triment \u00e0 la longue de ta sant\u00e9 et de ta vie priv\u00e9e.<\/p>\n<p><strong><em>Jean-Pierre<\/em><\/strong>\u00a0: Oui j\u2019avais des cernes, c\u2019est vrai. De gros cernes mais j\u2019\u00e9tais \u00e0 fond dans mes projets, m\u2019appuyant sur mes services. A cette \u00e9poque-l\u00e0, partir en vacances pour me reposer, ce n\u2019\u00e9tait pas dans mes g\u00eanes mais rassure-toi j\u2019ai bien \u00e9volu\u00e9 de ce c\u00f4t\u00e9-l\u00e0. Et je le savoure d\u2019autant plus.<\/p>\n<p><strong><em>Schaerbeek<\/em><\/strong>\u00a0: Oui, je ne dis pas que tu ne t\u2019investissais pas mais c\u2019\u00e9tait quand m\u00eame beaucoup de charges. Je vais te confier que j\u2019ai \u00e9t\u00e9 toute excit\u00e9e lorsque tu m\u2019as permis de retrouver l\u2019un de mes bijoux perdus\u00a0: le cort\u00e8ge carnavalesque.<\/p>\n<p>Puis je t\u2019ai vu au fil de cette mandature, moins optimiste, moins motiv\u00e9. Tu ne trouvais plus ce feu sacr\u00e9 dont tu as tant besoin. J\u2019\u00e9tais inqui\u00e8te pour toi, pour moi, pour nous.<\/p>\n<p><strong><em>Jean-Pierr<\/em><\/strong><strong>e<\/strong>\u00a0: Et j\u2019ai fait le choix m\u00fbrement r\u00e9fl\u00e9chi de rejoindre en 2006 le PS<\/p>\n<p><strong><em>Schaerbeek<\/em><\/strong>\u00a0: Est-ce que tu n\u2019as pas trop fonctionn\u00e9 avec passion et \u00e9motions\u00a0?<\/p>\n<p><strong><em>Jean-Pierre<\/em><\/strong>\u00a0: Pour \u00eatre franc, je n\u2019ai fonctionn\u00e9 qu\u2019avec passion et \u00e9motions. Sans passion, nous n\u2019aurions pas aujourd\u2019hui cette conversation. Je vais te donner un exemple parmi tant d\u2019autres\u00a0: sans passion et sans les personnes passionn\u00e9es et passionnantes qui ont \u00e9t\u00e9 \u00e0 mes c\u00f4t\u00e9s, tu n\u2019aurais jamais retrouv\u00e9 aussi vite la propret\u00e9 de tes art\u00e8res.<\/p>\n<p>Si je n\u2019avais pas fonctionn\u00e9 avec passion et \u00e9motion, je serais peut-\u00eatre rest\u00e9 au sein des coll\u00e8ges \u00e9chevinaux suivants mais dans quel \u00e9tat d\u2019esprit et de motivation\u00a0? Et puis alors, tu n\u2019aurais probablement jamais accept\u00e9 que nous ayons cette franche conversation au vu de ton devoir de r\u00e9serve.<\/p>\n<p><strong><em>Schaerbeek<\/em><\/strong>\u00a0: Certes\u2026<\/p>\n<p><strong><em>Jean-Pierre<\/em><\/strong>\u00a0: Tu vois Schaerbeek,\u00a0 je resterai convaincu jusqu\u2019au bout que le parti de Laurette a quelque chose \u00e0 apporter \u00e0 notre population qui ne comprend pas ce que veut dire \u00ab\u00a0Park To Be\u00a0\u00bb, \u00ab\u00a0Citizen Lights\u00a0\u00bb. Il y a eu de belles r\u00e9alisations par le biais de subsides r\u00e9gionaux et f\u00e9d\u00e9raux. Tu as bien \u00e9t\u00e9 repomponn\u00e9e.<\/p>\n<p><strong><em>Schaerbeek<\/em><\/strong>\u00a0: Jean-Pierre,\u00a0 tu me fais frissonner\u00a0! Ceci dit, l\u2019opposition ne te va pas si mal non plus.<\/p>\n<p><strong><em>Jean-Pierre<\/em><\/strong>\u00a0: C\u2019est un autre exercice que de se trouver de l\u2019autre c\u00f4t\u00e9 de la barri\u00e8re mais on s\u2019y adapte \u00e0 la longue. Au d\u00e9but, dans mes interventions pas toujours des meilleures, j\u2019\u00e9tais un peu chien fou mais j\u2019ai beaucoup observ\u00e9, appris en vue de pr\u00e9senter avec mes compagnons un groupe d\u2019opposition constructive, sens\u00e9e et raisonn\u00e9e.<\/p>\n<p><strong><em>Schaerbeek<\/em><\/strong>\u00a0: Cela m\u2019a fait quelque chose ton d\u00e9part dans l\u2019opposition mais je pense aussi \u00e9go\u00efstement \u00e0 moi et tu ne me contrediras pas si je te dis que l\u2019on s\u2019est beaucoup occup\u00e9 de mon look depuis 2006. Et aussi de mon image. Il est loin le temps o\u00f9 lorsqu\u2019en 1991 dans un avion qui t&rsquo;amenait en Corse, ton voisin de si\u00e8ge avait failli s\u2019\u00e9trangler lorsque tu lui avais dit que tu vivais \u00e0 Schaerbeek.<\/p>\n<p>Mon nom n\u2019a pas toujours \u00e9t\u00e9 facile \u00e0 porter mais aujourd\u2019hui je sens que c\u2019est tout diff\u00e9rent. Les \u00ab\u00a0bobos\u00a0\u00bb, comme on les nomme, de la r\u00e9gion bruxelloise d\u00e9sirent me rejoindre, les lieux dits branch\u00e9s et pris\u00e9s par ce m\u00eame public se multiplient. A ce propos, quand tu le verras, remercie Eric (Platteau) pour son blog \u00e0 qui je dois \u00e9norm\u00e9ment dans la reconqu\u00eate de ma notori\u00e9t\u00e9.<\/p>\n<p>Sans \u00eatre pr\u00e9somptueuse, je suis redevenue si fi\u00e8re de moi et j\u2019esp\u00e8re que cela continuera.<\/p>\n<p><strong><em>Jean-Pierre<\/em><\/strong>\u00a0: Quel serait ton r\u00eave quant \u00e0 ton \u00e9panouissement pour les prochaines ann\u00e9es\u00a0?<\/p>\n<p><strong><em>Schaerbeek<\/em><\/strong>\u00a0: Je te dis les choses franchement, n\u2019est-ce pas\u00a0?<\/p>\n<p><strong><em>Jean-Pierre<\/em><\/strong>\u00a0: Oui pas de tabou entre nous<\/p>\n<p><strong><em>Schaerbeek<\/em><\/strong>\u00a0: Tout d\u2019abord, j\u2019esp\u00e8re garder Bernard (Clerfayt) encore quelques ann\u00e9es car il m\u2019a apport\u00e9 beaucoup de bonnes choses. Mais pour que cela reste bien mesur\u00e9 et \u00e9quilibr\u00e9, je souhaite qu\u2019il continue \u00e0 me diriger en coalition, les majorit\u00e9s absolues ne sont jamais bonnes conseill\u00e8res. Tu vois une coalition entre 3-4 partis comme au temps de Francis (Duriau) de 1994 \u00e0 2000. Et puis, des \u00e9lus de partis d\u2019extr\u00eame droite ou d\u2019extr\u00eame gauche, il ne m\u2019en faut pas. Le populisme m\u2019a tellement fait de mal que je ne peux le concevoir. Il m\u2019a fallu pr\u00e8s d\u2019un quart de si\u00e8cle pour m\u2019en remettre\u2026<\/p>\n<p>Je l\u2019aime donc bien d\u2019une certaine fa\u00e7on Bernard (Clerfayt). Pourquoi l\u2019avoir quitt\u00e9 ce jour de mars 2006\u00a0?<\/p>\n<p><strong><em>Jean-Pierre<\/em><\/strong>\u00a0: Je vais aussi te r\u00e9pondre en toute franchise. Au fil des ans, Bernard (Clerfayt) a attir\u00e9 dans son sillage de nombreuses personnalit\u00e9s politiques. Toutes, je le pense, l\u2019ont sous-estim\u00e9. Moi je suis parti car je l\u2019ai tout simplement surestim\u00e9.<\/p>\n<p>Prends soin de toi Schaerbeek car les temp\u00eates ne sont jamais loin.<\/p>\n<p><strong><em>Schaerbeek<\/em><\/strong>\u00a0: Je ferai attention et toi, promets-moi de bien t\u2019occuper de toi, de ta sant\u00e9 et de ceux que tu aimes. Ils ont \u00e9t\u00e9 si patients.<\/p>\n<p><strong><em>Jean-Pierre<\/em><\/strong>\u00a0: C\u2019est promis, sois-en certaine. Bon vent Schaerbeek\u00a0!<\/p>\n<p>&nbsp;<\/p>\n<p>&nbsp;<\/p>\n<p>&nbsp;<\/p>\n<p>&nbsp;<\/p>\n<p>&nbsp;<\/p>\n<p><!--themify_builder_static--><!--\/themify_builder_static--><\/p>\n","protected":false},"excerpt":{"rendered":"<p>Que de temps et de chemin parcourus, que de souvenirs, bons et parfois moins bons, mais tous importants, marquants, partie int\u00e9grante de cette histoire. Quel bonheur de pouvoir parler sereinement de notre Schaerbeek. Prendre la d\u00e9cision de tourner une page, une longue page, aussi remplie n\u2019est pas facile mais \u00e0 ce jour, c\u2019\u00e9tait le moment [&hellip;]<\/p>\n","protected":false},"author":1,"featured_media":0,"comment_status":"closed","ping_status":"closed","sticky":false,"template":"","format":"standard","meta":{"footnotes":""},"categories":[9,46],"tags":[],"class_list":["post-25677","post","type-post","status-publish","format-standard","hentry","category-actualites-schaerbeekoises","category-memoires","has-post-title","has-post-date","has-post-category","has-post-tag","has-post-comment","has-post-author",""],"builder_content":"","_links":{"self":[{"href":"https:\/\/www.jeanpierrevangorp.info\/site\/wp-json\/wp\/v2\/posts\/25677"}],"collection":[{"href":"https:\/\/www.jeanpierrevangorp.info\/site\/wp-json\/wp\/v2\/posts"}],"about":[{"href":"https:\/\/www.jeanpierrevangorp.info\/site\/wp-json\/wp\/v2\/types\/post"}],"author":[{"embeddable":true,"href":"https:\/\/www.jeanpierrevangorp.info\/site\/wp-json\/wp\/v2\/users\/1"}],"replies":[{"embeddable":true,"href":"https:\/\/www.jeanpierrevangorp.info\/site\/wp-json\/wp\/v2\/comments?post=25677"}],"version-history":[{"count":6,"href":"https:\/\/www.jeanpierrevangorp.info\/site\/wp-json\/wp\/v2\/posts\/25677\/revisions"}],"predecessor-version":[{"id":26461,"href":"https:\/\/www.jeanpierrevangorp.info\/site\/wp-json\/wp\/v2\/posts\/25677\/revisions\/26461"}],"wp:attachment":[{"href":"https:\/\/www.jeanpierrevangorp.info\/site\/wp-json\/wp\/v2\/media?parent=25677"}],"wp:term":[{"taxonomy":"category","embeddable":true,"href":"https:\/\/www.jeanpierrevangorp.info\/site\/wp-json\/wp\/v2\/categories?post=25677"},{"taxonomy":"post_tag","embeddable":true,"href":"https:\/\/www.jeanpierrevangorp.info\/site\/wp-json\/wp\/v2\/tags?post=25677"}],"curies":[{"name":"wp","href":"https:\/\/api.w.org\/{rel}","templated":true}]}}