{"id":26389,"date":"2018-09-06T07:16:35","date_gmt":"2018-09-06T06:16:35","guid":{"rendered":"http:\/\/www.jeanpierrevangorp.info\/site\/?p=26389"},"modified":"2018-09-05T15:21:01","modified_gmt":"2018-09-05T14:21:01","slug":"6-septembre-1945-visite-du-general-eisenhower-a-schaerbeek","status":"publish","type":"post","link":"https:\/\/www.jeanpierrevangorp.info\/site\/6-septembre-1945-visite-du-general-eisenhower-a-schaerbeek\/","title":{"rendered":"6 septembre 1945 : visite du g\u00e9n\u00e9ral Eisenhower \u00e0 Schaerbeek"},"content":{"rendered":"<p><img loading=\"lazy\" decoding=\"async\" class=\"aligncenter size-medium wp-image-26390\" src=\"https:\/\/www.jeanpierrevangorp.info\/site\/wp-content\/uploads\/2018\/09\/04ter_perron-464x333.jpg\" alt=\"\" width=\"464\" height=\"333\" srcset=\"https:\/\/www.jeanpierrevangorp.info\/site\/wp-content\/uploads\/2018\/09\/04ter_perron-464x333.jpg 464w, https:\/\/www.jeanpierrevangorp.info\/site\/wp-content\/uploads\/2018\/09\/04ter_perron-768x550.jpg 768w, https:\/\/www.jeanpierrevangorp.info\/site\/wp-content\/uploads\/2018\/09\/04ter_perron-1024x734.jpg 1024w, https:\/\/www.jeanpierrevangorp.info\/site\/wp-content\/uploads\/2018\/09\/04ter_perron.jpg 1200w\" sizes=\"(max-width: 464px) 100vw, 464px\" \/><\/p>\n<p>Le <strong>6 septembre 1945, le g\u00e9n\u00e9ral Eisenhower et le lieutenant-g\u00e9n\u00e9ral Bedell-Smith<\/strong> sont accueillis avec tous les honneurs par les<strong> autorit\u00e9s communales \u00e0 Schaerbeek<\/strong>. En 1944, l&rsquo;avenue des Hortensias avait \u00e9t\u00e9 rebaptis\u00e9e <strong>avenue g\u00e9n\u00e9ral Eisenhower<\/strong> en hommage au h\u00e9ros am\u00e9ricain de la Seconde Guerre Mondiale. Cliquez <a href=\"https:\/\/www.schaerbeek.be\/fr\/archive-la-reception-du-general-eisenhower\">ici<\/a> pour prendre connaissance avec des archives communales de cette journ\u00e9e historique pour <strong>Schaerbeek. \u00a0<\/strong><\/p>\n<p><!--themify_builder_static--><!--\/themify_builder_static--><\/p>\n","protected":false},"excerpt":{"rendered":"<p>Le 6 septembre 1945, le g\u00e9n\u00e9ral Eisenhower et le lieutenant-g\u00e9n\u00e9ral Bedell-Smith sont accueillis avec tous les honneurs par les autorit\u00e9s communales \u00e0 Schaerbeek. En 1944, l&rsquo;avenue des Hortensias avait \u00e9t\u00e9 rebaptis\u00e9e avenue g\u00e9n\u00e9ral Eisenhower en hommage au h\u00e9ros am\u00e9ricain de la Seconde Guerre Mondiale. Cliquez ici pour prendre connaissance avec des archives communales de cette [&hellip;]<\/p>\n","protected":false},"author":1,"featured_media":0,"comment_status":"closed","ping_status":"closed","sticky":false,"template":"","format":"standard","meta":{"footnotes":""},"categories":[9],"tags":[],"class_list":["post-26389","post","type-post","status-publish","format-standard","hentry","category-actualites-schaerbeekoises","has-post-title","has-post-date","has-post-category","has-post-tag","has-post-comment","has-post-author",""],"builder_content":"","_links":{"self":[{"href":"https:\/\/www.jeanpierrevangorp.info\/site\/wp-json\/wp\/v2\/posts\/26389"}],"collection":[{"href":"https:\/\/www.jeanpierrevangorp.info\/site\/wp-json\/wp\/v2\/posts"}],"about":[{"href":"https:\/\/www.jeanpierrevangorp.info\/site\/wp-json\/wp\/v2\/types\/post"}],"author":[{"embeddable":true,"href":"https:\/\/www.jeanpierrevangorp.info\/site\/wp-json\/wp\/v2\/users\/1"}],"replies":[{"embeddable":true,"href":"https:\/\/www.jeanpierrevangorp.info\/site\/wp-json\/wp\/v2\/comments?post=26389"}],"version-history":[{"count":2,"href":"https:\/\/www.jeanpierrevangorp.info\/site\/wp-json\/wp\/v2\/posts\/26389\/revisions"}],"predecessor-version":[{"id":26392,"href":"https:\/\/www.jeanpierrevangorp.info\/site\/wp-json\/wp\/v2\/posts\/26389\/revisions\/26392"}],"wp:attachment":[{"href":"https:\/\/www.jeanpierrevangorp.info\/site\/wp-json\/wp\/v2\/media?parent=26389"}],"wp:term":[{"taxonomy":"category","embeddable":true,"href":"https:\/\/www.jeanpierrevangorp.info\/site\/wp-json\/wp\/v2\/categories?post=26389"},{"taxonomy":"post_tag","embeddable":true,"href":"https:\/\/www.jeanpierrevangorp.info\/site\/wp-json\/wp\/v2\/tags?post=26389"}],"curies":[{"name":"wp","href":"https:\/\/api.w.org\/{rel}","templated":true}]}}