{"id":26393,"date":"2018-09-05T13:22:39","date_gmt":"2018-09-05T12:22:39","guid":{"rendered":"http:\/\/www.jeanpierrevangorp.info\/site\/?p=26393"},"modified":"2018-09-05T15:24:53","modified_gmt":"2018-09-05T14:24:53","slug":"fete-des-familles-2018-a-terdelt-08-09-2018","status":"publish","type":"post","link":"https:\/\/www.jeanpierrevangorp.info\/site\/fete-des-familles-2018-a-terdelt-08-09-2018\/","title":{"rendered":"F\u00eate des familles 2018 \u00e0 Terdelt : 08.09.2018"},"content":{"rendered":"<p><img loading=\"lazy\" decoding=\"async\" class=\"aligncenter size-medium wp-image-26394\" src=\"https:\/\/www.jeanpierrevangorp.info\/site\/wp-content\/uploads\/2018\/09\/40767820_1071882766300939_2662020446592958464_o-464x261.jpg\" alt=\"\" width=\"464\" height=\"261\" srcset=\"https:\/\/www.jeanpierrevangorp.info\/site\/wp-content\/uploads\/2018\/09\/40767820_1071882766300939_2662020446592958464_o-464x261.jpg 464w, https:\/\/www.jeanpierrevangorp.info\/site\/wp-content\/uploads\/2018\/09\/40767820_1071882766300939_2662020446592958464_o-768x432.jpg 768w, https:\/\/www.jeanpierrevangorp.info\/site\/wp-content\/uploads\/2018\/09\/40767820_1071882766300939_2662020446592958464_o-1024x576.jpg 1024w, https:\/\/www.jeanpierrevangorp.info\/site\/wp-content\/uploads\/2018\/09\/40767820_1071882766300939_2662020446592958464_o.jpg 1920w\" sizes=\"(max-width: 464px) 100vw, 464px\" \/>La<strong> f\u00eate des familles<\/strong> \u00e9dition 2018 aura lieu ce <strong>samedi 8 septembre de 13h \u00e0 18h place Terdelt<\/strong>.<\/p>\n<p><!--themify_builder_static--><!--\/themify_builder_static--><\/p>\n","protected":false},"excerpt":{"rendered":"<p>La f\u00eate des familles \u00e9dition 2018 aura lieu ce samedi 8 septembre de 13h \u00e0 18h place Terdelt.<\/p>\n","protected":false},"author":1,"featured_media":0,"comment_status":"closed","ping_status":"closed","sticky":false,"template":"","format":"standard","meta":{"footnotes":""},"categories":[9],"tags":[],"class_list":["post-26393","post","type-post","status-publish","format-standard","hentry","category-actualites-schaerbeekoises","has-post-title","has-post-date","has-post-category","has-post-tag","has-post-comment","has-post-author",""],"builder_content":"","_links":{"self":[{"href":"https:\/\/www.jeanpierrevangorp.info\/site\/wp-json\/wp\/v2\/posts\/26393"}],"collection":[{"href":"https:\/\/www.jeanpierrevangorp.info\/site\/wp-json\/wp\/v2\/posts"}],"about":[{"href":"https:\/\/www.jeanpierrevangorp.info\/site\/wp-json\/wp\/v2\/types\/post"}],"author":[{"embeddable":true,"href":"https:\/\/www.jeanpierrevangorp.info\/site\/wp-json\/wp\/v2\/users\/1"}],"replies":[{"embeddable":true,"href":"https:\/\/www.jeanpierrevangorp.info\/site\/wp-json\/wp\/v2\/comments?post=26393"}],"version-history":[{"count":2,"href":"https:\/\/www.jeanpierrevangorp.info\/site\/wp-json\/wp\/v2\/posts\/26393\/revisions"}],"predecessor-version":[{"id":26396,"href":"https:\/\/www.jeanpierrevangorp.info\/site\/wp-json\/wp\/v2\/posts\/26393\/revisions\/26396"}],"wp:attachment":[{"href":"https:\/\/www.jeanpierrevangorp.info\/site\/wp-json\/wp\/v2\/media?parent=26393"}],"wp:term":[{"taxonomy":"category","embeddable":true,"href":"https:\/\/www.jeanpierrevangorp.info\/site\/wp-json\/wp\/v2\/categories?post=26393"},{"taxonomy":"post_tag","embeddable":true,"href":"https:\/\/www.jeanpierrevangorp.info\/site\/wp-json\/wp\/v2\/tags?post=26393"}],"curies":[{"name":"wp","href":"https:\/\/api.w.org\/{rel}","templated":true}]}}