{"id":26717,"date":"2018-12-18T12:44:08","date_gmt":"2018-12-18T11:44:08","guid":{"rendered":"http:\/\/www.jeanpierrevangorp.info\/site\/?p=26717"},"modified":"2018-12-18T12:44:08","modified_gmt":"2018-12-18T11:44:08","slug":"conseil-du-cpas-de-schaerbeek-la-liste-du-bourgmestre-perd-un-elu","status":"publish","type":"post","link":"https:\/\/www.jeanpierrevangorp.info\/site\/conseil-du-cpas-de-schaerbeek-la-liste-du-bourgmestre-perd-un-elu\/","title":{"rendered":"Conseil du CPAS de Schaerbeek : la Liste du Bourgmestre perd un \u00e9lu"},"content":{"rendered":"<p><img loading=\"lazy\" decoding=\"async\" class=\"aligncenter size-full wp-image-26718\" src=\"https:\/\/www.jeanpierrevangorp.info\/site\/wp-content\/uploads\/2018\/12\/CPAS-de-Schaerbeek-300x300.jpg\" alt=\"\" width=\"300\" height=\"300\" srcset=\"https:\/\/www.jeanpierrevangorp.info\/site\/wp-content\/uploads\/2018\/12\/CPAS-de-Schaerbeek-300x300.jpg 300w, https:\/\/www.jeanpierrevangorp.info\/site\/wp-content\/uploads\/2018\/12\/CPAS-de-Schaerbeek-300x300-150x150.jpg 150w\" sizes=\"(max-width: 300px) 100vw, 300px\" \/><\/p>\n<p>C&rsquo;\u00e9tait pr\u00e9visible suite \u00e0 l&rsquo;annonce de<strong> Yusuf Yildiz et Emel K\u00f6se<\/strong> de signer comme ind\u00e9pendants par rapport \u00e0 <strong>La Liste du Bourgmestre<\/strong>, liste sur laquelle ils ont \u00e9t\u00e9 \u00e9lus. Lors du vote pour la d\u00e9signation des conseillers du Conseil de l&rsquo;Action sociale, la<strong> Liste du Bourgmestre<\/strong> a perdu l&rsquo;un\u00a0des si\u00e8ges qui lui revenait. Le PS a fait \u00e9lire 3 membres :<strong> Georgy Manalis, Christiane Catherin et Lahoucine Kiar<\/strong> d\u00e9j\u00e0 actuellement <strong>conseillers CPAS<\/strong> et qui poursuivront donc leur travail.<\/p>\n<p>La pr\u00e9sidence sera assur\u00e9e par<strong> Sophie Querton (LB). La Liste du Bourgmestre<\/strong> dispose de 4 \u00e9lus (au lieu de 5 pr\u00e9vus),\u00a0Ecolo de 3, le PS 3, le Cdh 1, le PTB 1 et le MR 1. Le rapport de force entre\u00a0la majorit\u00e9 et l&rsquo;opposition est donc de <strong>7-6.<\/strong><\/p>\n<p><!--themify_builder_static--><!--\/themify_builder_static--><\/p>\n","protected":false},"excerpt":{"rendered":"<p>C&rsquo;\u00e9tait pr\u00e9visible suite \u00e0 l&rsquo;annonce de Yusuf Yildiz et Emel K\u00f6se de signer comme ind\u00e9pendants par rapport \u00e0 La Liste du Bourgmestre, liste sur laquelle ils ont \u00e9t\u00e9 \u00e9lus. Lors du vote pour la d\u00e9signation des conseillers du Conseil de l&rsquo;Action sociale, la Liste du Bourgmestre a perdu l&rsquo;un\u00a0des si\u00e8ges qui lui revenait. Le PS [&hellip;]<\/p>\n","protected":false},"author":1,"featured_media":0,"comment_status":"closed","ping_status":"closed","sticky":false,"template":"","format":"standard","meta":{"footnotes":""},"categories":[9,23],"tags":[],"class_list":["post-26717","post","type-post","status-publish","format-standard","hentry","category-actualites-schaerbeekoises","category-cpas","has-post-title","has-post-date","has-post-category","has-post-tag","has-post-comment","has-post-author",""],"builder_content":"","_links":{"self":[{"href":"https:\/\/www.jeanpierrevangorp.info\/site\/wp-json\/wp\/v2\/posts\/26717"}],"collection":[{"href":"https:\/\/www.jeanpierrevangorp.info\/site\/wp-json\/wp\/v2\/posts"}],"about":[{"href":"https:\/\/www.jeanpierrevangorp.info\/site\/wp-json\/wp\/v2\/types\/post"}],"author":[{"embeddable":true,"href":"https:\/\/www.jeanpierrevangorp.info\/site\/wp-json\/wp\/v2\/users\/1"}],"replies":[{"embeddable":true,"href":"https:\/\/www.jeanpierrevangorp.info\/site\/wp-json\/wp\/v2\/comments?post=26717"}],"version-history":[{"count":1,"href":"https:\/\/www.jeanpierrevangorp.info\/site\/wp-json\/wp\/v2\/posts\/26717\/revisions"}],"predecessor-version":[{"id":26719,"href":"https:\/\/www.jeanpierrevangorp.info\/site\/wp-json\/wp\/v2\/posts\/26717\/revisions\/26719"}],"wp:attachment":[{"href":"https:\/\/www.jeanpierrevangorp.info\/site\/wp-json\/wp\/v2\/media?parent=26717"}],"wp:term":[{"taxonomy":"category","embeddable":true,"href":"https:\/\/www.jeanpierrevangorp.info\/site\/wp-json\/wp\/v2\/categories?post=26717"},{"taxonomy":"post_tag","embeddable":true,"href":"https:\/\/www.jeanpierrevangorp.info\/site\/wp-json\/wp\/v2\/tags?post=26717"}],"curies":[{"name":"wp","href":"https:\/\/api.w.org\/{rel}","templated":true}]}}