{"id":26760,"date":"2018-12-26T11:22:28","date_gmt":"2018-12-26T10:22:28","guid":{"rendered":"http:\/\/www.jeanpierrevangorp.info\/site\/?p=26760"},"modified":"2018-12-26T11:22:28","modified_gmt":"2018-12-26T10:22:28","slug":"denis-grimberghs-cdh-quitte-le-conseil-communal-de-schaerbeek","status":"publish","type":"post","link":"https:\/\/www.jeanpierrevangorp.info\/site\/denis-grimberghs-cdh-quitte-le-conseil-communal-de-schaerbeek\/","title":{"rendered":"Denis Grimberghs (Cdh) quitte le Conseil communal de Schaerbeek"},"content":{"rendered":"<p><img loading=\"lazy\" decoding=\"async\" class=\"aligncenter size-medium wp-image-26761\" src=\"https:\/\/www.jeanpierrevangorp.info\/site\/wp-content\/uploads\/2018\/12\/40479969_10216951078670950_2197738596474028032_n-464x464.jpg\" alt=\"\" width=\"464\" height=\"464\" srcset=\"https:\/\/www.jeanpierrevangorp.info\/site\/wp-content\/uploads\/2018\/12\/40479969_10216951078670950_2197738596474028032_n-464x464.jpg 464w, https:\/\/www.jeanpierrevangorp.info\/site\/wp-content\/uploads\/2018\/12\/40479969_10216951078670950_2197738596474028032_n-150x150.jpg 150w, https:\/\/www.jeanpierrevangorp.info\/site\/wp-content\/uploads\/2018\/12\/40479969_10216951078670950_2197738596474028032_n-768x768.jpg 768w, https:\/\/www.jeanpierrevangorp.info\/site\/wp-content\/uploads\/2018\/12\/40479969_10216951078670950_2197738596474028032_n.jpg 960w\" sizes=\"(max-width: 464px) 100vw, 464px\" \/><\/p>\n<p>C&rsquo;est dans les colonnes du <strong>quotidien \u00ab\u00a0La Capitale\u00a0\u00bb<\/strong> que <strong>le conseiller communal Denis Grimberghs (Cdh)<\/strong> annonce qu&rsquo;il ne si\u00e8gera pas pendant les 6 prochaines ann\u00e9es. Il avait d&rsquo;ailleurs fait auparavant savoir qu&rsquo;il ne tenait qu&rsquo;\u00e0 rester un demi-mandat. <strong>Denis Grimberghs<\/strong> qui fut un <strong>brillant (de l&rsquo;avis unanime des formations politiques schaerbeekoises) \u00e9chevin des Finances, du Logement et de la Mobilit\u00e9 de 2012 \u00e0 2018<\/strong>, souhaite <em>\u201claisser la place \u00e0 une nouvelle g\u00e9n\u00e9ration qui m\u00e8nera une opposition constructive\u201d<\/em> et <em>\u201cpoursuivre un autre type d\u2019engagement politique en restant actif au sein de la soci\u00e9t\u00e9 civile organis\u00e9e\u201d<\/em>.<\/p>\n<p><strong>Denis Grimberghs<\/strong> avait recueilli 770 voix lors du scrutin d&rsquo;octobre dernier. Son parti avait essuy\u00e9 un recul en perdant un si\u00e8ge, passant de 4 \u00e0 3. Le <strong>bourgmestre Bernard\u00a0Clerfayt<\/strong> avait annonc\u00e9 au d\u00e9but de la campagne \u00e9lectorale une alliance avec le <strong>partenaire Ecolo (au pouvoir depuis 2001)<\/strong> mais pas avec le Cdh qui si\u00e9geait pourtant dans la majorit\u00e9 depuis 2012.<\/p>\n<p><!--more--><\/p>\n<p><strong>Denis Grimberghs<\/strong>, c&rsquo;est<em> 30 ans de carri\u00e8re politique<\/em> \u00e0 Bruxelles o\u00f9 il fut notamment chef de cabinet du ministre Jean-Louis Thys, d\u00e9put\u00e9\u00a0f\u00e9d\u00e9ral de 1992 \u00e0 1995 puis d\u00e9put\u00e9 bruxellois jusqu&rsquo;en 2009. Il fut aussi \u00e0 la t\u00eate de CityDev o\u00f9 il activa toujours dans cette vision d&rsquo;int\u00e9r\u00eat g\u00e9n\u00e9ral qui\u00a0est la sienne tous les leviers pour le d\u00e9veloppement de Bruxelles et\u00a0de Schaerbeek en particulier.<\/p>\n<p><img loading=\"lazy\" decoding=\"async\" class=\"aligncenter size-medium wp-image-26762\" src=\"https:\/\/www.jeanpierrevangorp.info\/site\/wp-content\/uploads\/2018\/12\/43748247_10217297584453378_8654483414973415424_o-464x368.jpg\" alt=\"\" width=\"464\" height=\"368\" srcset=\"https:\/\/www.jeanpierrevangorp.info\/site\/wp-content\/uploads\/2018\/12\/43748247_10217297584453378_8654483414973415424_o-464x368.jpg 464w, https:\/\/www.jeanpierrevangorp.info\/site\/wp-content\/uploads\/2018\/12\/43748247_10217297584453378_8654483414973415424_o-768x609.jpg 768w, https:\/\/www.jeanpierrevangorp.info\/site\/wp-content\/uploads\/2018\/12\/43748247_10217297584453378_8654483414973415424_o-1024x812.jpg 1024w, https:\/\/www.jeanpierrevangorp.info\/site\/wp-content\/uploads\/2018\/12\/43748247_10217297584453378_8654483414973415424_o.jpg 1864w\" sizes=\"(max-width: 464px) 100vw, 464px\" \/><\/p>\n<p>La<em> premi\u00e8re suppl\u00e9ante est la jeune Artina Robaj<\/em> qui a r\u00e9alis\u00e9 un score de 184 voix \u00e0 la <strong>4\u00e8me place de la liste Cdh<\/strong>. Elle vient d&rsquo;\u00eatre d\u00e9sign\u00e9e pour \u00eatre la <strong>repr\u00e9sentante du Cdh au Conseil de l&rsquo;Action sociale<\/strong>.\u00a0A voir donc si elle renonce \u00e0 ce poste au CPAS, cumule les deux ou renonce \u00e0 son si\u00e8ge au <strong>Conseil communal<\/strong>. Le 2\u00e8me suppl\u00e9ant est <strong>Hamza Boukhari<\/strong> avec 357 voix, soit 3 de plus que <strong>C\u00e9dric Mahieu (3\u00e8me suppl\u00e9ant), pr\u00e9sident de la section Cdh et ancien chef de cabinet des \u00e9chevins Grimberghs et El Arnouki.<\/strong><\/p>\n<p>Je n&rsquo;ai jamais cach\u00e9 que j&rsquo;ai toujours beaucoup appr\u00e9ci\u00e9 <strong>Denis Grimberghs<\/strong> qui connaissait sur le bout des doigts ses dossiers et particuli\u00e8rement le budget communal. Je lui souhaite le meilleur dans ses nouvelles occupations. (<em>Photos : Facebook Denis Grimberghs)<\/em><\/p>\n<p><!--themify_builder_static--><!--\/themify_builder_static--><\/p>\n","protected":false},"excerpt":{"rendered":"<p>C&rsquo;est dans les colonnes du quotidien \u00ab\u00a0La Capitale\u00a0\u00bb que le conseiller communal Denis Grimberghs (Cdh) annonce qu&rsquo;il ne si\u00e8gera pas pendant les 6 prochaines ann\u00e9es. Il avait d&rsquo;ailleurs fait auparavant savoir qu&rsquo;il ne tenait qu&rsquo;\u00e0 rester un demi-mandat. Denis Grimberghs qui fut un brillant (de l&rsquo;avis unanime des formations politiques schaerbeekoises) \u00e9chevin des Finances, du [&hellip;]<\/p>\n","protected":false},"author":1,"featured_media":0,"comment_status":"closed","ping_status":"closed","sticky":false,"template":"","format":"standard","meta":{"footnotes":""},"categories":[9,1],"tags":[],"class_list":["post-26760","post","type-post","status-publish","format-standard","hentry","category-actualites-schaerbeekoises","category-conseilcommunal","has-post-title","has-post-date","has-post-category","has-post-tag","has-post-comment","has-post-author",""],"builder_content":"","_links":{"self":[{"href":"https:\/\/www.jeanpierrevangorp.info\/site\/wp-json\/wp\/v2\/posts\/26760"}],"collection":[{"href":"https:\/\/www.jeanpierrevangorp.info\/site\/wp-json\/wp\/v2\/posts"}],"about":[{"href":"https:\/\/www.jeanpierrevangorp.info\/site\/wp-json\/wp\/v2\/types\/post"}],"author":[{"embeddable":true,"href":"https:\/\/www.jeanpierrevangorp.info\/site\/wp-json\/wp\/v2\/users\/1"}],"replies":[{"embeddable":true,"href":"https:\/\/www.jeanpierrevangorp.info\/site\/wp-json\/wp\/v2\/comments?post=26760"}],"version-history":[{"count":2,"href":"https:\/\/www.jeanpierrevangorp.info\/site\/wp-json\/wp\/v2\/posts\/26760\/revisions"}],"predecessor-version":[{"id":26764,"href":"https:\/\/www.jeanpierrevangorp.info\/site\/wp-json\/wp\/v2\/posts\/26760\/revisions\/26764"}],"wp:attachment":[{"href":"https:\/\/www.jeanpierrevangorp.info\/site\/wp-json\/wp\/v2\/media?parent=26760"}],"wp:term":[{"taxonomy":"category","embeddable":true,"href":"https:\/\/www.jeanpierrevangorp.info\/site\/wp-json\/wp\/v2\/categories?post=26760"},{"taxonomy":"post_tag","embeddable":true,"href":"https:\/\/www.jeanpierrevangorp.info\/site\/wp-json\/wp\/v2\/tags?post=26760"}],"curies":[{"name":"wp","href":"https:\/\/api.w.org\/{rel}","templated":true}]}}