{"id":26765,"date":"2018-12-24T12:22:46","date_gmt":"2018-12-24T11:22:46","guid":{"rendered":"http:\/\/www.jeanpierrevangorp.info\/site\/?p=26765"},"modified":"2018-12-26T11:27:26","modified_gmt":"2018-12-26T10:27:26","slug":"sophie-querton-lb-future-presidente-du-cpas-de-schaerbeek","status":"publish","type":"post","link":"https:\/\/www.jeanpierrevangorp.info\/site\/sophie-querton-lb-future-presidente-du-cpas-de-schaerbeek\/","title":{"rendered":"Sophie Querton (LB) future pr\u00e9sidente du CPAS de Schaerbeek"},"content":{"rendered":"<p><img loading=\"lazy\" decoding=\"async\" class=\"aligncenter size-medium wp-image-26766\" src=\"https:\/\/www.jeanpierrevangorp.info\/site\/wp-content\/uploads\/2018\/12\/48425592_10156302633416443_2409074742901342208_o-1-464x385.jpg\" alt=\"\" width=\"464\" height=\"385\" srcset=\"https:\/\/www.jeanpierrevangorp.info\/site\/wp-content\/uploads\/2018\/12\/48425592_10156302633416443_2409074742901342208_o-1-464x385.jpg 464w, https:\/\/www.jeanpierrevangorp.info\/site\/wp-content\/uploads\/2018\/12\/48425592_10156302633416443_2409074742901342208_o-1-768x637.jpg 768w, https:\/\/www.jeanpierrevangorp.info\/site\/wp-content\/uploads\/2018\/12\/48425592_10156302633416443_2409074742901342208_o-1-1024x849.jpg 1024w, https:\/\/www.jeanpierrevangorp.info\/site\/wp-content\/uploads\/2018\/12\/48425592_10156302633416443_2409074742901342208_o-1.jpg 1490w\" sizes=\"(max-width: 464px) 100vw, 464px\" \/><\/p>\n<p>Entretien de <strong>Sophie Querton, future pr\u00e9sidente du CPAS de Schaerbeek<\/strong> dans la quotidien \u00ab\u00a0<strong>La Capitale\u00a0\u00bb. La pr\u00e9sidence du CPAS<\/strong> est assur\u00e9e depuis 2001 par <strong>Ecolo. Sophie Querton<\/strong> qui fait partie des <strong>Lib\u00e9raux schaerbeekois<\/strong> sur la <strong>Liste du Bourgmestre<\/strong>, entend se donner le temps de bien prendre ses marques et confie avoir une\u00a0bonne relation d&rsquo;\u00e9changes avec la <strong>pr\u00e9sidente sortante Dominique Decoux<\/strong>.<\/p>\n<p><!--more-->La <strong>pr\u00e9sidence du CPAS de Schaerbeek<\/strong> ce n&rsquo;est pas un petit morceau comme l&rsquo;on dit mais un v\u00e9ritable challenge.<\/p>\n<p><!--themify_builder_static--><!--\/themify_builder_static--><\/p>\n","protected":false},"excerpt":{"rendered":"<p>Entretien de Sophie Querton, future pr\u00e9sidente du CPAS de Schaerbeek dans la quotidien \u00ab\u00a0La Capitale\u00a0\u00bb. La pr\u00e9sidence du CPAS est assur\u00e9e depuis 2001 par Ecolo. Sophie Querton qui fait partie des Lib\u00e9raux schaerbeekois sur la Liste du Bourgmestre, entend se donner le temps de bien prendre ses marques et confie avoir une\u00a0bonne relation d&rsquo;\u00e9changes avec [&hellip;]<\/p>\n","protected":false},"author":1,"featured_media":0,"comment_status":"closed","ping_status":"closed","sticky":false,"template":"","format":"standard","meta":{"footnotes":""},"categories":[9,23,10],"tags":[],"class_list":["post-26765","post","type-post","status-publish","format-standard","hentry","category-actualites-schaerbeekoises","category-cpas","category-revue-de-presse","has-post-title","has-post-date","has-post-category","has-post-tag","has-post-comment","has-post-author",""],"builder_content":"","_links":{"self":[{"href":"https:\/\/www.jeanpierrevangorp.info\/site\/wp-json\/wp\/v2\/posts\/26765"}],"collection":[{"href":"https:\/\/www.jeanpierrevangorp.info\/site\/wp-json\/wp\/v2\/posts"}],"about":[{"href":"https:\/\/www.jeanpierrevangorp.info\/site\/wp-json\/wp\/v2\/types\/post"}],"author":[{"embeddable":true,"href":"https:\/\/www.jeanpierrevangorp.info\/site\/wp-json\/wp\/v2\/users\/1"}],"replies":[{"embeddable":true,"href":"https:\/\/www.jeanpierrevangorp.info\/site\/wp-json\/wp\/v2\/comments?post=26765"}],"version-history":[{"count":2,"href":"https:\/\/www.jeanpierrevangorp.info\/site\/wp-json\/wp\/v2\/posts\/26765\/revisions"}],"predecessor-version":[{"id":26768,"href":"https:\/\/www.jeanpierrevangorp.info\/site\/wp-json\/wp\/v2\/posts\/26765\/revisions\/26768"}],"wp:attachment":[{"href":"https:\/\/www.jeanpierrevangorp.info\/site\/wp-json\/wp\/v2\/media?parent=26765"}],"wp:term":[{"taxonomy":"category","embeddable":true,"href":"https:\/\/www.jeanpierrevangorp.info\/site\/wp-json\/wp\/v2\/categories?post=26765"},{"taxonomy":"post_tag","embeddable":true,"href":"https:\/\/www.jeanpierrevangorp.info\/site\/wp-json\/wp\/v2\/tags?post=26765"}],"curies":[{"name":"wp","href":"https:\/\/api.w.org\/{rel}","templated":true}]}}