{"id":26847,"date":"2019-02-01T11:32:02","date_gmt":"2019-02-01T10:32:02","guid":{"rendered":"http:\/\/www.jeanpierrevangorp.info\/site\/?p=26847"},"modified":"2019-02-01T11:32:02","modified_gmt":"2019-02-01T10:32:02","slug":"deux-nouveaux-conseillers-communaux-cdh-a-schaerbeek","status":"publish","type":"post","link":"https:\/\/www.jeanpierrevangorp.info\/site\/deux-nouveaux-conseillers-communaux-cdh-a-schaerbeek\/","title":{"rendered":"Deux nouveaux conseillers communaux (Cdh) \u00e0 Schaerbeek"},"content":{"rendered":"<p><img loading=\"lazy\" decoding=\"async\" class=\"aligncenter size-medium wp-image-26848\" src=\"https:\/\/www.jeanpierrevangorp.info\/site\/wp-content\/uploads\/2019\/02\/51097675_10157106314775956_2419909373431119872_o-464x348.jpg\" alt=\"\" width=\"464\" height=\"348\" srcset=\"https:\/\/www.jeanpierrevangorp.info\/site\/wp-content\/uploads\/2019\/02\/51097675_10157106314775956_2419909373431119872_o-464x348.jpg 464w, https:\/\/www.jeanpierrevangorp.info\/site\/wp-content\/uploads\/2019\/02\/51097675_10157106314775956_2419909373431119872_o-768x576.jpg 768w, https:\/\/www.jeanpierrevangorp.info\/site\/wp-content\/uploads\/2019\/02\/51097675_10157106314775956_2419909373431119872_o-1024x768.jpg 1024w, https:\/\/www.jeanpierrevangorp.info\/site\/wp-content\/uploads\/2019\/02\/51097675_10157106314775956_2419909373431119872_o.jpg 2016w\" sizes=\"(max-width: 464px) 100vw, 464px\" \/><\/p>\n<p>A peine deux mois apr\u00e8s l&rsquo;installation du nouveau <strong>Conseil communal \u00e0 Schaerbeek,<\/strong> d\u00e9j\u00e0 du changement avec deux nouveaux conseillers communaux dans le groupe Cdh (3 \u00e9lus) suite aux d\u00e9missions des <strong>anciens \u00e9chevins Denis Grimberghs et Mohamed El Arnouki. C\u00e9dric Mahieu, pr\u00e9sident de la section schaerbeekoise du Cdh et Hamza Boukhari<\/strong> ont pr\u00eat\u00e9 serment ce mercredi.<\/p>\n<p><!--themify_builder_static--><!--\/themify_builder_static--><\/p>\n","protected":false},"excerpt":{"rendered":"<p>A peine deux mois apr\u00e8s l&rsquo;installation du nouveau Conseil communal \u00e0 Schaerbeek, d\u00e9j\u00e0 du changement avec deux nouveaux conseillers communaux dans le groupe Cdh (3 \u00e9lus) suite aux d\u00e9missions des anciens \u00e9chevins Denis Grimberghs et Mohamed El Arnouki. C\u00e9dric Mahieu, pr\u00e9sident de la section schaerbeekoise du Cdh et Hamza Boukhari ont pr\u00eat\u00e9 serment ce mercredi.<\/p>\n","protected":false},"author":1,"featured_media":0,"comment_status":"closed","ping_status":"closed","sticky":false,"template":"","format":"standard","meta":{"footnotes":""},"categories":[9,1],"tags":[],"class_list":["post-26847","post","type-post","status-publish","format-standard","hentry","category-actualites-schaerbeekoises","category-conseilcommunal","has-post-title","has-post-date","has-post-category","has-post-tag","has-post-comment","has-post-author",""],"builder_content":"","_links":{"self":[{"href":"https:\/\/www.jeanpierrevangorp.info\/site\/wp-json\/wp\/v2\/posts\/26847"}],"collection":[{"href":"https:\/\/www.jeanpierrevangorp.info\/site\/wp-json\/wp\/v2\/posts"}],"about":[{"href":"https:\/\/www.jeanpierrevangorp.info\/site\/wp-json\/wp\/v2\/types\/post"}],"author":[{"embeddable":true,"href":"https:\/\/www.jeanpierrevangorp.info\/site\/wp-json\/wp\/v2\/users\/1"}],"replies":[{"embeddable":true,"href":"https:\/\/www.jeanpierrevangorp.info\/site\/wp-json\/wp\/v2\/comments?post=26847"}],"version-history":[{"count":2,"href":"https:\/\/www.jeanpierrevangorp.info\/site\/wp-json\/wp\/v2\/posts\/26847\/revisions"}],"predecessor-version":[{"id":26850,"href":"https:\/\/www.jeanpierrevangorp.info\/site\/wp-json\/wp\/v2\/posts\/26847\/revisions\/26850"}],"wp:attachment":[{"href":"https:\/\/www.jeanpierrevangorp.info\/site\/wp-json\/wp\/v2\/media?parent=26847"}],"wp:term":[{"taxonomy":"category","embeddable":true,"href":"https:\/\/www.jeanpierrevangorp.info\/site\/wp-json\/wp\/v2\/categories?post=26847"},{"taxonomy":"post_tag","embeddable":true,"href":"https:\/\/www.jeanpierrevangorp.info\/site\/wp-json\/wp\/v2\/tags?post=26847"}],"curies":[{"name":"wp","href":"https:\/\/api.w.org\/{rel}","templated":true}]}}