{"id":26895,"date":"2019-02-12T14:39:29","date_gmt":"2019-02-12T13:39:29","guid":{"rendered":"http:\/\/www.jeanpierrevangorp.info\/site\/?p=26895"},"modified":"2019-02-12T14:39:29","modified_gmt":"2019-02-12T13:39:29","slug":"mediapark-a-lenquete-publique","status":"publish","type":"post","link":"https:\/\/www.jeanpierrevangorp.info\/site\/mediapark-a-lenquete-publique\/","title":{"rendered":"Mediapark \u00e0 l&rsquo;enqu\u00eate publique"},"content":{"rendered":"<p><img loading=\"lazy\" decoding=\"async\" class=\"aligncenter size-medium wp-image-26896\" src=\"https:\/\/www.jeanpierrevangorp.info\/site\/wp-content\/uploads\/2019\/02\/51747333_2319999384691177_8178784523874467840_n-464x348.jpg\" alt=\"\" width=\"464\" height=\"348\" srcset=\"https:\/\/www.jeanpierrevangorp.info\/site\/wp-content\/uploads\/2019\/02\/51747333_2319999384691177_8178784523874467840_n-464x348.jpg 464w, https:\/\/www.jeanpierrevangorp.info\/site\/wp-content\/uploads\/2019\/02\/51747333_2319999384691177_8178784523874467840_n-768x576.jpg 768w, https:\/\/www.jeanpierrevangorp.info\/site\/wp-content\/uploads\/2019\/02\/51747333_2319999384691177_8178784523874467840_n.jpg 960w\" sizes=\"(max-width: 464px) 100vw, 464px\" \/><\/p>\n<p>Le projet de cr\u00e9ation du <strong>nouveau quartier Mediapark<\/strong> (sur des terrains n&rsquo;appartenant pas \u00e0 la <strong>Commune de Schaerbeek<\/strong>) est \u00e0 l&rsquo;enqu\u00eate publique \u00e0 partir du <strong>20 f\u00e9vrier et ce jusqu&rsquo;au 22 avril prochain<\/strong>. Des logements (200.000 m\u00b2) dont 30% de logements publics, \u00e9coles, cr\u00e8che, des espaces Horeca, un cin\u00e9ma, des espaces verts (8 hectares)\u00a0et les deux p\u00f4les audiovisuels de la RTBF et de la VRT seront \u00e9rig\u00e9s.<\/p>\n<p><!--themify_builder_static--><!--\/themify_builder_static--><\/p>\n","protected":false},"excerpt":{"rendered":"<p>Le projet de cr\u00e9ation du nouveau quartier Mediapark (sur des terrains n&rsquo;appartenant pas \u00e0 la Commune de Schaerbeek) est \u00e0 l&rsquo;enqu\u00eate publique \u00e0 partir du 20 f\u00e9vrier et ce jusqu&rsquo;au 22 avril prochain. Des logements (200.000 m\u00b2) dont 30% de logements publics, \u00e9coles, cr\u00e8che, des espaces Horeca, un cin\u00e9ma, des espaces verts (8 hectares)\u00a0et les [&hellip;]<\/p>\n","protected":false},"author":1,"featured_media":0,"comment_status":"closed","ping_status":"closed","sticky":false,"template":"","format":"standard","meta":{"footnotes":""},"categories":[9],"tags":[],"class_list":["post-26895","post","type-post","status-publish","format-standard","hentry","category-actualites-schaerbeekoises","has-post-title","has-post-date","has-post-category","has-post-tag","has-post-comment","has-post-author",""],"builder_content":"","_links":{"self":[{"href":"https:\/\/www.jeanpierrevangorp.info\/site\/wp-json\/wp\/v2\/posts\/26895"}],"collection":[{"href":"https:\/\/www.jeanpierrevangorp.info\/site\/wp-json\/wp\/v2\/posts"}],"about":[{"href":"https:\/\/www.jeanpierrevangorp.info\/site\/wp-json\/wp\/v2\/types\/post"}],"author":[{"embeddable":true,"href":"https:\/\/www.jeanpierrevangorp.info\/site\/wp-json\/wp\/v2\/users\/1"}],"replies":[{"embeddable":true,"href":"https:\/\/www.jeanpierrevangorp.info\/site\/wp-json\/wp\/v2\/comments?post=26895"}],"version-history":[{"count":2,"href":"https:\/\/www.jeanpierrevangorp.info\/site\/wp-json\/wp\/v2\/posts\/26895\/revisions"}],"predecessor-version":[{"id":26898,"href":"https:\/\/www.jeanpierrevangorp.info\/site\/wp-json\/wp\/v2\/posts\/26895\/revisions\/26898"}],"wp:attachment":[{"href":"https:\/\/www.jeanpierrevangorp.info\/site\/wp-json\/wp\/v2\/media?parent=26895"}],"wp:term":[{"taxonomy":"category","embeddable":true,"href":"https:\/\/www.jeanpierrevangorp.info\/site\/wp-json\/wp\/v2\/categories?post=26895"},{"taxonomy":"post_tag","embeddable":true,"href":"https:\/\/www.jeanpierrevangorp.info\/site\/wp-json\/wp\/v2\/tags?post=26895"}],"curies":[{"name":"wp","href":"https:\/\/api.w.org\/{rel}","templated":true}]}}