{"id":26899,"date":"2019-02-13T14:59:36","date_gmt":"2019-02-13T13:59:36","guid":{"rendered":"http:\/\/www.jeanpierrevangorp.info\/site\/?p=26899"},"modified":"2019-02-13T14:59:36","modified_gmt":"2019-02-13T13:59:36","slug":"les-conseillers-communaux-ps-de-schaerbeek-sur-le-terrain-en-ce-jour-de-greve-nationale","status":"publish","type":"post","link":"https:\/\/www.jeanpierrevangorp.info\/site\/les-conseillers-communaux-ps-de-schaerbeek-sur-le-terrain-en-ce-jour-de-greve-nationale\/","title":{"rendered":"Les conseillers communaux PS de Schaerbeek sur le terrain en ce jour de gr\u00e8ve nationale"},"content":{"rendered":"<p><img loading=\"lazy\" decoding=\"async\" class=\"aligncenter size-medium wp-image-26900\" src=\"https:\/\/www.jeanpierrevangorp.info\/site\/wp-content\/uploads\/2019\/02\/52815363_1885094314932259_5087580425027584000_n-464x383.jpg\" alt=\"\" width=\"464\" height=\"383\" srcset=\"https:\/\/www.jeanpierrevangorp.info\/site\/wp-content\/uploads\/2019\/02\/52815363_1885094314932259_5087580425027584000_n-464x383.jpg 464w, https:\/\/www.jeanpierrevangorp.info\/site\/wp-content\/uploads\/2019\/02\/52815363_1885094314932259_5087580425027584000_n-768x634.jpg 768w, https:\/\/www.jeanpierrevangorp.info\/site\/wp-content\/uploads\/2019\/02\/52815363_1885094314932259_5087580425027584000_n.jpg 960w\" sizes=\"(max-width: 464px) 100vw, 464px\" \/><\/p>\n<p>Les <strong>conseillers communaux schaerbeekois du groupe PS Mathieu Degrez, Abobakre Bouhjar, Ibrahim Donmez et Hassan Koyuncu<\/strong> sont all\u00e9s ce mercredi 13 f\u00e9vrier \u00e0 al rencontre des manifestants aux diff\u00e9rents piquets de gr\u00e8ve sur le territoire de Schaerbeek.<\/p>\n<p><!--themify_builder_static--><!--\/themify_builder_static--><\/p>\n","protected":false},"excerpt":{"rendered":"<p>Les conseillers communaux schaerbeekois du groupe PS Mathieu Degrez, Abobakre Bouhjar, Ibrahim Donmez et Hassan Koyuncu sont all\u00e9s ce mercredi 13 f\u00e9vrier \u00e0 al rencontre des manifestants aux diff\u00e9rents piquets de gr\u00e8ve sur le territoire de Schaerbeek.<\/p>\n","protected":false},"author":1,"featured_media":0,"comment_status":"closed","ping_status":"closed","sticky":false,"template":"","format":"standard","meta":{"footnotes":""},"categories":[9,1],"tags":[],"class_list":["post-26899","post","type-post","status-publish","format-standard","hentry","category-actualites-schaerbeekoises","category-conseilcommunal","has-post-title","has-post-date","has-post-category","has-post-tag","has-post-comment","has-post-author",""],"builder_content":"","_links":{"self":[{"href":"https:\/\/www.jeanpierrevangorp.info\/site\/wp-json\/wp\/v2\/posts\/26899"}],"collection":[{"href":"https:\/\/www.jeanpierrevangorp.info\/site\/wp-json\/wp\/v2\/posts"}],"about":[{"href":"https:\/\/www.jeanpierrevangorp.info\/site\/wp-json\/wp\/v2\/types\/post"}],"author":[{"embeddable":true,"href":"https:\/\/www.jeanpierrevangorp.info\/site\/wp-json\/wp\/v2\/users\/1"}],"replies":[{"embeddable":true,"href":"https:\/\/www.jeanpierrevangorp.info\/site\/wp-json\/wp\/v2\/comments?post=26899"}],"version-history":[{"count":2,"href":"https:\/\/www.jeanpierrevangorp.info\/site\/wp-json\/wp\/v2\/posts\/26899\/revisions"}],"predecessor-version":[{"id":26902,"href":"https:\/\/www.jeanpierrevangorp.info\/site\/wp-json\/wp\/v2\/posts\/26899\/revisions\/26902"}],"wp:attachment":[{"href":"https:\/\/www.jeanpierrevangorp.info\/site\/wp-json\/wp\/v2\/media?parent=26899"}],"wp:term":[{"taxonomy":"category","embeddable":true,"href":"https:\/\/www.jeanpierrevangorp.info\/site\/wp-json\/wp\/v2\/categories?post=26899"},{"taxonomy":"post_tag","embeddable":true,"href":"https:\/\/www.jeanpierrevangorp.info\/site\/wp-json\/wp\/v2\/tags?post=26899"}],"curies":[{"name":"wp","href":"https:\/\/api.w.org\/{rel}","templated":true}]}}