{"id":27456,"date":"2019-07-29T09:41:10","date_gmt":"2019-07-29T08:41:10","guid":{"rendered":"http:\/\/www.jeanpierrevangorp.info\/site\/?p=27456"},"modified":"2019-07-29T09:41:10","modified_gmt":"2019-07-29T08:41:10","slug":"controles-de-vitesse-renforces-a-schaerbeek","status":"publish","type":"post","link":"https:\/\/www.jeanpierrevangorp.info\/site\/controles-de-vitesse-renforces-a-schaerbeek\/","title":{"rendered":"Contr\u00f4les de vitesse renforc\u00e9s \u00e0 Schaerbeek"},"content":{"rendered":"<p><img loading=\"lazy\" decoding=\"async\" class=\"aligncenter size-medium wp-image-27458\" src=\"https:\/\/www.jeanpierrevangorp.info\/site\/wp-content\/uploads\/2019\/07\/B9720408313Z_1_20190729093516_000GC4E5EHAJ_1-0-464x261.jpg\" alt=\"\" width=\"464\" height=\"261\" srcset=\"https:\/\/www.jeanpierrevangorp.info\/site\/wp-content\/uploads\/2019\/07\/B9720408313Z_1_20190729093516_000GC4E5EHAJ_1-0-464x261.jpg 464w, https:\/\/www.jeanpierrevangorp.info\/site\/wp-content\/uploads\/2019\/07\/B9720408313Z_1_20190729093516_000GC4E5EHAJ_1-0-768x432.jpg 768w, https:\/\/www.jeanpierrevangorp.info\/site\/wp-content\/uploads\/2019\/07\/B9720408313Z_1_20190729093516_000GC4E5EHAJ_1-0-1024x576.jpg 1024w, https:\/\/www.jeanpierrevangorp.info\/site\/wp-content\/uploads\/2019\/07\/B9720408313Z_1_20190729093516_000GC4E5EHAJ_1-0.jpg 1190w\" sizes=\"(max-width: 464px) 100vw, 464px\" \/><\/p>\n<p>C&rsquo;est <strong>Bernard Clerfayt, bourgmestre emp\u00each\u00e9 de Schaerbeek<\/strong>, qui l&rsquo;annonce dans un entretien avec \u00ab\u00a0<strong>La Derni\u00e8re Heure<\/strong>\u00ab\u00a0. Actuellement, les zones de police de la r\u00e9gion bruxelloises disposent de deux radars Lidar pour contr\u00f4ler la vitesse. Ces deux machines sont donc pr\u00eat\u00e9es \u00e0 tour de r\u00f4le. La<strong> zone de police de Schaerbeek<\/strong> en disposera prochainement d&rsquo;une pour elle. Cliquez <a href=\"https:\/\/www.dhnet.be\/actu\/faits\/les-controles-de-vitesse-vont-quadrupler-a-schaerbeek-5d3dcba6d8ad5859350abcae\">ici<\/a> pour lire l&rsquo;article.<\/p>\n<p><!--themify_builder_static--><!--\/themify_builder_static--><\/p>\n","protected":false},"excerpt":{"rendered":"<p>C&rsquo;est Bernard Clerfayt, bourgmestre emp\u00each\u00e9 de Schaerbeek, qui l&rsquo;annonce dans un entretien avec \u00ab\u00a0La Derni\u00e8re Heure\u00ab\u00a0. Actuellement, les zones de police de la r\u00e9gion bruxelloises disposent de deux radars Lidar pour contr\u00f4ler la vitesse. Ces deux machines sont donc pr\u00eat\u00e9es \u00e0 tour de r\u00f4le. La zone de police de Schaerbeek en disposera prochainement d&rsquo;une pour [&hellip;]<\/p>\n","protected":false},"author":1,"featured_media":0,"comment_status":"closed","ping_status":"closed","sticky":false,"template":"","format":"standard","meta":{"footnotes":""},"categories":[9,27],"tags":[],"class_list":["post-27456","post","type-post","status-publish","format-standard","hentry","category-actualites-schaerbeekoises","category-mobilite","has-post-title","has-post-date","has-post-category","has-post-tag","has-post-comment","has-post-author",""],"builder_content":"","_links":{"self":[{"href":"https:\/\/www.jeanpierrevangorp.info\/site\/wp-json\/wp\/v2\/posts\/27456"}],"collection":[{"href":"https:\/\/www.jeanpierrevangorp.info\/site\/wp-json\/wp\/v2\/posts"}],"about":[{"href":"https:\/\/www.jeanpierrevangorp.info\/site\/wp-json\/wp\/v2\/types\/post"}],"author":[{"embeddable":true,"href":"https:\/\/www.jeanpierrevangorp.info\/site\/wp-json\/wp\/v2\/users\/1"}],"replies":[{"embeddable":true,"href":"https:\/\/www.jeanpierrevangorp.info\/site\/wp-json\/wp\/v2\/comments?post=27456"}],"version-history":[{"count":2,"href":"https:\/\/www.jeanpierrevangorp.info\/site\/wp-json\/wp\/v2\/posts\/27456\/revisions"}],"predecessor-version":[{"id":27460,"href":"https:\/\/www.jeanpierrevangorp.info\/site\/wp-json\/wp\/v2\/posts\/27456\/revisions\/27460"}],"wp:attachment":[{"href":"https:\/\/www.jeanpierrevangorp.info\/site\/wp-json\/wp\/v2\/media?parent=27456"}],"wp:term":[{"taxonomy":"category","embeddable":true,"href":"https:\/\/www.jeanpierrevangorp.info\/site\/wp-json\/wp\/v2\/categories?post=27456"},{"taxonomy":"post_tag","embeddable":true,"href":"https:\/\/www.jeanpierrevangorp.info\/site\/wp-json\/wp\/v2\/tags?post=27456"}],"curies":[{"name":"wp","href":"https:\/\/api.w.org\/{rel}","templated":true}]}}