{"id":27466,"date":"2019-07-30T12:14:02","date_gmt":"2019-07-30T11:14:02","guid":{"rendered":"http:\/\/www.jeanpierrevangorp.info\/site\/?p=27466"},"modified":"2019-07-30T12:14:02","modified_gmt":"2019-07-30T11:14:02","slug":"quartier-terdelt-dejase-les-regrets-des-commercants-par-rapport-a-la-fin-de-chantier","status":"publish","type":"post","link":"https:\/\/www.jeanpierrevangorp.info\/site\/quartier-terdelt-dejase-les-regrets-des-commercants-par-rapport-a-la-fin-de-chantier\/","title":{"rendered":"Quartier Terdelt-Dejase : les regrets des commer\u00e7ants par rapport \u00e0 la fin de chantier"},"content":{"rendered":"<p><img loading=\"lazy\" decoding=\"async\" class=\"aligncenter size-medium wp-image-27467\" src=\"https:\/\/www.jeanpierrevangorp.info\/site\/wp-content\/uploads\/2019\/07\/thumbnail_IMG_2967-464x349.jpg\" alt=\"\" width=\"464\" height=\"349\" srcset=\"https:\/\/www.jeanpierrevangorp.info\/site\/wp-content\/uploads\/2019\/07\/thumbnail_IMG_2967-464x349.jpg 464w, https:\/\/www.jeanpierrevangorp.info\/site\/wp-content\/uploads\/2019\/07\/thumbnail_IMG_2967.jpg 640w\" sizes=\"(max-width: 464px) 100vw, 464px\" \/><\/p>\n<p>Voici la fin du chantier dans le <strong>quartier Terdelt\/Dejase<\/strong> qui d\u00e9sesp\u00e8re les commer\u00e7ants. La fin du chantier \u00e9tait annonc\u00e9e pour le mois de juillet. En raison des cong\u00e9s, tout est \u00e0 l&rsquo;arr\u00eat alors que comme on peut le voir sur ces photos, il ne reste pas grand chose \u00e0 finaliser. Et les commer\u00e7ants de d\u00e9plorer que l&rsquo;on ait pas permis de rouvrir <strong>l&rsquo;avenue Dejase,<\/strong> eux qui ont subi un impact n\u00e9gatif sur leurs chiffres d&rsquo;affaires comme tr\u00e8s souvent dans ce type de situation.<\/p>\n<p><!--more--><\/p>\n<p><img loading=\"lazy\" decoding=\"async\" class=\"aligncenter size-medium wp-image-27468\" src=\"https:\/\/www.jeanpierrevangorp.info\/site\/wp-content\/uploads\/2019\/07\/thumbnail_IMG_2966-464x349.jpg\" alt=\"\" width=\"464\" height=\"349\" srcset=\"https:\/\/www.jeanpierrevangorp.info\/site\/wp-content\/uploads\/2019\/07\/thumbnail_IMG_2966-464x349.jpg 464w, https:\/\/www.jeanpierrevangorp.info\/site\/wp-content\/uploads\/2019\/07\/thumbnail_IMG_2966.jpg 640w\" sizes=\"(max-width: 464px) 100vw, 464px\" \/><\/p>\n<p><img loading=\"lazy\" decoding=\"async\" class=\"aligncenter size-medium wp-image-27469\" src=\"https:\/\/www.jeanpierrevangorp.info\/site\/wp-content\/uploads\/2019\/07\/thumbnail_IMG_2968-464x349.jpg\" alt=\"\" width=\"464\" height=\"349\" srcset=\"https:\/\/www.jeanpierrevangorp.info\/site\/wp-content\/uploads\/2019\/07\/thumbnail_IMG_2968-464x349.jpg 464w, https:\/\/www.jeanpierrevangorp.info\/site\/wp-content\/uploads\/2019\/07\/thumbnail_IMG_2968.jpg 640w\" sizes=\"(max-width: 464px) 100vw, 464px\" \/><\/p>\n<p><img loading=\"lazy\" decoding=\"async\" class=\"aligncenter size-medium wp-image-27470\" src=\"https:\/\/www.jeanpierrevangorp.info\/site\/wp-content\/uploads\/2019\/07\/thumbnail_IMG_2965-464x349.jpg\" alt=\"\" width=\"464\" height=\"349\" srcset=\"https:\/\/www.jeanpierrevangorp.info\/site\/wp-content\/uploads\/2019\/07\/thumbnail_IMG_2965-464x349.jpg 464w, https:\/\/www.jeanpierrevangorp.info\/site\/wp-content\/uploads\/2019\/07\/thumbnail_IMG_2965.jpg 640w\" sizes=\"(max-width: 464px) 100vw, 464px\" \/><\/p>\n<p><!--themify_builder_static--><!--\/themify_builder_static--><\/p>\n","protected":false},"excerpt":{"rendered":"<p>Voici la fin du chantier dans le quartier Terdelt\/Dejase qui d\u00e9sesp\u00e8re les commer\u00e7ants. La fin du chantier \u00e9tait annonc\u00e9e pour le mois de juillet. En raison des cong\u00e9s, tout est \u00e0 l&rsquo;arr\u00eat alors que comme on peut le voir sur ces photos, il ne reste pas grand chose \u00e0 finaliser. Et les commer\u00e7ants de d\u00e9plorer [&hellip;]<\/p>\n","protected":false},"author":1,"featured_media":0,"comment_status":"closed","ping_status":"closed","sticky":false,"template":"","format":"standard","meta":{"footnotes":""},"categories":[9],"tags":[],"class_list":["post-27466","post","type-post","status-publish","format-standard","hentry","category-actualites-schaerbeekoises","has-post-title","has-post-date","has-post-category","has-post-tag","has-post-comment","has-post-author",""],"builder_content":"","_links":{"self":[{"href":"https:\/\/www.jeanpierrevangorp.info\/site\/wp-json\/wp\/v2\/posts\/27466"}],"collection":[{"href":"https:\/\/www.jeanpierrevangorp.info\/site\/wp-json\/wp\/v2\/posts"}],"about":[{"href":"https:\/\/www.jeanpierrevangorp.info\/site\/wp-json\/wp\/v2\/types\/post"}],"author":[{"embeddable":true,"href":"https:\/\/www.jeanpierrevangorp.info\/site\/wp-json\/wp\/v2\/users\/1"}],"replies":[{"embeddable":true,"href":"https:\/\/www.jeanpierrevangorp.info\/site\/wp-json\/wp\/v2\/comments?post=27466"}],"version-history":[{"count":1,"href":"https:\/\/www.jeanpierrevangorp.info\/site\/wp-json\/wp\/v2\/posts\/27466\/revisions"}],"predecessor-version":[{"id":27471,"href":"https:\/\/www.jeanpierrevangorp.info\/site\/wp-json\/wp\/v2\/posts\/27466\/revisions\/27471"}],"wp:attachment":[{"href":"https:\/\/www.jeanpierrevangorp.info\/site\/wp-json\/wp\/v2\/media?parent=27466"}],"wp:term":[{"taxonomy":"category","embeddable":true,"href":"https:\/\/www.jeanpierrevangorp.info\/site\/wp-json\/wp\/v2\/categories?post=27466"},{"taxonomy":"post_tag","embeddable":true,"href":"https:\/\/www.jeanpierrevangorp.info\/site\/wp-json\/wp\/v2\/tags?post=27466"}],"curies":[{"name":"wp","href":"https:\/\/api.w.org\/{rel}","templated":true}]}}