{"id":27959,"date":"2019-12-18T14:52:12","date_gmt":"2019-12-18T13:52:12","guid":{"rendered":"http:\/\/www.jeanpierrevangorp.info\/site\/?p=27959"},"modified":"2019-12-19T14:56:32","modified_gmt":"2019-12-19T13:56:32","slug":"guichets-changement-dhoraire-le-jeudi","status":"publish","type":"post","link":"https:\/\/www.jeanpierrevangorp.info\/site\/guichets-changement-dhoraire-le-jeudi\/","title":{"rendered":"Guichets : changement d&rsquo;horaire le jeudi"},"content":{"rendered":"<p><img loading=\"lazy\" decoding=\"async\" class=\"aligncenter size-medium wp-image-27960\" src=\"https:\/\/www.jeanpierrevangorp.info\/site\/wp-content\/uploads\/2019\/12\/5663gl-464x464.jpg\" alt=\"\" width=\"464\" height=\"464\" srcset=\"https:\/\/www.jeanpierrevangorp.info\/site\/wp-content\/uploads\/2019\/12\/5663gl-464x464.jpg 464w, https:\/\/www.jeanpierrevangorp.info\/site\/wp-content\/uploads\/2019\/12\/5663gl-150x150.jpg 150w, https:\/\/www.jeanpierrevangorp.info\/site\/wp-content\/uploads\/2019\/12\/5663gl-768x768.jpg 768w, https:\/\/www.jeanpierrevangorp.info\/site\/wp-content\/uploads\/2019\/12\/5663gl.jpg 979w\" sizes=\"(max-width: 464px) 100vw, 464px\" \/><\/p>\n<p><strong>A\u00a0partir du 1er janvier 2020<\/strong>, il y aura du changement au niveau des horaires d&rsquo;acc\u00e8s aux guichets de<strong> l&rsquo;h\u00f4tel communal de Schaerbeek<\/strong> qui ouvre du lundi au vendredi \u00e0 8 h. Le jeudi est le jour de la nocturne avec acc\u00e8s jusque 19h. Les autres jours, l&rsquo;acc\u00e8s au public se termine \u00e0 13h. Il en sera d\u00e9sormais de m\u00eame le jeudi. <strong>Les plages horaires du jeudi seront de 8h \u00e0 13h puis de 15h \u00e0 19h.<\/strong><\/p>\n<p><!--themify_builder_static--><!--\/themify_builder_static--><\/p>\n","protected":false},"excerpt":{"rendered":"<p>A\u00a0partir du 1er janvier 2020, il y aura du changement au niveau des horaires d&rsquo;acc\u00e8s aux guichets de l&rsquo;h\u00f4tel communal de Schaerbeek qui ouvre du lundi au vendredi \u00e0 8 h. Le jeudi est le jour de la nocturne avec acc\u00e8s jusque 19h. Les autres jours, l&rsquo;acc\u00e8s au public se termine \u00e0 13h. Il en [&hellip;]<\/p>\n","protected":false},"author":1,"featured_media":0,"comment_status":"closed","ping_status":"closed","sticky":false,"template":"","format":"standard","meta":{"footnotes":""},"categories":[9],"tags":[],"class_list":["post-27959","post","type-post","status-publish","format-standard","hentry","category-actualites-schaerbeekoises","has-post-title","has-post-date","has-post-category","has-post-tag","has-post-comment","has-post-author",""],"builder_content":"","_links":{"self":[{"href":"https:\/\/www.jeanpierrevangorp.info\/site\/wp-json\/wp\/v2\/posts\/27959"}],"collection":[{"href":"https:\/\/www.jeanpierrevangorp.info\/site\/wp-json\/wp\/v2\/posts"}],"about":[{"href":"https:\/\/www.jeanpierrevangorp.info\/site\/wp-json\/wp\/v2\/types\/post"}],"author":[{"embeddable":true,"href":"https:\/\/www.jeanpierrevangorp.info\/site\/wp-json\/wp\/v2\/users\/1"}],"replies":[{"embeddable":true,"href":"https:\/\/www.jeanpierrevangorp.info\/site\/wp-json\/wp\/v2\/comments?post=27959"}],"version-history":[{"count":2,"href":"https:\/\/www.jeanpierrevangorp.info\/site\/wp-json\/wp\/v2\/posts\/27959\/revisions"}],"predecessor-version":[{"id":27962,"href":"https:\/\/www.jeanpierrevangorp.info\/site\/wp-json\/wp\/v2\/posts\/27959\/revisions\/27962"}],"wp:attachment":[{"href":"https:\/\/www.jeanpierrevangorp.info\/site\/wp-json\/wp\/v2\/media?parent=27959"}],"wp:term":[{"taxonomy":"category","embeddable":true,"href":"https:\/\/www.jeanpierrevangorp.info\/site\/wp-json\/wp\/v2\/categories?post=27959"},{"taxonomy":"post_tag","embeddable":true,"href":"https:\/\/www.jeanpierrevangorp.info\/site\/wp-json\/wp\/v2\/tags?post=27959"}],"curies":[{"name":"wp","href":"https:\/\/api.w.org\/{rel}","templated":true}]}}