{"id":28371,"date":"2020-05-21T07:04:10","date_gmt":"2020-05-21T06:04:10","guid":{"rendered":"http:\/\/www.jeanpierrevangorp.info\/site\/?p=28371"},"modified":"2020-05-21T07:04:10","modified_gmt":"2020-05-21T06:04:10","slug":"reprise-des-marches-hebdomadaires-a-schaerbeek","status":"publish","type":"post","link":"https:\/\/www.jeanpierrevangorp.info\/site\/reprise-des-marches-hebdomadaires-a-schaerbeek\/","title":{"rendered":"Reprise des march\u00e9s hebdomadaires \u00e0 Schaerbeek"},"content":{"rendered":"<p><img loading=\"lazy\" decoding=\"async\" class=\"aligncenter size-full wp-image-28372\" src=\"https:\/\/www.jeanpierrevangorp.info\/site\/wp-content\/uploads\/2020\/05\/Photo-228.jpg\" alt=\"\" width=\"460\" height=\"345\" \/><\/p>\n<p>La <strong>Commune de Schaerbeek<\/strong> a autoris\u00e9 la reprise des march\u00e9s hebdomadaires \u00e0 l&rsquo;exception de celui de la<strong> rue Royale Sainte Marie.<\/strong> Le Conseil national de s\u00e9curit\u00e9 pr\u00e9voyait la r\u00e9ouverture limit\u00e9es \u00e0 50 exposants. La consommation sur place est interdite pour le moment, bon \u00e0 savoir pour les habitu\u00e9s du march\u00e9 de la <strong>place des Chasseurs ardennais<\/strong>.<\/p>\n<p>Voici le r\u00e9capitulatif des <strong>march\u00e9s schaerbeekois :<\/strong><\/p>\n<ul>\n<li>March\u00e9 square Riga lundi 8-13h<\/li>\n<li>March\u00e9 Dailly mardi 8-13h<\/li>\n<li>March\u00e9 Chasseurs Ardennais vendredi 14-20h<\/li>\n<li>March\u00e9 Ecuries van de Tram vendredi apr\u00e8s-midi et samedi matin<\/li>\n<li>March\u00e9 Helmet samedi 8-13h<\/li>\n<\/ul>\n<p><!--themify_builder_static--><!--\/themify_builder_static--><\/p>\n","protected":false},"excerpt":{"rendered":"<p>La Commune de Schaerbeek a autoris\u00e9 la reprise des march\u00e9s hebdomadaires \u00e0 l&rsquo;exception de celui de la rue Royale Sainte Marie. Le Conseil national de s\u00e9curit\u00e9 pr\u00e9voyait la r\u00e9ouverture limit\u00e9es \u00e0 50 exposants. La consommation sur place est interdite pour le moment, bon \u00e0 savoir pour les habitu\u00e9s du march\u00e9 de la place des Chasseurs [&hellip;]<\/p>\n","protected":false},"author":1,"featured_media":0,"comment_status":"closed","ping_status":"closed","sticky":false,"template":"","format":"standard","meta":{"footnotes":""},"categories":[9],"tags":[],"class_list":["post-28371","post","type-post","status-publish","format-standard","hentry","category-actualites-schaerbeekoises","has-post-title","has-post-date","has-post-category","has-post-tag","has-post-comment","has-post-author",""],"builder_content":"","_links":{"self":[{"href":"https:\/\/www.jeanpierrevangorp.info\/site\/wp-json\/wp\/v2\/posts\/28371"}],"collection":[{"href":"https:\/\/www.jeanpierrevangorp.info\/site\/wp-json\/wp\/v2\/posts"}],"about":[{"href":"https:\/\/www.jeanpierrevangorp.info\/site\/wp-json\/wp\/v2\/types\/post"}],"author":[{"embeddable":true,"href":"https:\/\/www.jeanpierrevangorp.info\/site\/wp-json\/wp\/v2\/users\/1"}],"replies":[{"embeddable":true,"href":"https:\/\/www.jeanpierrevangorp.info\/site\/wp-json\/wp\/v2\/comments?post=28371"}],"version-history":[{"count":2,"href":"https:\/\/www.jeanpierrevangorp.info\/site\/wp-json\/wp\/v2\/posts\/28371\/revisions"}],"predecessor-version":[{"id":28374,"href":"https:\/\/www.jeanpierrevangorp.info\/site\/wp-json\/wp\/v2\/posts\/28371\/revisions\/28374"}],"wp:attachment":[{"href":"https:\/\/www.jeanpierrevangorp.info\/site\/wp-json\/wp\/v2\/media?parent=28371"}],"wp:term":[{"taxonomy":"category","embeddable":true,"href":"https:\/\/www.jeanpierrevangorp.info\/site\/wp-json\/wp\/v2\/categories?post=28371"},{"taxonomy":"post_tag","embeddable":true,"href":"https:\/\/www.jeanpierrevangorp.info\/site\/wp-json\/wp\/v2\/tags?post=28371"}],"curies":[{"name":"wp","href":"https:\/\/api.w.org\/{rel}","templated":true}]}}