{"id":28713,"date":"2020-11-08T08:54:19","date_gmt":"2020-11-08T07:54:19","guid":{"rendered":"http:\/\/www.jeanpierrevangorp.info\/site\/?p=28713"},"modified":"2020-11-11T08:57:12","modified_gmt":"2020-11-11T07:57:12","slug":"ouverture-du-centre-daccueil-de-jour-du-cpas-de-schaerbeek","status":"publish","type":"post","link":"https:\/\/www.jeanpierrevangorp.info\/site\/ouverture-du-centre-daccueil-de-jour-du-cpas-de-schaerbeek\/","title":{"rendered":"Ouverture du centre d&rsquo;accueil de jour du CPAS de Schaerbeek"},"content":{"rendered":"<p><img loading=\"lazy\" decoding=\"async\" class=\"aligncenter size-medium wp-image-28714\" src=\"https:\/\/www.jeanpierrevangorp.info\/site\/wp-content\/uploads\/2020\/11\/le_phare_reyers-464x261.jpg\" alt=\"\" width=\"464\" height=\"261\" srcset=\"https:\/\/www.jeanpierrevangorp.info\/site\/wp-content\/uploads\/2020\/11\/le_phare_reyers-464x261.jpg 464w, https:\/\/www.jeanpierrevangorp.info\/site\/wp-content\/uploads\/2020\/11\/le_phare_reyers-768x433.jpg 768w, https:\/\/www.jeanpierrevangorp.info\/site\/wp-content\/uploads\/2020\/11\/le_phare_reyers-1024x577.jpg 1024w, https:\/\/www.jeanpierrevangorp.info\/site\/wp-content\/uploads\/2020\/11\/le_phare_reyers.jpg 1200w\" sizes=\"(max-width: 464px) 100vw, 464px\" \/><\/p>\n<p>Le<strong> centre d\u2019accueil de jour du CPAS de Schaerbeek<\/strong> s&rsquo;est install\u00e9 au num\u00e9ro <strong>106 du boulevard Auguste Reyers.<\/strong> D\u00e9nomm\u00e9e Le Phare, la nouvelle structure s\u2019adressera aux personnes sans-abri, isol\u00e9es ou mal log\u00e9es. Ouvert du <strong>lundi au vendredi de 9h \u00e0 16h.<br \/>\n<\/strong><\/p>\n<p><!--themify_builder_static--><!--\/themify_builder_static--><\/p>\n","protected":false},"excerpt":{"rendered":"<p>Le centre d\u2019accueil de jour du CPAS de Schaerbeek s&rsquo;est install\u00e9 au num\u00e9ro 106 du boulevard Auguste Reyers. D\u00e9nomm\u00e9e Le Phare, la nouvelle structure s\u2019adressera aux personnes sans-abri, isol\u00e9es ou mal log\u00e9es. Ouvert du lundi au vendredi de 9h \u00e0 16h.<\/p>\n","protected":false},"author":1,"featured_media":0,"comment_status":"closed","ping_status":"closed","sticky":false,"template":"","format":"standard","meta":{"footnotes":""},"categories":[9,23],"tags":[],"class_list":["post-28713","post","type-post","status-publish","format-standard","hentry","category-actualites-schaerbeekoises","category-cpas","has-post-title","has-post-date","has-post-category","has-post-tag","has-post-comment","has-post-author",""],"builder_content":"","_links":{"self":[{"href":"https:\/\/www.jeanpierrevangorp.info\/site\/wp-json\/wp\/v2\/posts\/28713"}],"collection":[{"href":"https:\/\/www.jeanpierrevangorp.info\/site\/wp-json\/wp\/v2\/posts"}],"about":[{"href":"https:\/\/www.jeanpierrevangorp.info\/site\/wp-json\/wp\/v2\/types\/post"}],"author":[{"embeddable":true,"href":"https:\/\/www.jeanpierrevangorp.info\/site\/wp-json\/wp\/v2\/users\/1"}],"replies":[{"embeddable":true,"href":"https:\/\/www.jeanpierrevangorp.info\/site\/wp-json\/wp\/v2\/comments?post=28713"}],"version-history":[{"count":2,"href":"https:\/\/www.jeanpierrevangorp.info\/site\/wp-json\/wp\/v2\/posts\/28713\/revisions"}],"predecessor-version":[{"id":28716,"href":"https:\/\/www.jeanpierrevangorp.info\/site\/wp-json\/wp\/v2\/posts\/28713\/revisions\/28716"}],"wp:attachment":[{"href":"https:\/\/www.jeanpierrevangorp.info\/site\/wp-json\/wp\/v2\/media?parent=28713"}],"wp:term":[{"taxonomy":"category","embeddable":true,"href":"https:\/\/www.jeanpierrevangorp.info\/site\/wp-json\/wp\/v2\/categories?post=28713"},{"taxonomy":"post_tag","embeddable":true,"href":"https:\/\/www.jeanpierrevangorp.info\/site\/wp-json\/wp\/v2\/tags?post=28713"}],"curies":[{"name":"wp","href":"https:\/\/api.w.org\/{rel}","templated":true}]}}