{"id":30097,"date":"2023-06-30T08:33:20","date_gmt":"2023-06-30T07:33:20","guid":{"rendered":"https:\/\/www.jeanpierrevangorp.info\/site\/?p=30097"},"modified":"2023-06-30T08:33:21","modified_gmt":"2023-06-30T07:33:21","slug":"sadik-koksal-quitte-defi-pour-le-mr","status":"publish","type":"post","link":"https:\/\/www.jeanpierrevangorp.info\/site\/sadik-koksal-quitte-defi-pour-le-mr\/","title":{"rendered":"Sadik Koksal quitte D\u00e9fi pour le MR"},"content":{"rendered":"<!--themify_builder_content-->\n<div id=\"themify_builder_content-30097\" data-postid=\"30097\" class=\"themify_builder_content themify_builder_content-30097 themify_builder tf_clear\">\n                    <div  data-lazy=\"1\" class=\"module_row themify_builder_row tb_9naf587 tb_first tf_w\">\n                        <div class=\"row_inner col_align_top tb_col_count_1 tf_box tf_rel\">\n                        <div  data-lazy=\"1\" class=\"module_column tb-column col-full tb_kb7u588 first\">\n                    <!-- module text -->\n<div  class=\"module module-text tb_a83z86   \" data-lazy=\"1\">\n        <div  class=\"tb_text_wrap\">\n        <p><img loading=\"lazy\" decoding=\"async\" class=\"aligncenter size-medium wp-image-30098\" src=\"https:\/\/www.jeanpierrevangorp.info\/site\/wp-content\/uploads\/2023\/06\/554115a4b17b5d91749423b82d02578e-1688096006-464x260.jpg\" alt=\"\" width=\"464\" height=\"260\" srcset=\"https:\/\/www.jeanpierrevangorp.info\/site\/wp-content\/uploads\/2023\/06\/554115a4b17b5d91749423b82d02578e-1688096006-464x260.jpg 464w, https:\/\/www.jeanpierrevangorp.info\/site\/wp-content\/uploads\/2023\/06\/554115a4b17b5d91749423b82d02578e-1688096006-768x431.jpg 768w, https:\/\/www.jeanpierrevangorp.info\/site\/wp-content\/uploads\/2023\/06\/554115a4b17b5d91749423b82d02578e-1688096006.jpg 770w\" sizes=\"(max-width: 464px) 100vw, 464px\" \/><\/p><p>Nouveau coup dur pour la <strong>Liste du Bourgmestre \u00e0 Schaerbeek.<\/strong> Le <strong>conseiller communal et d\u00e9put\u00e9 bruxellois Sadik Koksal<\/strong> quitte D\u00e9fi pour le MR.<\/p><p><strong>Sadik Koksal<\/strong> a \u00e9t\u00e9 \u00e9lu pour la premi\u00e8re fois en 2006 en tant que PRL sur la <strong>Liste du Bourgmestre<\/strong> conduite par<strong> Bernard Clerfayt<\/strong>. Il \u00e9tait ensuite Lib\u00e9ral schaerbeekois avant de passer chez D\u00e9fi.<\/p><p>Il a \u00e9t\u00e9<strong> \u00e9chevin de la Culture et de la Propret\u00e9 publiqu<\/strong>e. Lors des communales de 2018, il avait totalis\u00e9 le score de 2.177 voix, soit le troisi\u00e8me score toutes listes confondues apr\u00e8s <strong>Bernard Clerfayt (LB) et Hassan Koyuncu (PS).<\/strong><\/p><p>Dans les interviews accord\u00e9es \u00e0 la presse, <strong>Sadik Koksal<\/strong> \u00e9voque \u00ab\u00a0un <em>manque d\u2019\u00e9coute de la part de la D\u00e9FI des citoyens, manque d\u2019\u00e9coute des conseillers communaux de la majorit\u00e9 locale\u00a0\u00bb<\/em><\/p><p>Comme d&rsquo;autres \u00e9lus de la Liste du Bourgmestre, <strong>Sadik Koksal<\/strong> n&rsquo;\u00e9tait plus en phase avec l&rsquo;orientation politique notamment sur le plan Good Move. Cliquez <a href=\"https:\/\/www.rtbf.be\/article\/schaerbeek-le-depute-bruxellois-sadik-koksal-quitte-defi-et-rejoint-le-mr-11221115\">ici<\/a> pour lire l&rsquo;article de la RTBF.<\/p><p>Cette nouvelle d\u00e9fection apr\u00e8s celle de<strong> Kevin Likaj<\/strong> au CPAS, fait perdre \u00e0 la <strong>Liste du Bourgmestre<\/strong> l&rsquo;un de ses poids lourds et n&rsquo;arrangera rien au quorum de la majorit\u00e9 d&rsquo;ici les \u00e9lections d&rsquo;octobre 2024.<\/p>    <\/div>\n<\/div>\n<!-- \/module text -->        <\/div>\n                        <\/div>\n        <\/div>\n        <\/div>\n<!--\/themify_builder_content-->","protected":false},"excerpt":{"rendered":"<p>Nouveau coup dur pour la Liste du Bourgmestre \u00e0 Schaerbeek. Le conseiller communal et d\u00e9put\u00e9 bruxellois Sadik Koksal quitte D\u00e9fi pour le MR.Sadik Koksal a \u00e9t\u00e9 \u00e9lu pour la premi\u00e8re fois en 2006 en tant que PRL sur la Liste du Bourgmestre conduite par Bernard Clerfayt. Il \u00e9tait ensuite Lib\u00e9ral schaerbeekois avant de passer chez [&hellip;]<\/p>\n","protected":false},"author":1,"featured_media":0,"comment_status":"closed","ping_status":"closed","sticky":false,"template":"","format":"standard","meta":{"footnotes":""},"categories":[9,1],"tags":[],"class_list":["post-30097","post","type-post","status-publish","format-standard","hentry","category-actualites-schaerbeekoises","category-conseilcommunal","has-post-title","has-post-date","has-post-category","has-post-tag","has-post-comment","has-post-author",""],"builder_content":"<p><img loading=\"lazy\" decoding=\"async\" src=\"https:\/\/www.jeanpierrevangorp.info\/site\/wp-content\/uploads\/2023\/06\/554115a4b17b5d91749423b82d02578e-1688096006-464x260.jpg\" alt=\"\" width=\"464\" height=\"260\" srcset=\"https:\/\/www.jeanpierrevangorp.info\/site\/wp-content\/uploads\/2023\/06\/554115a4b17b5d91749423b82d02578e-1688096006-464x260.jpg 464w, https:\/\/www.jeanpierrevangorp.info\/site\/wp-content\/uploads\/2023\/06\/554115a4b17b5d91749423b82d02578e-1688096006-768x431.jpg 768w, https:\/\/www.jeanpierrevangorp.info\/site\/wp-content\/uploads\/2023\/06\/554115a4b17b5d91749423b82d02578e-1688096006.jpg 770w\" sizes=\"(max-width: 464px) 100vw, 464px\" \/><\/p><p>Nouveau coup dur pour la <strong>Liste du Bourgmestre \u00e0 Schaerbeek.<\/strong> Le <strong>conseiller communal et d\u00e9put\u00e9 bruxellois Sadik Koksal<\/strong> quitte D\u00e9fi pour le MR.<\/p><p><strong>Sadik Koksal<\/strong> a \u00e9t\u00e9 \u00e9lu pour la premi\u00e8re fois en 2006 en tant que PRL sur la <strong>Liste du Bourgmestre<\/strong> conduite par<strong> Bernard Clerfayt<\/strong>. Il \u00e9tait ensuite Lib\u00e9ral schaerbeekois avant de passer chez D\u00e9fi.<\/p><p>Il a \u00e9t\u00e9<strong> \u00e9chevin de la Culture et de la Propret\u00e9 publiqu<\/strong>e. Lors des communales de 2018, il avait totalis\u00e9 le score de 2.177 voix, soit le troisi\u00e8me score toutes listes confondues apr\u00e8s <strong>Bernard Clerfayt (LB) et Hassan Koyuncu (PS).<\/strong><\/p><p>Dans les interviews accord\u00e9es \u00e0 la presse, <strong>Sadik Koksal<\/strong> \u00e9voque \"un <em>manque d\u2019\u00e9coute de la part de la D\u00e9FI des citoyens, manque d\u2019\u00e9coute des conseillers communaux de la majorit\u00e9 locale\"<\/em><\/p><p>Comme d'autres \u00e9lus de la Liste du Bourgmestre, <strong>Sadik Koksal<\/strong> n'\u00e9tait plus en phase avec l'orientation politique notamment sur le plan Good Move. Cliquez <a href=\"https:\/\/www.rtbf.be\/article\/schaerbeek-le-depute-bruxellois-sadik-koksal-quitte-defi-et-rejoint-le-mr-11221115\">ici<\/a> pour lire l'article de la RTBF.<\/p><p>Cette nouvelle d\u00e9fection apr\u00e8s celle de<strong> Kevin Likaj<\/strong> au CPAS, fait perdre \u00e0 la <strong>Liste du Bourgmestre<\/strong> l'un de ses poids lourds et n'arrangera rien au quorum de la majorit\u00e9 d'ici les \u00e9lections d'octobre 2024.<\/p>","_links":{"self":[{"href":"https:\/\/www.jeanpierrevangorp.info\/site\/wp-json\/wp\/v2\/posts\/30097"}],"collection":[{"href":"https:\/\/www.jeanpierrevangorp.info\/site\/wp-json\/wp\/v2\/posts"}],"about":[{"href":"https:\/\/www.jeanpierrevangorp.info\/site\/wp-json\/wp\/v2\/types\/post"}],"author":[{"embeddable":true,"href":"https:\/\/www.jeanpierrevangorp.info\/site\/wp-json\/wp\/v2\/users\/1"}],"replies":[{"embeddable":true,"href":"https:\/\/www.jeanpierrevangorp.info\/site\/wp-json\/wp\/v2\/comments?post=30097"}],"version-history":[{"count":1,"href":"https:\/\/www.jeanpierrevangorp.info\/site\/wp-json\/wp\/v2\/posts\/30097\/revisions"}],"predecessor-version":[{"id":30099,"href":"https:\/\/www.jeanpierrevangorp.info\/site\/wp-json\/wp\/v2\/posts\/30097\/revisions\/30099"}],"wp:attachment":[{"href":"https:\/\/www.jeanpierrevangorp.info\/site\/wp-json\/wp\/v2\/media?parent=30097"}],"wp:term":[{"taxonomy":"category","embeddable":true,"href":"https:\/\/www.jeanpierrevangorp.info\/site\/wp-json\/wp\/v2\/categories?post=30097"},{"taxonomy":"post_tag","embeddable":true,"href":"https:\/\/www.jeanpierrevangorp.info\/site\/wp-json\/wp\/v2\/tags?post=30097"}],"curies":[{"name":"wp","href":"https:\/\/api.w.org\/{rel}","templated":true}]}}