{"id":30174,"date":"2023-09-28T09:28:24","date_gmt":"2023-09-28T08:28:24","guid":{"rendered":"https:\/\/www.jeanpierrevangorp.info\/site\/?p=30174"},"modified":"2023-09-29T09:31:03","modified_gmt":"2023-09-29T08:31:03","slug":"le-conseil-communal-sest-enfin-tenu-avec-lappoint-de-lopposition","status":"publish","type":"post","link":"https:\/\/www.jeanpierrevangorp.info\/site\/le-conseil-communal-sest-enfin-tenu-avec-lappoint-de-lopposition\/","title":{"rendered":"Le Conseil communal s&rsquo;est enfin tenu avec l&rsquo;appoint de l&rsquo;opposition"},"content":{"rendered":"<!--themify_builder_content-->\n<div id=\"themify_builder_content-30174\" data-postid=\"30174\" class=\"themify_builder_content themify_builder_content-30174 themify_builder tf_clear\">\n                    <div  data-lazy=\"1\" class=\"module_row themify_builder_row tb_jyra568 tb_first tf_w\">\n                        <div class=\"row_inner col_align_top tb_col_count_1 tf_box tf_rel\">\n                        <div  data-lazy=\"1\" class=\"module_column tb-column col-full tb_byho569 first\">\n                    <!-- module text -->\n<div  class=\"module module-text tb_mdwn979   \" data-lazy=\"1\">\n        <div  class=\"tb_text_wrap\">\n        <p><img loading=\"lazy\" decoding=\"async\" class=\"aligncenter size-medium wp-image-30175\" src=\"https:\/\/www.jeanpierrevangorp.info\/site\/wp-content\/uploads\/2023\/09\/10301050_A001_P01-434x464.jpg\" alt=\"\" width=\"434\" height=\"464\" srcset=\"https:\/\/www.jeanpierrevangorp.info\/site\/wp-content\/uploads\/2023\/09\/10301050_A001_P01-434x464.jpg 434w, https:\/\/www.jeanpierrevangorp.info\/site\/wp-content\/uploads\/2023\/09\/10301050_A001_P01-957x1024.jpg 957w, https:\/\/www.jeanpierrevangorp.info\/site\/wp-content\/uploads\/2023\/09\/10301050_A001_P01-768x822.jpg 768w, https:\/\/www.jeanpierrevangorp.info\/site\/wp-content\/uploads\/2023\/09\/10301050_A001_P01.jpg 1402w\" sizes=\"(max-width: 434px) 100vw, 434px\" \/><\/p><p>Le <strong>Conseil communal<\/strong> s\u2019est finalement bien tenu ce <strong>27 septembre 2023.<\/strong> \u00a0Mais la <strong>\u00ab\u00a0majorit\u00e9\u00a0\u00bb Liste du Bourgmestre\/Ecolo Groen<\/strong> n\u2019a plus sur papier de majorit\u00e9.<\/p><p>Le <strong>conseiller communal Bernard Guillaume<\/strong> a annonc\u00e9 son d\u00e9part de la<strong> Liste du Bourgmestre<\/strong> pour rejoindre le<strong> MR schaerbeekois.<\/strong><\/p><p>La \u00ab\u00a0majorit\u00e9\u00a0\u00bb est donc \u00e0 24 sur 47 mais<strong> Michel De Herde, \u00e9chevin de l\u2019Enseignement et des Cr\u00e8ches (LB)<\/strong> est en retrait suite \u00e0 son inculpation et dans l\u2019attente de la suite du dossier.<\/p><p><strong>L\u2019opposition PS-Les engag\u00e9s-MR et PTB<\/strong> ont marqu\u00e9 leur accord pour ne plus quitter les prochaines s\u00e9ances et faire ainsi l\u2019appoint afin de permettre la bonne tenue des dossiers de l\u2019Administration. La <strong>Liste du Bourgmestre et Ecolo-Groen<\/strong> s\u2019engageant de leur c\u00f4t\u00e9 \u00e0 geler tous leurs grands projets.<\/p>    <\/div>\n<\/div>\n<!-- \/module text -->        <\/div>\n                        <\/div>\n        <\/div>\n        <\/div>\n<!--\/themify_builder_content-->","protected":false},"excerpt":{"rendered":"<p>Le Conseil communal s\u2019est finalement bien tenu ce 27 septembre 2023. \u00a0Mais la \u00ab\u00a0majorit\u00e9\u00a0\u00bb Liste du Bourgmestre\/Ecolo Groen n\u2019a plus sur papier de majorit\u00e9.Le conseiller communal Bernard Guillaume a annonc\u00e9 son d\u00e9part de la Liste du Bourgmestre pour rejoindre le MR schaerbeekois.La \u00ab\u00a0majorit\u00e9\u00a0\u00bb est donc \u00e0 24 sur 47 mais Michel De Herde, \u00e9chevin de [&hellip;]<\/p>\n","protected":false},"author":1,"featured_media":0,"comment_status":"closed","ping_status":"closed","sticky":false,"template":"","format":"standard","meta":{"footnotes":""},"categories":[9,1],"tags":[],"class_list":["post-30174","post","type-post","status-publish","format-standard","hentry","category-actualites-schaerbeekoises","category-conseilcommunal","has-post-title","has-post-date","has-post-category","has-post-tag","has-post-comment","has-post-author",""],"builder_content":"<p><img loading=\"lazy\" decoding=\"async\" src=\"https:\/\/www.jeanpierrevangorp.info\/site\/wp-content\/uploads\/2023\/09\/10301050_A001_P01-434x464.jpg\" alt=\"\" width=\"434\" height=\"464\" srcset=\"https:\/\/www.jeanpierrevangorp.info\/site\/wp-content\/uploads\/2023\/09\/10301050_A001_P01-434x464.jpg 434w, https:\/\/www.jeanpierrevangorp.info\/site\/wp-content\/uploads\/2023\/09\/10301050_A001_P01-957x1024.jpg 957w, https:\/\/www.jeanpierrevangorp.info\/site\/wp-content\/uploads\/2023\/09\/10301050_A001_P01-768x822.jpg 768w, https:\/\/www.jeanpierrevangorp.info\/site\/wp-content\/uploads\/2023\/09\/10301050_A001_P01.jpg 1402w\" sizes=\"(max-width: 434px) 100vw, 434px\" \/><\/p><p>Le <strong>Conseil communal<\/strong> s\u2019est finalement bien tenu ce <strong>27 septembre 2023.<\/strong> \u00a0Mais la <strong>\u00ab\u00a0majorit\u00e9\u00a0\u00bb Liste du Bourgmestre\/Ecolo Groen<\/strong> n\u2019a plus sur papier de majorit\u00e9.<\/p><p>Le <strong>conseiller communal Bernard Guillaume<\/strong> a annonc\u00e9 son d\u00e9part de la<strong> Liste du Bourgmestre<\/strong> pour rejoindre le<strong> MR schaerbeekois.<\/strong><\/p><p>La \u00ab\u00a0majorit\u00e9\u00a0\u00bb est donc \u00e0 24 sur 47 mais<strong> Michel De Herde, \u00e9chevin de l\u2019Enseignement et des Cr\u00e8ches (LB)<\/strong> est en retrait suite \u00e0 son inculpation et dans l\u2019attente de la suite du dossier.<\/p><p><strong>L\u2019opposition PS-Les engag\u00e9s-MR et PTB<\/strong> ont marqu\u00e9 leur accord pour ne plus quitter les prochaines s\u00e9ances et faire ainsi l\u2019appoint afin de permettre la bonne tenue des dossiers de l\u2019Administration. La <strong>Liste du Bourgmestre et Ecolo-Groen<\/strong> s\u2019engageant de leur c\u00f4t\u00e9 \u00e0 geler tous leurs grands projets.<\/p>","_links":{"self":[{"href":"https:\/\/www.jeanpierrevangorp.info\/site\/wp-json\/wp\/v2\/posts\/30174"}],"collection":[{"href":"https:\/\/www.jeanpierrevangorp.info\/site\/wp-json\/wp\/v2\/posts"}],"about":[{"href":"https:\/\/www.jeanpierrevangorp.info\/site\/wp-json\/wp\/v2\/types\/post"}],"author":[{"embeddable":true,"href":"https:\/\/www.jeanpierrevangorp.info\/site\/wp-json\/wp\/v2\/users\/1"}],"replies":[{"embeddable":true,"href":"https:\/\/www.jeanpierrevangorp.info\/site\/wp-json\/wp\/v2\/comments?post=30174"}],"version-history":[{"count":1,"href":"https:\/\/www.jeanpierrevangorp.info\/site\/wp-json\/wp\/v2\/posts\/30174\/revisions"}],"predecessor-version":[{"id":30176,"href":"https:\/\/www.jeanpierrevangorp.info\/site\/wp-json\/wp\/v2\/posts\/30174\/revisions\/30176"}],"wp:attachment":[{"href":"https:\/\/www.jeanpierrevangorp.info\/site\/wp-json\/wp\/v2\/media?parent=30174"}],"wp:term":[{"taxonomy":"category","embeddable":true,"href":"https:\/\/www.jeanpierrevangorp.info\/site\/wp-json\/wp\/v2\/categories?post=30174"},{"taxonomy":"post_tag","embeddable":true,"href":"https:\/\/www.jeanpierrevangorp.info\/site\/wp-json\/wp\/v2\/tags?post=30174"}],"curies":[{"name":"wp","href":"https:\/\/api.w.org\/{rel}","templated":true}]}}